{"id":12950,"date":"2024-02-07T14:16:56","date_gmt":"2024-02-07T14:16:56","guid":{"rendered":"https:\/\/www.smiledesigncenter.hu\/?p=12950"},"modified":"2024-02-07T14:56:54","modified_gmt":"2024-02-07T14:56:54","slug":"12950","status":"publish","type":"post","link":"https:\/\/www.smiledesigncenter.hu\/de\/2024\/02\/07\/12950\/","title":{"rendered":"A fog\u00e1szat s\u00f6t\u00e9t m\u00faltj\u00e1b\u00f3l szemezgett\u00fcnk"},"content":{"rendered":"<!-- Facebook Like Button Vivacity Infotech BEGIN -->\n<div class=\"fb-like\" data-href=\"https:\/\/www.smiledesigncenter.hu\/de\/2024\/02\/07\/12950\/\" data-layout=\"standard\" data-action=\"recommend\" data-show-faces=\"false\" data-size=\"small\" data-width=\"450\" data-share=\"1\" ><\/div>\n<!-- Facebook Like Button Vivacity Infotech END -->\n<p>M\u00edg a fogorvoshoz j\u00e1r\u00e1s olyasvalami, amit\u0151l sokan rettegnek, f\u00e9lelmeink nem lehetnek semmik ahhoz k\u00e9pest, amivel a m\u00faltban az embereknek meg kellett k\u00fczdeni\u00fck. A fog\u00e1szat t\u00f6rt\u00e9nete val\u00f3ban felt\u00e1r n\u00e9h\u00e1ny eg\u00e9szen f\u00e9lelmetes gyakorlatot.<\/p>\n<p>\u00c9vsz\u00e1zadokon \u00e1t a fog\u00e1szat szakk\u00e9pzett munk\u00e1sok munk\u00e1ja volt, nem magasan k\u00e9pzett orvosok\u00e9. A k\u00f6z\u00e9pkori Eur\u00f3p\u00e1ban p\u00e9ld\u00e1ul sz\u00e1mos fog\u00e1szati beavatkoz\u00e1st borb\u00e9ly-seb\u00e9szek, orvosok v\u00e9geztek, akik borotv\u00e1lt\u00e1k a szerzetesek fej\u00e9t, \u00e9s szaktud\u00e1sukat peng\u00e9vel kamatoztatt\u00e1k, hogy a seb\u00e9szeti beavatkoz\u00e1sokb\u00f3l is profitot termeljenek. Ezen elj\u00e1r\u00e1sok hal\u00e1loz\u00e1si ar\u00e1nya v\u00e1rhat\u00f3an magas volt.<\/p>\n<div id='gallery-1' class='gallery galleryid-5476 gallery-columns-1 gallery-size-large'><figure class='gallery-item'>\n\t\t\t<div class='gallery-icon landscape'>\n\t\t\t\t<a href='https:\/\/www.smiledesigncenter.hu\/de\/2024\/02\/07\/12950\/a-fogaszati-munka-fajdalmasnak-tunik-1905-2\/'><img width=\"800\" height=\"773\" src=\"https:\/\/www.smiledesigncenter.hu\/wp-content\/uploads\/2024\/02\/\u2013-A-fogaszati-\u200b\u200bmunka-fajdalmasnak-tunik.-1905.webp\" class=\"attachment-large size-large\" alt=\"\" decoding=\"async\" aria-describedby=\"gallery-1-12951\" loading=\"lazy\" srcset=\"https:\/\/www.smiledesigncenter.hu\/wp-content\/uploads\/2024\/02\/\u2013-A-fogaszati-\u200b\u200bmunka-fajdalmasnak-tunik.-1905.webp 800w, https:\/\/www.smiledesigncenter.hu\/wp-content\/uploads\/2024\/02\/\u2013-A-fogaszati-\u200b\u200bmunka-fajdalmasnak-tunik.-1905-300x290.webp 300w, https:\/\/www.smiledesigncenter.hu\/wp-content\/uploads\/2024\/02\/\u2013-A-fogaszati-\u200b\u200bmunka-fajdalmasnak-tunik.-1905-12x12.webp 12w\" sizes=\"(max-width: 800px) 100vw, 800px\" \/><\/a>\n\t\t\t<\/div>\n\t\t\t\t<figcaption class='wp-caption-text gallery-caption' id='gallery-1-12951'>\n\t\t\t\t\u2013 A fog\u00e1szati \u200b\u200bmunka f\u00e1jdalmasnak t\u0171nik. 1905.\n\t\t\t\t<\/figcaption><\/figure><figure class='gallery-item'>\n\t\t\t<div class='gallery-icon landscape'>\n\t\t\t\t<a href='https:\/\/www.smiledesigncenter.hu\/de\/2024\/02\/07\/12950\/a-del-olaszorszagi-teanoban-talalt-romai-fogaszati-hid-masolata-ezeket-a-rogtonzott-fogsorokat-masok-fogaival-keszitettek-2\/'><img width=\"900\" height=\"604\" src=\"https:\/\/www.smiledesigncenter.hu\/wp-content\/uploads\/2024\/02\/A-del-olaszorszagi-Teanoban-talalt-romai-fogaszati-\u200b\u200bhid-masolata.-Ezeket-a-rogtonzott-fogsorokat-masok-fogaival-keszitettek.webp\" class=\"attachment-large size-large\" alt=\"\" decoding=\"async\" aria-describedby=\"gallery-1-12952\" loading=\"lazy\" srcset=\"https:\/\/www.smiledesigncenter.hu\/wp-content\/uploads\/2024\/02\/A-del-olaszorszagi-Teanoban-talalt-romai-fogaszati-\u200b\u200bhid-masolata.-Ezeket-a-rogtonzott-fogsorokat-masok-fogaival-keszitettek.webp 900w, https:\/\/www.smiledesigncenter.hu\/wp-content\/uploads\/2024\/02\/A-del-olaszorszagi-Teanoban-talalt-romai-fogaszati-\u200b\u200bhid-masolata.-Ezeket-a-rogtonzott-fogsorokat-masok-fogaival-keszitettek-300x201.webp 300w, https:\/\/www.smiledesigncenter.hu\/wp-content\/uploads\/2024\/02\/A-del-olaszorszagi-Teanoban-talalt-romai-fogaszati-\u200b\u200bhid-masolata.-Ezeket-a-rogtonzott-fogsorokat-masok-fogaival-keszitettek-18x12.webp 18w\" sizes=\"(max-width: 900px) 100vw, 900px\" \/><\/a>\n\t\t\t<\/div>\n\t\t\t\t<figcaption class='wp-caption-text gallery-caption' id='gallery-1-12952'>\n\t\t\t\tA d\u00e9l-olaszorsz\u00e1gi Teanoban tal\u00e1lt r\u00f3mai fog\u00e1szati \u200b\u200bh\u00edd m\u00e1solata. Ezeket a r\u00f6gt\u00f6nz\u00f6tt fogsorokat m\u00e1sok fogaival k\u00e9sz\u00edtett\u00e9k.\n\t\t\t\t<\/figcaption><\/figure><figure class='gallery-item'>\n\t\t\t<div class='gallery-icon portrait'>\n\t\t\t\t<a href='https:\/\/www.smiledesigncenter.hu\/de\/2024\/02\/07\/12950\/a-fogorvos-a-szinpadon-kihuzza-a-fogat-a-paciensbol-1817-2\/'><img width=\"600\" height=\"778\" src=\"https:\/\/www.smiledesigncenter.hu\/wp-content\/uploads\/2024\/02\/A-fogorvos-a-szinpadon-kihuzza-a-fogat-a-paciensbol.-1817.jpg\" class=\"attachment-large size-large\" alt=\"\" decoding=\"async\" aria-describedby=\"gallery-1-12953\" loading=\"lazy\" srcset=\"https:\/\/www.smiledesigncenter.hu\/wp-content\/uploads\/2024\/02\/A-fogorvos-a-szinpadon-kihuzza-a-fogat-a-paciensbol.-1817.jpg 600w, https:\/\/www.smiledesigncenter.hu\/wp-content\/uploads\/2024\/02\/A-fogorvos-a-szinpadon-kihuzza-a-fogat-a-paciensbol.-1817-231x300.jpg 231w, https:\/\/www.smiledesigncenter.hu\/wp-content\/uploads\/2024\/02\/A-fogorvos-a-szinpadon-kihuzza-a-fogat-a-paciensbol.-1817-9x12.jpg 9w, https:\/\/www.smiledesigncenter.hu\/wp-content\/uploads\/2024\/02\/A-fogorvos-a-szinpadon-kihuzza-a-fogat-a-paciensbol.-1817-400x520.jpg 400w\" sizes=\"(max-width: 600px) 100vw, 600px\" \/><\/a>\n\t\t\t<\/div>\n\t\t\t\t<figcaption class='wp-caption-text gallery-caption' id='gallery-1-12953'>\n\t\t\t\tA fogorvos a sz\u00ednpadon kih\u00fazza a fogat a p\u00e1ciensb\u0151l. 1817.\n\t\t\t\t<\/figcaption><\/figure><figure class='gallery-item'>\n\t\t\t<div class='gallery-icon portrait'>\n\t\t\t\t<a href='https:\/\/www.smiledesigncenter.hu\/de\/2024\/02\/07\/12950\/a-fogszabalyozasi-kezelest-bemutato-tankonyvi-kep-1906-2\/'><img width=\"600\" height=\"870\" src=\"https:\/\/www.smiledesigncenter.hu\/wp-content\/uploads\/2024\/02\/A-fogszabalyozasi-kezelest-bemutato-tankonyvi-kep.-1906.jpg\" class=\"attachment-large size-large\" alt=\"\" decoding=\"async\" aria-describedby=\"gallery-1-12954\" loading=\"lazy\" srcset=\"https:\/\/www.smiledesigncenter.hu\/wp-content\/uploads\/2024\/02\/A-fogszabalyozasi-kezelest-bemutato-tankonyvi-kep.-1906.jpg 600w, https:\/\/www.smiledesigncenter.hu\/wp-content\/uploads\/2024\/02\/A-fogszabalyozasi-kezelest-bemutato-tankonyvi-kep.-1906-207x300.jpg 207w, https:\/\/www.smiledesigncenter.hu\/wp-content\/uploads\/2024\/02\/A-fogszabalyozasi-kezelest-bemutato-tankonyvi-kep.-1906-8x12.jpg 8w\" sizes=\"(max-width: 600px) 100vw, 600px\" \/><\/a>\n\t\t\t<\/div>\n\t\t\t\t<figcaption class='wp-caption-text gallery-caption' id='gallery-1-12954'>\n\t\t\t\tA fogszab\u00e1lyoz\u00e1si kezel\u00e9st bemutat\u00f3 tank\u00f6nyvi k\u00e9p. 1906.\n\t\t\t\t<\/figcaption><\/figure><figure class='gallery-item'>\n\t\t\t<div class='gallery-icon landscape'>\n\t\t\t\t<a href='https:\/\/www.smiledesigncenter.hu\/de\/2024\/02\/07\/12950\/acelmetszet-amely-a-folyamatban-levo-foghuzast-mutatja-datum-nincs-megadva-2\/'><img width=\"900\" height=\"630\" src=\"https:\/\/www.smiledesigncenter.hu\/wp-content\/uploads\/2024\/02\/Acelmetszet-amely-a-folyamatban-levo-foghuzast-mutatja.-Datum-nincs-megadva.jpg\" class=\"attachment-large size-large\" alt=\"\" decoding=\"async\" aria-describedby=\"gallery-1-12955\" loading=\"lazy\" srcset=\"https:\/\/www.smiledesigncenter.hu\/wp-content\/uploads\/2024\/02\/Acelmetszet-amely-a-folyamatban-levo-foghuzast-mutatja.-Datum-nincs-megadva.jpg 900w, https:\/\/www.smiledesigncenter.hu\/wp-content\/uploads\/2024\/02\/Acelmetszet-amely-a-folyamatban-levo-foghuzast-mutatja.-Datum-nincs-megadva-300x210.jpg 300w, https:\/\/www.smiledesigncenter.hu\/wp-content\/uploads\/2024\/02\/Acelmetszet-amely-a-folyamatban-levo-foghuzast-mutatja.-Datum-nincs-megadva-18x12.jpg 18w, https:\/\/www.smiledesigncenter.hu\/wp-content\/uploads\/2024\/02\/Acelmetszet-amely-a-folyamatban-levo-foghuzast-mutatja.-Datum-nincs-megadva-370x260.jpg 370w\" sizes=\"(max-width: 900px) 100vw, 900px\" \/><\/a>\n\t\t\t<\/div>\n\t\t\t\t<figcaption class='wp-caption-text gallery-caption' id='gallery-1-12955'>\n\t\t\t\tAc\u00e9lmetszet, amely a folyamatban l\u00e9v\u0151 fogh\u00faz\u00e1st mutatja. D\u00e1tum nincs megadva.\n\t\t\t\t<\/figcaption><\/figure><figure class='gallery-item'>\n\t\t\t<div class='gallery-icon portrait'>\n\t\t\t\t<a href='https:\/\/www.smiledesigncenter.hu\/de\/2024\/02\/07\/12950\/anya-kihuzza-a-fia-rossz-fogat-1897-2\/'><img width=\"800\" height=\"809\" src=\"https:\/\/www.smiledesigncenter.hu\/wp-content\/uploads\/2024\/02\/Anya-kihuzza-a-fia-rossz-fogat.-1897.jpg\" class=\"attachment-large size-large\" alt=\"\" decoding=\"async\" aria-describedby=\"gallery-1-12956\" loading=\"lazy\" srcset=\"https:\/\/www.smiledesigncenter.hu\/wp-content\/uploads\/2024\/02\/Anya-kihuzza-a-fia-rossz-fogat.-1897.jpg 800w, https:\/\/www.smiledesigncenter.hu\/wp-content\/uploads\/2024\/02\/Anya-kihuzza-a-fia-rossz-fogat.-1897-297x300.jpg 297w, https:\/\/www.smiledesigncenter.hu\/wp-content\/uploads\/2024\/02\/Anya-kihuzza-a-fia-rossz-fogat.-1897-12x12.jpg 12w\" sizes=\"(max-width: 800px) 100vw, 800px\" \/><\/a>\n\t\t\t<\/div>\n\t\t\t\t<figcaption class='wp-caption-text gallery-caption' id='gallery-1-12956'>\n\t\t\t\tAnya kih\u00fazza a fia rossz fog\u00e1t. 1897.\n\t\t\t\t<\/figcaption><\/figure><figure class='gallery-item'>\n\t\t\t<div class='gallery-icon landscape'>\n\t\t\t\t<a href='https:\/\/www.smiledesigncenter.hu\/de\/2024\/02\/07\/12950\/az-amerikai-hadsereg-fogorvosa-kihuzza-a-fogat-a-spanyol-amerikai-haboru-alatt-1898-2\/'><img width=\"900\" height=\"492\" src=\"https:\/\/www.smiledesigncenter.hu\/wp-content\/uploads\/2024\/02\/Az-amerikai-hadsereg-fogorvosa-kihuzza-a-fogat-a-spanyol-amerikai-haboru-alatt.-1898.jpg\" class=\"attachment-large size-large\" alt=\"\" decoding=\"async\" aria-describedby=\"gallery-1-12957\" loading=\"lazy\" srcset=\"https:\/\/www.smiledesigncenter.hu\/wp-content\/uploads\/2024\/02\/Az-amerikai-hadsereg-fogorvosa-kihuzza-a-fogat-a-spanyol-amerikai-haboru-alatt.-1898.jpg 900w, https:\/\/www.smiledesigncenter.hu\/wp-content\/uploads\/2024\/02\/Az-amerikai-hadsereg-fogorvosa-kihuzza-a-fogat-a-spanyol-amerikai-haboru-alatt.-1898-300x164.jpg 300w, https:\/\/www.smiledesigncenter.hu\/wp-content\/uploads\/2024\/02\/Az-amerikai-hadsereg-fogorvosa-kihuzza-a-fogat-a-spanyol-amerikai-haboru-alatt.-1898-18x10.jpg 18w, https:\/\/www.smiledesigncenter.hu\/wp-content\/uploads\/2024\/02\/Az-amerikai-hadsereg-fogorvosa-kihuzza-a-fogat-a-spanyol-amerikai-haboru-alatt.-1898-220x120.jpg 220w\" sizes=\"(max-width: 900px) 100vw, 900px\" \/><\/a>\n\t\t\t<\/div>\n\t\t\t\t<figcaption class='wp-caption-text gallery-caption' id='gallery-1-12957'>\n\t\t\t\tAz amerikai hadsereg fogorvosa kih\u00fazza a fog\u00e1t a spanyol-amerikai h\u00e1bor\u00fa alatt. 1898.\n\t\t\t\t<\/figcaption><\/figure><figure class='gallery-item'>\n\t\t\t<div class='gallery-icon landscape'>\n\t\t\t\t<a href='https:\/\/www.smiledesigncenter.hu\/de\/2024\/02\/07\/12950\/az-amerikai-parti-orseg-szemelyzete-orvosi-es-fogaszati-ellatast-nyujt-az-alaszkai-bennszulotteknek-az-elszigetelt-stebbins-faluban-es-kihuzza-a-fogat-az-egyik-bennszulott-nonek-19-2\/'><img width=\"800\" height=\"649\" src=\"https:\/\/www.smiledesigncenter.hu\/wp-content\/uploads\/2024\/02\/Az-amerikai-parti-orseg-szemelyzete-orvosi-es-fogaszati-\u200b\u200bellatast-nyujt-az-alaszkai-bennszulotteknek-az-elszigetelt-Stebbins-faluban-es-kihuzza-a-fogat-az-egyik-bennszulott-nonek.-1950.jpg\" class=\"attachment-large size-large\" alt=\"\" decoding=\"async\" aria-describedby=\"gallery-1-12958\" loading=\"lazy\" srcset=\"https:\/\/www.smiledesigncenter.hu\/wp-content\/uploads\/2024\/02\/Az-amerikai-parti-orseg-szemelyzete-orvosi-es-fogaszati-\u200b\u200bellatast-nyujt-az-alaszkai-bennszulotteknek-az-elszigetelt-Stebbins-faluban-es-kihuzza-a-fogat-az-egyik-bennszulott-nonek.-1950.jpg 800w, https:\/\/www.smiledesigncenter.hu\/wp-content\/uploads\/2024\/02\/Az-amerikai-parti-orseg-szemelyzete-orvosi-es-fogaszati-\u200b\u200bellatast-nyujt-az-alaszkai-bennszulotteknek-az-elszigetelt-Stebbins-faluban-es-kihuzza-a-fogat-az-egyik-bennszulott-nonek.-1950-300x243.jpg 300w, https:\/\/www.smiledesigncenter.hu\/wp-content\/uploads\/2024\/02\/Az-amerikai-parti-orseg-szemelyzete-orvosi-es-fogaszati-\u200b\u200bellatast-nyujt-az-alaszkai-bennszulotteknek-az-elszigetelt-Stebbins-faluban-es-kihuzza-a-fogat-az-egyik-bennszulott-nonek.-1950-15x12.jpg 15w\" sizes=\"(max-width: 800px) 100vw, 800px\" \/><\/a>\n\t\t\t<\/div>\n\t\t\t\t<figcaption class='wp-caption-text gallery-caption' id='gallery-1-12958'>\n\t\t\t\tAz amerikai parti \u0151rs\u00e9g szem\u00e9lyzete orvosi \u00e9s fog\u00e1szati \u200b\u200bell\u00e1t\u00e1st ny\u00fajt az alaszkai bennsz\u00fcl\u00f6tteknek az elszigetelt Stebbins faluban, \u00e9s kih\u00fazza a fog\u00e1t az egyik bennsz\u00fcl\u00f6tt n\u0151nek. 1950.\n\t\t\t\t<\/figcaption><\/figure><figure class='gallery-item'>\n\t\t\t<div class='gallery-icon portrait'>\n\t\t\t\t<a href='https:\/\/www.smiledesigncenter.hu\/de\/2024\/02\/07\/12950\/az-us-dentist-corp-betegeken-dolgozo-szemelyzete-datum-nincs-megadva-2\/'><img width=\"600\" height=\"748\" src=\"https:\/\/www.smiledesigncenter.hu\/wp-content\/uploads\/2024\/02\/Az-US-Dentist-Corp-betegeken-dolgozo-szemelyzete.-Datum-nincs-megadva.jpg\" class=\"attachment-large size-large\" alt=\"\" decoding=\"async\" aria-describedby=\"gallery-1-12959\" loading=\"lazy\" srcset=\"https:\/\/www.smiledesigncenter.hu\/wp-content\/uploads\/2024\/02\/Az-US-Dentist-Corp-betegeken-dolgozo-szemelyzete.-Datum-nincs-megadva.jpg 600w, https:\/\/www.smiledesigncenter.hu\/wp-content\/uploads\/2024\/02\/Az-US-Dentist-Corp-betegeken-dolgozo-szemelyzete.-Datum-nincs-megadva-241x300.jpg 241w, https:\/\/www.smiledesigncenter.hu\/wp-content\/uploads\/2024\/02\/Az-US-Dentist-Corp-betegeken-dolgozo-szemelyzete.-Datum-nincs-megadva-10x12.jpg 10w\" sizes=\"(max-width: 600px) 100vw, 600px\" \/><\/a>\n\t\t\t<\/div>\n\t\t\t\t<figcaption class='wp-caption-text gallery-caption' id='gallery-1-12959'>\n\t\t\t\tAz US Dentist Corp betegeken dolgoz\u00f3 szem\u00e9lyzete. D\u00e1tum nincs megadva.\n\t\t\t\t<\/figcaption><\/figure><figure class='gallery-item'>\n\t\t\t<div class='gallery-icon portrait'>\n\t\t\t\t<a href='https:\/\/www.smiledesigncenter.hu\/de\/2024\/02\/07\/12950\/dr-shiffman-hirdetese-ha-ha-kicsit-sem-fajt-all-a-hirdetesben-2\/'><img width=\"451\" height=\"590\" src=\"https:\/\/www.smiledesigncenter.hu\/wp-content\/uploads\/2024\/02\/Dr.-Shiffman-hirdetese.-Ha-ha-kicsit-sem-fajt-all-a-hirdetesben.jpg\" class=\"attachment-large size-large\" alt=\"\" decoding=\"async\" aria-describedby=\"gallery-1-12960\" loading=\"lazy\" srcset=\"https:\/\/www.smiledesigncenter.hu\/wp-content\/uploads\/2024\/02\/Dr.-Shiffman-hirdetese.-Ha-ha-kicsit-sem-fajt-all-a-hirdetesben.jpg 451w, https:\/\/www.smiledesigncenter.hu\/wp-content\/uploads\/2024\/02\/Dr.-Shiffman-hirdetese.-Ha-ha-kicsit-sem-fajt-all-a-hirdetesben-229x300.jpg 229w, https:\/\/www.smiledesigncenter.hu\/wp-content\/uploads\/2024\/02\/Dr.-Shiffman-hirdetese.-Ha-ha-kicsit-sem-fajt-all-a-hirdetesben-9x12.jpg 9w\" sizes=\"(max-width: 451px) 100vw, 451px\" \/><\/a>\n\t\t\t<\/div>\n\t\t\t\t<figcaption class='wp-caption-text gallery-caption' id='gallery-1-12960'>\n\t\t\t\tDr. Shiffman hirdet\u00e9se. Ha-ha kicsit sem f\u00e1jt, \u00e1ll a hirdet\u00e9sben.\n\t\t\t\t<\/figcaption><\/figure><figure class='gallery-item'>\n\t\t\t<div class='gallery-icon portrait'>\n\t\t\t\t<a href='https:\/\/www.smiledesigncenter.hu\/de\/2024\/02\/07\/12950\/egy-12-eves-orokletes-szifiliszben-szenvedo-fiu-fogai-1912-2\/'><img width=\"600\" height=\"790\" src=\"https:\/\/www.smiledesigncenter.hu\/wp-content\/uploads\/2024\/02\/Egy-12-eves-orokletes-szifiliszben-szenvedo-fiu-fogai.-1912.jpg\" class=\"attachment-large size-large\" alt=\"\" decoding=\"async\" aria-describedby=\"gallery-1-12962\" loading=\"lazy\" srcset=\"https:\/\/www.smiledesigncenter.hu\/wp-content\/uploads\/2024\/02\/Egy-12-eves-orokletes-szifiliszben-szenvedo-fiu-fogai.-1912.jpg 600w, https:\/\/www.smiledesigncenter.hu\/wp-content\/uploads\/2024\/02\/Egy-12-eves-orokletes-szifiliszben-szenvedo-fiu-fogai.-1912-228x300.jpg 228w, https:\/\/www.smiledesigncenter.hu\/wp-content\/uploads\/2024\/02\/Egy-12-eves-orokletes-szifiliszben-szenvedo-fiu-fogai.-1912-9x12.jpg 9w\" sizes=\"(max-width: 600px) 100vw, 600px\" \/><\/a>\n\t\t\t<\/div>\n\t\t\t\t<figcaption class='wp-caption-text gallery-caption' id='gallery-1-12962'>\n\t\t\t\tEgy 12 \u00e9ves, \u00f6r\u00f6kletes szifiliszben szenved\u0151 fi\u00fa fogai. 1912.\n\t\t\t\t<\/figcaption><\/figure><figure class='gallery-item'>\n\t\t\t<div class='gallery-icon landscape'>\n\t\t\t\t<a href='https:\/\/www.smiledesigncenter.hu\/de\/2024\/02\/07\/12950\/egy-afrikai-fogorvos-olyan-mutetet-hajt-vegre-egy-paciensen-akit-fapalcaval-tart-vissza-datum-nincs-megadva-2\/'><img width=\"900\" height=\"777\" src=\"https:\/\/www.smiledesigncenter.hu\/wp-content\/uploads\/2024\/02\/Egy-afrikai-fogorvos-olyan-mutetet-hajt-vegre-egy-paciensen-akit-fapalcaval-tart-vissza.-Datum-nincs-megadva.jpg\" class=\"attachment-large size-large\" alt=\"\" decoding=\"async\" aria-describedby=\"gallery-1-12963\" loading=\"lazy\" srcset=\"https:\/\/www.smiledesigncenter.hu\/wp-content\/uploads\/2024\/02\/Egy-afrikai-fogorvos-olyan-mutetet-hajt-vegre-egy-paciensen-akit-fapalcaval-tart-vissza.-Datum-nincs-megadva.jpg 900w, https:\/\/www.smiledesigncenter.hu\/wp-content\/uploads\/2024\/02\/Egy-afrikai-fogorvos-olyan-mutetet-hajt-vegre-egy-paciensen-akit-fapalcaval-tart-vissza.-Datum-nincs-megadva-300x259.jpg 300w, https:\/\/www.smiledesigncenter.hu\/wp-content\/uploads\/2024\/02\/Egy-afrikai-fogorvos-olyan-mutetet-hajt-vegre-egy-paciensen-akit-fapalcaval-tart-vissza.-Datum-nincs-megadva-14x12.jpg 14w\" sizes=\"(max-width: 900px) 100vw, 900px\" \/><\/a>\n\t\t\t<\/div>\n\t\t\t\t<figcaption class='wp-caption-text gallery-caption' id='gallery-1-12963'>\n\t\t\t\tEgy afrikai fogorvos olyan m\u0171t\u00e9tet hajt v\u00e9gre egy p\u00e1ciensen, akit fap\u00e1lc\u00e1val tart vissza. D\u00e1tum nincs megadva.\n\t\t\t\t<\/figcaption><\/figure><figure class='gallery-item'>\n\t\t\t<div class='gallery-icon landscape'>\n\t\t\t\t<a href='https:\/\/www.smiledesigncenter.hu\/de\/2024\/02\/07\/12950\/egy-elso-vilaghaborus-fogorvos-foghuzast-vegez-2\/'><img width=\"693\" height=\"517\" src=\"https:\/\/www.smiledesigncenter.hu\/wp-content\/uploads\/2024\/02\/Egy-elso-vilaghaborus-fogorvos-foghuzast-vegez.jpg\" class=\"attachment-large size-large\" alt=\"\" decoding=\"async\" aria-describedby=\"gallery-1-12964\" loading=\"lazy\" srcset=\"https:\/\/www.smiledesigncenter.hu\/wp-content\/uploads\/2024\/02\/Egy-elso-vilaghaborus-fogorvos-foghuzast-vegez.jpg 693w, https:\/\/www.smiledesigncenter.hu\/wp-content\/uploads\/2024\/02\/Egy-elso-vilaghaborus-fogorvos-foghuzast-vegez-300x224.jpg 300w, https:\/\/www.smiledesigncenter.hu\/wp-content\/uploads\/2024\/02\/Egy-elso-vilaghaborus-fogorvos-foghuzast-vegez-16x12.jpg 16w\" sizes=\"(max-width: 693px) 100vw, 693px\" \/><\/a>\n\t\t\t<\/div>\n\t\t\t\t<figcaption class='wp-caption-text gallery-caption' id='gallery-1-12964'>\n\t\t\t\tEgy els\u0151 vil\u00e1gh\u00e1bor\u00fas fogorvos fogh\u00faz\u00e1st v\u00e9gez.\n\t\t\t\t<\/figcaption><\/figure><figure class='gallery-item'>\n\t\t\t<div class='gallery-icon portrait'>\n\t\t\t\t<a href='https:\/\/www.smiledesigncenter.hu\/de\/2024\/02\/07\/12950\/egy-feltetelezett-fogorvosnak-ket-fiatal-segitsegere-van-szuksege-amikor-foghuzast-hajt-vegre-1910-korul-2\/'><img width=\"600\" height=\"1006\" src=\"https:\/\/www.smiledesigncenter.hu\/wp-content\/uploads\/2024\/02\/Egy-feltetelezett-fogorvosnak-ket-fiatal-segitsegere-van-szuksege-amikor-foghuzast-hajt-vegre.-1910-korul.jpg\" class=\"attachment-large size-large\" alt=\"\" decoding=\"async\" aria-describedby=\"gallery-1-12965\" loading=\"lazy\" srcset=\"https:\/\/www.smiledesigncenter.hu\/wp-content\/uploads\/2024\/02\/Egy-feltetelezett-fogorvosnak-ket-fiatal-segitsegere-van-szuksege-amikor-foghuzast-hajt-vegre.-1910-korul.jpg 600w, https:\/\/www.smiledesigncenter.hu\/wp-content\/uploads\/2024\/02\/Egy-feltetelezett-fogorvosnak-ket-fiatal-segitsegere-van-szuksege-amikor-foghuzast-hajt-vegre.-1910-korul-179x300.jpg 179w, https:\/\/www.smiledesigncenter.hu\/wp-content\/uploads\/2024\/02\/Egy-feltetelezett-fogorvosnak-ket-fiatal-segitsegere-van-szuksege-amikor-foghuzast-hajt-vegre.-1910-korul-7x12.jpg 7w\" sizes=\"(max-width: 600px) 100vw, 600px\" \/><\/a>\n\t\t\t<\/div>\n\t\t\t\t<figcaption class='wp-caption-text gallery-caption' id='gallery-1-12965'>\n\t\t\t\tEgy felt\u00e9telezett fogorvosnak k\u00e9t fiatal seg\u00edts\u00e9g\u00e9re van sz\u00fcks\u00e9ge, amikor fogh\u00faz\u00e1st hajt v\u00e9gre. 1910 k\u00f6r\u00fcl.\n\t\t\t\t<\/figcaption><\/figure><figure class='gallery-item'>\n\t\t\t<div class='gallery-icon portrait'>\n\t\t\t\t<a href='https:\/\/www.smiledesigncenter.hu\/de\/2024\/02\/07\/12950\/egy-ferfi-kihuzza-a-masik-fogat-egy-kulonfele-gyogyszerekkel-teli-szobaban-1872-2\/'><img width=\"800\" height=\"867\" src=\"https:\/\/www.smiledesigncenter.hu\/wp-content\/uploads\/2024\/02\/Egy-ferfi-kihuzza-a-masik-fogat-egy-kulonfele-gyogyszerekkel-teli-szobaban.-1872.jpg\" class=\"attachment-large size-large\" alt=\"\" decoding=\"async\" aria-describedby=\"gallery-1-12966\" loading=\"lazy\" srcset=\"https:\/\/www.smiledesigncenter.hu\/wp-content\/uploads\/2024\/02\/Egy-ferfi-kihuzza-a-masik-fogat-egy-kulonfele-gyogyszerekkel-teli-szobaban.-1872.jpg 800w, https:\/\/www.smiledesigncenter.hu\/wp-content\/uploads\/2024\/02\/Egy-ferfi-kihuzza-a-masik-fogat-egy-kulonfele-gyogyszerekkel-teli-szobaban.-1872-277x300.jpg 277w, https:\/\/www.smiledesigncenter.hu\/wp-content\/uploads\/2024\/02\/Egy-ferfi-kihuzza-a-masik-fogat-egy-kulonfele-gyogyszerekkel-teli-szobaban.-1872-11x12.jpg 11w\" sizes=\"(max-width: 800px) 100vw, 800px\" \/><\/a>\n\t\t\t<\/div>\n\t\t\t\t<figcaption class='wp-caption-text gallery-caption' id='gallery-1-12966'>\n\t\t\t\tEgy f\u00e9rfi kih\u00fazza a m\u00e1sik fog\u00e1t egy k\u00fcl\u00f6nf\u00e9le gy\u00f3gyszerekkel teli szob\u00e1ban. 1872.\n\t\t\t\t<\/figcaption><\/figure><figure class='gallery-item'>\n\t\t\t<div class='gallery-icon portrait'>\n\t\t\t\t<a href='https:\/\/www.smiledesigncenter.hu\/de\/2024\/02\/07\/12950\/egy-fiatal-fiu-korhadt-fogakkal-a-londoni-friern-korhazban-1890-2\/'><img width=\"600\" height=\"783\" src=\"https:\/\/www.smiledesigncenter.hu\/wp-content\/uploads\/2024\/02\/Egy-fiatal-fiu-korhadt-fogakkal-a-londoni-Friern-korhazban.-1890.jpg\" class=\"attachment-large size-large\" alt=\"\" decoding=\"async\" aria-describedby=\"gallery-1-12967\" loading=\"lazy\" srcset=\"https:\/\/www.smiledesigncenter.hu\/wp-content\/uploads\/2024\/02\/Egy-fiatal-fiu-korhadt-fogakkal-a-londoni-Friern-korhazban.-1890.jpg 600w, https:\/\/www.smiledesigncenter.hu\/wp-content\/uploads\/2024\/02\/Egy-fiatal-fiu-korhadt-fogakkal-a-londoni-Friern-korhazban.-1890-230x300.jpg 230w, https:\/\/www.smiledesigncenter.hu\/wp-content\/uploads\/2024\/02\/Egy-fiatal-fiu-korhadt-fogakkal-a-londoni-Friern-korhazban.-1890-9x12.jpg 9w\" sizes=\"(max-width: 600px) 100vw, 600px\" \/><\/a>\n\t\t\t<\/div>\n\t\t\t\t<figcaption class='wp-caption-text gallery-caption' id='gallery-1-12967'>\n\t\t\t\tEgy fiatal fi\u00fa korhadt fogakkal a londoni Friern k\u00f3rh\u00e1zban. 1890.\n\t\t\t\t<\/figcaption><\/figure><figure class='gallery-item'>\n\t\t\t<div class='gallery-icon landscape'>\n\t\t\t\t<a href='https:\/\/www.smiledesigncenter.hu\/de\/2024\/02\/07\/12950\/egy-fogorvos-zsinorral-huzza-ki-az-ember-fogat-mikozben-visszarantja-a-forro-szentol-1810-2\/'><img width=\"900\" height=\"658\" src=\"https:\/\/www.smiledesigncenter.hu\/wp-content\/uploads\/2024\/02\/Egy-fogorvos-zsinorral-huzza-ki-az-ember-fogat-mikozben-visszarantja-a-forro-szentol.-1810.jpg\" class=\"attachment-large size-large\" alt=\"\" decoding=\"async\" aria-describedby=\"gallery-1-12968\" loading=\"lazy\" srcset=\"https:\/\/www.smiledesigncenter.hu\/wp-content\/uploads\/2024\/02\/Egy-fogorvos-zsinorral-huzza-ki-az-ember-fogat-mikozben-visszarantja-a-forro-szentol.-1810.jpg 900w, https:\/\/www.smiledesigncenter.hu\/wp-content\/uploads\/2024\/02\/Egy-fogorvos-zsinorral-huzza-ki-az-ember-fogat-mikozben-visszarantja-a-forro-szentol.-1810-300x219.jpg 300w, https:\/\/www.smiledesigncenter.hu\/wp-content\/uploads\/2024\/02\/Egy-fogorvos-zsinorral-huzza-ki-az-ember-fogat-mikozben-visszarantja-a-forro-szentol.-1810-16x12.jpg 16w\" sizes=\"(max-width: 900px) 100vw, 900px\" \/><\/a>\n\t\t\t<\/div>\n\t\t\t\t<figcaption class='wp-caption-text gallery-caption' id='gallery-1-12968'>\n\t\t\t\tEgy fogorvos zsin\u00f3rral h\u00fazza ki az ember fog\u00e1t, mik\u00f6zben visszar\u00e1ntja a forr\u00f3 sz\u00e9nt\u0151l. 1810.\n\t\t\t\t<\/figcaption><\/figure><figure class='gallery-item'>\n\t\t\t<div class='gallery-icon landscape'>\n\t\t\t\t<a href='https:\/\/www.smiledesigncenter.hu\/de\/2024\/02\/07\/12950\/egy-fogorvost-abrazolo-kepregeny-alkotas-metszete-korulbelul-12-szazad-2\/'><img width=\"900\" height=\"701\" src=\"https:\/\/www.smiledesigncenter.hu\/wp-content\/uploads\/2024\/02\/Egy-fogorvost-abrazolo-kepregeny-alkotas-metszete.-Korulbelul-12.-szazad.jpg\" class=\"attachment-large size-large\" alt=\"\" decoding=\"async\" aria-describedby=\"gallery-1-12969\" loading=\"lazy\" srcset=\"https:\/\/www.smiledesigncenter.hu\/wp-content\/uploads\/2024\/02\/Egy-fogorvost-abrazolo-kepregeny-alkotas-metszete.-Korulbelul-12.-szazad.jpg 900w, https:\/\/www.smiledesigncenter.hu\/wp-content\/uploads\/2024\/02\/Egy-fogorvost-abrazolo-kepregeny-alkotas-metszete.-Korulbelul-12.-szazad-300x234.jpg 300w, https:\/\/www.smiledesigncenter.hu\/wp-content\/uploads\/2024\/02\/Egy-fogorvost-abrazolo-kepregeny-alkotas-metszete.-Korulbelul-12.-szazad-15x12.jpg 15w\" sizes=\"(max-width: 900px) 100vw, 900px\" \/><\/a>\n\t\t\t<\/div>\n\t\t\t\t<figcaption class='wp-caption-text gallery-caption' id='gallery-1-12969'>\n\t\t\t\tEgy fogorvost \u00e1br\u00e1zol\u00f3 k\u00e9preg\u00e9ny alkot\u00e1s metszete. K\u00f6r\u00fclbel\u00fcl 12. sz\u00e1zad.\n\t\t\t\t<\/figcaption><\/figure><figure class='gallery-item'>\n\t\t\t<div class='gallery-icon portrait'>\n\t\t\t\t<a href='https:\/\/www.smiledesigncenter.hu\/de\/2024\/02\/07\/12950\/egy-hosszu-agyaru-ferfinak-kihuzta-a-fogat-egy-fogorvos-aki-a-paciens-mogott-all-datum-nincs-megadva-2\/'><img width=\"596\" height=\"692\" src=\"https:\/\/www.smiledesigncenter.hu\/wp-content\/uploads\/2024\/02\/Egy-hosszu-agyaru-ferfinak-kihuzta-a-fogat-egy-fogorvos-aki-a-paciens-mogott-all.-Datum-nincs-megadva.jpg\" class=\"attachment-large size-large\" alt=\"\" decoding=\"async\" aria-describedby=\"gallery-1-12970\" loading=\"lazy\" srcset=\"https:\/\/www.smiledesigncenter.hu\/wp-content\/uploads\/2024\/02\/Egy-hosszu-agyaru-ferfinak-kihuzta-a-fogat-egy-fogorvos-aki-a-paciens-mogott-all.-Datum-nincs-megadva.jpg 596w, https:\/\/www.smiledesigncenter.hu\/wp-content\/uploads\/2024\/02\/Egy-hosszu-agyaru-ferfinak-kihuzta-a-fogat-egy-fogorvos-aki-a-paciens-mogott-all.-Datum-nincs-megadva-258x300.jpg 258w, https:\/\/www.smiledesigncenter.hu\/wp-content\/uploads\/2024\/02\/Egy-hosszu-agyaru-ferfinak-kihuzta-a-fogat-egy-fogorvos-aki-a-paciens-mogott-all.-Datum-nincs-megadva-10x12.jpg 10w\" sizes=\"(max-width: 596px) 100vw, 596px\" \/><\/a>\n\t\t\t<\/div>\n\t\t\t\t<figcaption class='wp-caption-text gallery-caption' id='gallery-1-12970'>\n\t\t\t\tEgy hossz\u00fa agyar\u00fa f\u00e9rfinak kih\u00fazta a fog\u00e1t egy fogorvos, aki a p\u00e1ciens m\u00f6g\u00f6tt \u00e1ll. D\u00e1tum nincs megadva.\n\t\t\t\t<\/figcaption><\/figure><figure class='gallery-item'>\n\t\t\t<div class='gallery-icon landscape'>\n\t\t\t\t<a href='https:\/\/www.smiledesigncenter.hu\/de\/2024\/02\/07\/12950\/egy-indiai-fogaszati-jarobeteg-klinikan-a-fogorvos-kihuzza-a-fogat-mikozben-az-asszisztens-fogja-a-paciens-kezet-1957-2\/'><img width=\"900\" height=\"687\" src=\"https:\/\/www.smiledesigncenter.hu\/wp-content\/uploads\/2024\/02\/Egy-indiai-fogaszati-\u200b\u200bjarobeteg-klinikan-a-fogorvos-kihuzza-a-fogat-mikozben-az-asszisztens-fogja-a-paciens-kezet.-1957.jpg\" class=\"attachment-large size-large\" alt=\"\" decoding=\"async\" aria-describedby=\"gallery-1-12971\" loading=\"lazy\" srcset=\"https:\/\/www.smiledesigncenter.hu\/wp-content\/uploads\/2024\/02\/Egy-indiai-fogaszati-\u200b\u200bjarobeteg-klinikan-a-fogorvos-kihuzza-a-fogat-mikozben-az-asszisztens-fogja-a-paciens-kezet.-1957.jpg 900w, https:\/\/www.smiledesigncenter.hu\/wp-content\/uploads\/2024\/02\/Egy-indiai-fogaszati-\u200b\u200bjarobeteg-klinikan-a-fogorvos-kihuzza-a-fogat-mikozben-az-asszisztens-fogja-a-paciens-kezet.-1957-300x229.jpg 300w, https:\/\/www.smiledesigncenter.hu\/wp-content\/uploads\/2024\/02\/Egy-indiai-fogaszati-\u200b\u200bjarobeteg-klinikan-a-fogorvos-kihuzza-a-fogat-mikozben-az-asszisztens-fogja-a-paciens-kezet.-1957-16x12.jpg 16w\" sizes=\"(max-width: 900px) 100vw, 900px\" \/><\/a>\n\t\t\t<\/div>\n\t\t\t\t<figcaption class='wp-caption-text gallery-caption' id='gallery-1-12971'>\n\t\t\t\tEgy indiai fog\u00e1szati \u200b\u200bj\u00e1r\u00f3beteg-klinik\u00e1n a fogorvos kih\u00fazza a fogat, mik\u00f6zben az asszisztens fogja a p\u00e1ciens kez\u00e9t. 1957.\n\t\t\t\t<\/figcaption><\/figure><figure class='gallery-item'>\n\t\t\t<div class='gallery-icon landscape'>\n\t\t\t\t<a href='https:\/\/www.smiledesigncenter.hu\/de\/2024\/02\/07\/12950\/egy-kereskedo-hasznalt-fogsorokat-ad-el-azoknak-akik-nem-engedhetik-meg-maguknak-hogy-felkeressenek-egy-fogorvost-az-amszterdami-waterlooplein-piacteren-1955-2\/'><img width=\"900\" height=\"719\" src=\"https:\/\/www.smiledesigncenter.hu\/wp-content\/uploads\/2024\/02\/Egy-kereskedo-hasznalt-fogsorokat-ad-el-azoknak-akik-nem-engedhetik-meg-maguknak-hogy-felkeressenek-egy-fogorvost-az-amszterdami-Waterlooplein-piacteren.-1955.jpg\" class=\"attachment-large size-large\" alt=\"\" decoding=\"async\" aria-describedby=\"gallery-1-12972\" loading=\"lazy\" srcset=\"https:\/\/www.smiledesigncenter.hu\/wp-content\/uploads\/2024\/02\/Egy-kereskedo-hasznalt-fogsorokat-ad-el-azoknak-akik-nem-engedhetik-meg-maguknak-hogy-felkeressenek-egy-fogorvost-az-amszterdami-Waterlooplein-piacteren.-1955.jpg 900w, https:\/\/www.smiledesigncenter.hu\/wp-content\/uploads\/2024\/02\/Egy-kereskedo-hasznalt-fogsorokat-ad-el-azoknak-akik-nem-engedhetik-meg-maguknak-hogy-felkeressenek-egy-fogorvost-az-amszterdami-Waterlooplein-piacteren.-1955-300x240.jpg 300w, https:\/\/www.smiledesigncenter.hu\/wp-content\/uploads\/2024\/02\/Egy-kereskedo-hasznalt-fogsorokat-ad-el-azoknak-akik-nem-engedhetik-meg-maguknak-hogy-felkeressenek-egy-fogorvost-az-amszterdami-Waterlooplein-piacteren.-1955-15x12.jpg 15w\" sizes=\"(max-width: 900px) 100vw, 900px\" \/><\/a>\n\t\t\t<\/div>\n\t\t\t\t<figcaption class='wp-caption-text gallery-caption' id='gallery-1-12972'>\n\t\t\t\tEgy keresked\u0151 haszn\u00e1lt fogsorokat ad el azoknak, akik nem engedhetik meg maguknak, hogy felkeressenek egy fogorvost az amszterdami Waterlooplein piact\u00e9ren. 1955.\n\t\t\t\t<\/figcaption><\/figure><figure class='gallery-item'>\n\t\t\t<div class='gallery-icon landscape'>\n\t\t\t\t<a href='https:\/\/www.smiledesigncenter.hu\/de\/2024\/02\/07\/12950\/egy-kinai-fogorvos-rogtonzott-rendelojeben-fogat-huz-ki-1890-2\/'><img width=\"800\" height=\"654\" src=\"https:\/\/www.smiledesigncenter.hu\/wp-content\/uploads\/2024\/02\/Egy-kinai-fogorvos-rogtonzott-rendelojeben-fogat-huz-ki.-1890.jpg\" class=\"attachment-large size-large\" alt=\"\" decoding=\"async\" aria-describedby=\"gallery-1-12973\" loading=\"lazy\" srcset=\"https:\/\/www.smiledesigncenter.hu\/wp-content\/uploads\/2024\/02\/Egy-kinai-fogorvos-rogtonzott-rendelojeben-fogat-huz-ki.-1890.jpg 800w, https:\/\/www.smiledesigncenter.hu\/wp-content\/uploads\/2024\/02\/Egy-kinai-fogorvos-rogtonzott-rendelojeben-fogat-huz-ki.-1890-300x245.jpg 300w, https:\/\/www.smiledesigncenter.hu\/wp-content\/uploads\/2024\/02\/Egy-kinai-fogorvos-rogtonzott-rendelojeben-fogat-huz-ki.-1890-15x12.jpg 15w\" sizes=\"(max-width: 800px) 100vw, 800px\" \/><\/a>\n\t\t\t<\/div>\n\t\t\t\t<figcaption class='wp-caption-text gallery-caption' id='gallery-1-12973'>\n\t\t\t\tEgy k\u00ednai fogorvos r\u00f6gt\u00f6nz\u00f6tt rendel\u0151j\u00e9ben fogat h\u00faz ki. 1890.\n\t\t\t\t<\/figcaption><\/figure><figure class='gallery-item'>\n\t\t\t<div class='gallery-icon portrait'>\n\t\t\t\t<a href='https:\/\/www.smiledesigncenter.hu\/de\/2024\/02\/07\/12950\/egy-no-akinek-a-szaja-jobb-oldalan-szamos-fogat-tavolitottak-el-egy-fertozes-kezelesere-de-az-atterjedt-az-inyere-1912-2\/'><img width=\"600\" height=\"848\" src=\"https:\/\/www.smiledesigncenter.hu\/wp-content\/uploads\/2024\/02\/Egy-no-akinek-a-szaja-jobb-oldalan-szamos-fogat-tavolitottak-el-egy-fertozes-kezelesere-de-az-atterjedt-az-inyere.-1912.jpg\" class=\"attachment-large size-large\" alt=\"\" decoding=\"async\" aria-describedby=\"gallery-1-12974\" loading=\"lazy\" srcset=\"https:\/\/www.smiledesigncenter.hu\/wp-content\/uploads\/2024\/02\/Egy-no-akinek-a-szaja-jobb-oldalan-szamos-fogat-tavolitottak-el-egy-fertozes-kezelesere-de-az-atterjedt-az-inyere.-1912.jpg 600w, https:\/\/www.smiledesigncenter.hu\/wp-content\/uploads\/2024\/02\/Egy-no-akinek-a-szaja-jobb-oldalan-szamos-fogat-tavolitottak-el-egy-fertozes-kezelesere-de-az-atterjedt-az-inyere.-1912-212x300.jpg 212w, https:\/\/www.smiledesigncenter.hu\/wp-content\/uploads\/2024\/02\/Egy-no-akinek-a-szaja-jobb-oldalan-szamos-fogat-tavolitottak-el-egy-fertozes-kezelesere-de-az-atterjedt-az-inyere.-1912-8x12.jpg 8w\" sizes=\"(max-width: 600px) 100vw, 600px\" \/><\/a>\n\t\t\t<\/div>\n\t\t\t\t<figcaption class='wp-caption-text gallery-caption' id='gallery-1-12974'>\n\t\t\t\tEgy n\u0151, akinek a sz\u00e1ja jobb oldal\u00e1n sz\u00e1mos fogat t\u00e1vol\u00edtottak el egy fert\u0151z\u00e9s kezel\u00e9s\u00e9re, de az \u00e1tterjedt az \u00edny\u00e9re. 1912.\n\t\t\t\t<\/figcaption><\/figure><figure class='gallery-item'>\n\t\t\t<div class='gallery-icon portrait'>\n\t\t\t\t<a href='https:\/\/www.smiledesigncenter.hu\/de\/2024\/02\/07\/12950\/egy-perzsa-fogorvos-kihuzza-a-fogat-egy-guggolo-betegbol-datum-nincs-megadva-2\/'><img width=\"554\" height=\"851\" src=\"https:\/\/www.smiledesigncenter.hu\/wp-content\/uploads\/2024\/02\/Egy-perzsa-fogorvos-kihuzza-a-fogat-egy-guggolo-betegbol.-Datum-nincs-megadva.jpg\" class=\"attachment-large size-large\" alt=\"\" decoding=\"async\" aria-describedby=\"gallery-1-12975\" loading=\"lazy\" srcset=\"https:\/\/www.smiledesigncenter.hu\/wp-content\/uploads\/2024\/02\/Egy-perzsa-fogorvos-kihuzza-a-fogat-egy-guggolo-betegbol.-Datum-nincs-megadva.jpg 554w, https:\/\/www.smiledesigncenter.hu\/wp-content\/uploads\/2024\/02\/Egy-perzsa-fogorvos-kihuzza-a-fogat-egy-guggolo-betegbol.-Datum-nincs-megadva-195x300.jpg 195w, https:\/\/www.smiledesigncenter.hu\/wp-content\/uploads\/2024\/02\/Egy-perzsa-fogorvos-kihuzza-a-fogat-egy-guggolo-betegbol.-Datum-nincs-megadva-8x12.jpg 8w\" sizes=\"(max-width: 554px) 100vw, 554px\" \/><\/a>\n\t\t\t<\/div>\n\t\t\t\t<figcaption class='wp-caption-text gallery-caption' id='gallery-1-12975'>\n\t\t\t\tEgy perzsa fogorvos kih\u00fazza a fogat egy guggol\u00f3 betegb\u0151l. D\u00e1tum nincs megadva.\n\t\t\t\t<\/figcaption><\/figure><figure class='gallery-item'>\n\t\t\t<div class='gallery-icon portrait'>\n\t\t\t\t<a href='https:\/\/www.smiledesigncenter.hu\/de\/2024\/02\/07\/12950\/egy-torok-fogorvos-kihuzza-a-fogat-korulbelul-19-szazad-vege-2\/'><img width=\"600\" height=\"900\" src=\"https:\/\/www.smiledesigncenter.hu\/wp-content\/uploads\/2024\/02\/Egy-torok-\u200b\u200bfogorvos-kihuzza-a-fogat.-Korulbelul-19.-szazad-vege.jpg\" class=\"attachment-large size-large\" alt=\"\" decoding=\"async\" aria-describedby=\"gallery-1-12976\" loading=\"lazy\" srcset=\"https:\/\/www.smiledesigncenter.hu\/wp-content\/uploads\/2024\/02\/Egy-torok-\u200b\u200bfogorvos-kihuzza-a-fogat.-Korulbelul-19.-szazad-vege.jpg 600w, https:\/\/www.smiledesigncenter.hu\/wp-content\/uploads\/2024\/02\/Egy-torok-\u200b\u200bfogorvos-kihuzza-a-fogat.-Korulbelul-19.-szazad-vege-200x300.jpg 200w, https:\/\/www.smiledesigncenter.hu\/wp-content\/uploads\/2024\/02\/Egy-torok-\u200b\u200bfogorvos-kihuzza-a-fogat.-Korulbelul-19.-szazad-vege-8x12.jpg 8w\" sizes=\"(max-width: 600px) 100vw, 600px\" \/><\/a>\n\t\t\t<\/div>\n\t\t\t\t<figcaption class='wp-caption-text gallery-caption' id='gallery-1-12976'>\n\t\t\t\tEgy t\u00f6r\u00f6k \u200b\u200bfogorvos kih\u00fazza a fog\u00e1t. K\u00f6r\u00fclbel\u00fcl 19. sz\u00e1zad v\u00e9ge.\n\t\t\t\t<\/figcaption><\/figure><figure class='gallery-item'>\n\t\t\t<div class='gallery-icon portrait'>\n\t\t\t\t<a href='https:\/\/www.smiledesigncenter.hu\/de\/2024\/02\/07\/12950\/ez-meg-nem-a-lathatatlan-fogszabalyzas-kora-volt-2\/'><img width=\"208\" height=\"300\" src=\"https:\/\/www.smiledesigncenter.hu\/wp-content\/uploads\/2024\/02\/Ez-meg-nem-a-lathatatlan-fogszabalyzas-kora-volt.jpeg\" class=\"attachment-large size-large\" alt=\"\" decoding=\"async\" aria-describedby=\"gallery-1-12977\" loading=\"lazy\" srcset=\"https:\/\/www.smiledesigncenter.hu\/wp-content\/uploads\/2024\/02\/Ez-meg-nem-a-lathatatlan-fogszabalyzas-kora-volt.jpeg 208w, https:\/\/www.smiledesigncenter.hu\/wp-content\/uploads\/2024\/02\/Ez-meg-nem-a-lathatatlan-fogszabalyzas-kora-volt-8x12.jpeg 8w\" sizes=\"(max-width: 208px) 100vw, 208px\" \/><\/a>\n\t\t\t<\/div>\n\t\t\t\t<figcaption class='wp-caption-text gallery-caption' id='gallery-1-12977'>\n\t\t\t\tEz m\u00e9g nem a l\u00e1thatatlan fogszab\u00e1lyz\u00e1s kora volt.\n\t\t\t\t<\/figcaption><\/figure><figure class='gallery-item'>\n\t\t\t<div class='gallery-icon portrait'>\n\t\t\t\t<a href='https:\/\/www.smiledesigncenter.hu\/de\/2024\/02\/07\/12950\/foghuzas-erdeklodok-elott-2\/'><img width=\"450\" height=\"556\" src=\"https:\/\/www.smiledesigncenter.hu\/wp-content\/uploads\/2024\/02\/Foghuzas-erdeklodok-elott.jpg\" class=\"attachment-large size-large\" alt=\"\" decoding=\"async\" aria-describedby=\"gallery-1-12978\" loading=\"lazy\" srcset=\"https:\/\/www.smiledesigncenter.hu\/wp-content\/uploads\/2024\/02\/Foghuzas-erdeklodok-elott.jpg 450w, https:\/\/www.smiledesigncenter.hu\/wp-content\/uploads\/2024\/02\/Foghuzas-erdeklodok-elott-243x300.jpg 243w, https:\/\/www.smiledesigncenter.hu\/wp-content\/uploads\/2024\/02\/Foghuzas-erdeklodok-elott-10x12.jpg 10w\" sizes=\"(max-width: 450px) 100vw, 450px\" \/><\/a>\n\t\t\t<\/div>\n\t\t\t\t<figcaption class='wp-caption-text gallery-caption' id='gallery-1-12978'>\n\t\t\t\tFogh\u00faz\u00e1s \u00e9rdekl\u0151d\u0151k el\u0151tt\n\t\t\t\t<\/figcaption><\/figure><figure class='gallery-item'>\n\t\t\t<div class='gallery-icon landscape'>\n\t\t\t\t<a href='https:\/\/www.smiledesigncenter.hu\/de\/2024\/02\/07\/12950\/foghuzas-zsinor-segitsegevel-2\/'><img width=\"800\" height=\"499\" src=\"https:\/\/www.smiledesigncenter.hu\/wp-content\/uploads\/2024\/02\/foghuzas-zsinor-segitsegevel.jpg\" class=\"attachment-large size-large\" alt=\"\" decoding=\"async\" aria-describedby=\"gallery-1-12979\" loading=\"lazy\" srcset=\"https:\/\/www.smiledesigncenter.hu\/wp-content\/uploads\/2024\/02\/foghuzas-zsinor-segitsegevel.jpg 800w, https:\/\/www.smiledesigncenter.hu\/wp-content\/uploads\/2024\/02\/foghuzas-zsinor-segitsegevel-300x187.jpg 300w, https:\/\/www.smiledesigncenter.hu\/wp-content\/uploads\/2024\/02\/foghuzas-zsinor-segitsegevel-18x12.jpg 18w, https:\/\/www.smiledesigncenter.hu\/wp-content\/uploads\/2024\/02\/foghuzas-zsinor-segitsegevel-400x250.jpg 400w\" sizes=\"(max-width: 800px) 100vw, 800px\" \/><\/a>\n\t\t\t<\/div>\n\t\t\t\t<figcaption class='wp-caption-text gallery-caption' id='gallery-1-12979'>\n\t\t\t\tfogh\u00faz\u00e1s zsin\u0151r seg\u00edts\u00e9g\u00e9vel\n\t\t\t\t<\/figcaption><\/figure><figure class='gallery-item'>\n\t\t\t<div class='gallery-icon landscape'>\n\t\t\t\t<a href='https:\/\/www.smiledesigncenter.hu\/de\/2024\/02\/07\/12950\/fogszabalyzo-gep-1952-2\/'><img width=\"900\" height=\"569\" src=\"https:\/\/www.smiledesigncenter.hu\/wp-content\/uploads\/2024\/02\/Fogszabalyzo-gep.-1952.webp\" class=\"attachment-large size-large\" alt=\"\" decoding=\"async\" aria-describedby=\"gallery-1-12980\" loading=\"lazy\" srcset=\"https:\/\/www.smiledesigncenter.hu\/wp-content\/uploads\/2024\/02\/Fogszabalyzo-gep.-1952.webp 900w, https:\/\/www.smiledesigncenter.hu\/wp-content\/uploads\/2024\/02\/Fogszabalyzo-gep.-1952-300x190.webp 300w, https:\/\/www.smiledesigncenter.hu\/wp-content\/uploads\/2024\/02\/Fogszabalyzo-gep.-1952-18x12.webp 18w\" sizes=\"(max-width: 900px) 100vw, 900px\" \/><\/a>\n\t\t\t<\/div>\n\t\t\t\t<figcaption class='wp-caption-text gallery-caption' id='gallery-1-12980'>\n\t\t\t\tFogszab\u00e1lyz\u00f3 g\u00e9p. 1952.\n\t\t\t\t<\/figcaption><\/figure><figure class='gallery-item'>\n\t\t\t<div class='gallery-icon portrait'>\n\t\t\t\t<a href='https:\/\/www.smiledesigncenter.hu\/de\/2024\/02\/07\/12950\/kep-egy-tankonyvbol-amely-egy-orokletes-szifiliszben-szenvedo-lany-fogaszati-kezeleset-mutatja-1910-2\/'><img width=\"600\" height=\"894\" src=\"https:\/\/www.smiledesigncenter.hu\/wp-content\/uploads\/2024\/02\/Kep-egy-tankonyvbol-amely-egy-orokletes-szifiliszben-szenvedo-lany-fogaszati-\u200b\u200bkezeleset-mutatja.-1910.jpg\" class=\"attachment-large size-large\" alt=\"\" decoding=\"async\" aria-describedby=\"gallery-1-12981\" loading=\"lazy\" srcset=\"https:\/\/www.smiledesigncenter.hu\/wp-content\/uploads\/2024\/02\/Kep-egy-tankonyvbol-amely-egy-orokletes-szifiliszben-szenvedo-lany-fogaszati-\u200b\u200bkezeleset-mutatja.-1910.jpg 600w, https:\/\/www.smiledesigncenter.hu\/wp-content\/uploads\/2024\/02\/Kep-egy-tankonyvbol-amely-egy-orokletes-szifiliszben-szenvedo-lany-fogaszati-\u200b\u200bkezeleset-mutatja.-1910-201x300.jpg 201w, https:\/\/www.smiledesigncenter.hu\/wp-content\/uploads\/2024\/02\/Kep-egy-tankonyvbol-amely-egy-orokletes-szifiliszben-szenvedo-lany-fogaszati-\u200b\u200bkezeleset-mutatja.-1910-8x12.jpg 8w\" sizes=\"(max-width: 600px) 100vw, 600px\" \/><\/a>\n\t\t\t<\/div>\n\t\t\t\t<figcaption class='wp-caption-text gallery-caption' id='gallery-1-12981'>\n\t\t\t\tK\u00e9p egy tank\u00f6nyvb\u0151l, amely egy \u00f6r\u00f6kletes szifiliszben szenved\u0151 l\u00e1ny fog\u00e1szati \u200b\u200bkezel\u00e9s\u00e9t mutatja. 1910.\n\t\t\t\t<\/figcaption><\/figure><figure class='gallery-item'>\n\t\t\t<div class='gallery-icon landscape'>\n\t\t\t\t<a href='https:\/\/www.smiledesigncenter.hu\/de\/2024\/02\/07\/12950\/kiuteses-modszer-nem-tunik-fajdalommentesnek-2\/'><img width=\"539\" height=\"261\" src=\"https:\/\/www.smiledesigncenter.hu\/wp-content\/uploads\/2024\/02\/Kiuteses-modszer.-Nem-tunik-fajdalommentesnek.jpg\" class=\"attachment-large size-large\" alt=\"\" decoding=\"async\" aria-describedby=\"gallery-1-12982\" loading=\"lazy\" srcset=\"https:\/\/www.smiledesigncenter.hu\/wp-content\/uploads\/2024\/02\/Kiuteses-modszer.-Nem-tunik-fajdalommentesnek.jpg 539w, https:\/\/www.smiledesigncenter.hu\/wp-content\/uploads\/2024\/02\/Kiuteses-modszer.-Nem-tunik-fajdalommentesnek-300x145.jpg 300w, https:\/\/www.smiledesigncenter.hu\/wp-content\/uploads\/2024\/02\/Kiuteses-modszer.-Nem-tunik-fajdalommentesnek-18x9.jpg 18w\" sizes=\"(max-width: 539px) 100vw, 539px\" \/><\/a>\n\t\t\t<\/div>\n\t\t\t\t<figcaption class='wp-caption-text gallery-caption' id='gallery-1-12982'>\n\t\t\t\tKi\u00fct\u00e9ses m\u00f3dszer. Nem t\u0171nik f\u00e1jdalommentesnek&#8230;\n\t\t\t\t<\/figcaption><\/figure><figure class='gallery-item'>\n\t\t\t<div class='gallery-icon landscape'>\n\t\t\t\t<a href='https:\/\/www.smiledesigncenter.hu\/de\/2024\/02\/07\/12950\/komikus-fenykep-a-hadsereg-tisztjeirol-akik-megtisztitjak-a-baratjuk-fogait-korulbelul-a-masodik-vilaghaboru-2\/'><img width=\"900\" height=\"682\" src=\"https:\/\/www.smiledesigncenter.hu\/wp-content\/uploads\/2024\/02\/Komikus-fenykep-a-hadsereg-tisztjeirol-akik-megtisztitjak-a-baratjuk-fogait.-Korulbelul-a-masodik-vilaghaboru.jpg\" class=\"attachment-large size-large\" alt=\"\" decoding=\"async\" aria-describedby=\"gallery-1-12983\" loading=\"lazy\" srcset=\"https:\/\/www.smiledesigncenter.hu\/wp-content\/uploads\/2024\/02\/Komikus-fenykep-a-hadsereg-tisztjeirol-akik-megtisztitjak-a-baratjuk-fogait.-Korulbelul-a-masodik-vilaghaboru.jpg 900w, https:\/\/www.smiledesigncenter.hu\/wp-content\/uploads\/2024\/02\/Komikus-fenykep-a-hadsereg-tisztjeirol-akik-megtisztitjak-a-baratjuk-fogait.-Korulbelul-a-masodik-vilaghaboru-300x227.jpg 300w, https:\/\/www.smiledesigncenter.hu\/wp-content\/uploads\/2024\/02\/Komikus-fenykep-a-hadsereg-tisztjeirol-akik-megtisztitjak-a-baratjuk-fogait.-Korulbelul-a-masodik-vilaghaboru-16x12.jpg 16w\" sizes=\"(max-width: 900px) 100vw, 900px\" \/><\/a>\n\t\t\t<\/div>\n\t\t\t\t<figcaption class='wp-caption-text gallery-caption' id='gallery-1-12983'>\n\t\t\t\tKomikus f\u00e9nyk\u00e9p a hadsereg tisztjeir\u0151l, akik megtiszt\u00edtj\u00e1k a bar\u00e1tjuk fogait. K\u00f6r\u00fclbel\u00fcl a m\u00e1sodik vil\u00e1gh\u00e1bor\u00fa.\n\t\t\t\t<\/figcaption><\/figure><figure class='gallery-item'>\n\t\t\t<div class='gallery-icon portrait'>\n\t\t\t\t<a href='https:\/\/www.smiledesigncenter.hu\/de\/2024\/02\/07\/12950\/komplett-fogaszat-a-multbol-2\/'><img width=\"391\" height=\"550\" src=\"https:\/\/www.smiledesigncenter.hu\/wp-content\/uploads\/2024\/02\/Komplett-fogaszat-a-multbol.jpg\" class=\"attachment-large size-large\" alt=\"\" decoding=\"async\" aria-describedby=\"gallery-1-12984\" loading=\"lazy\" srcset=\"https:\/\/www.smiledesigncenter.hu\/wp-content\/uploads\/2024\/02\/Komplett-fogaszat-a-multbol.jpg 391w, https:\/\/www.smiledesigncenter.hu\/wp-content\/uploads\/2024\/02\/Komplett-fogaszat-a-multbol-213x300.jpg 213w, https:\/\/www.smiledesigncenter.hu\/wp-content\/uploads\/2024\/02\/Komplett-fogaszat-a-multbol-9x12.jpg 9w\" sizes=\"(max-width: 391px) 100vw, 391px\" \/><\/a>\n\t\t\t<\/div>\n\t\t\t\t<figcaption class='wp-caption-text gallery-caption' id='gallery-1-12984'>\n\t\t\t\tKomplett fog\u00e1szat a m\u00faltb\u00f3l\n\t\t\t\t<\/figcaption><\/figure><figure class='gallery-item'>\n\t\t\t<div class='gallery-icon landscape'>\n\t\t\t\t<a href='https:\/\/www.smiledesigncenter.hu\/de\/2024\/02\/07\/12950\/lamellas-szurkehalyogban-szenvedo-ferfi-fogai-1898-2\/'><img width=\"900\" height=\"709\" src=\"https:\/\/www.smiledesigncenter.hu\/wp-content\/uploads\/2024\/02\/Lamellas-szurkehalyogban-szenvedo-ferfi-fogai.-1898.jpg\" class=\"attachment-large size-large\" alt=\"\" decoding=\"async\" aria-describedby=\"gallery-1-12985\" loading=\"lazy\" srcset=\"https:\/\/www.smiledesigncenter.hu\/wp-content\/uploads\/2024\/02\/Lamellas-szurkehalyogban-szenvedo-ferfi-fogai.-1898.jpg 900w, https:\/\/www.smiledesigncenter.hu\/wp-content\/uploads\/2024\/02\/Lamellas-szurkehalyogban-szenvedo-ferfi-fogai.-1898-300x236.jpg 300w, https:\/\/www.smiledesigncenter.hu\/wp-content\/uploads\/2024\/02\/Lamellas-szurkehalyogban-szenvedo-ferfi-fogai.-1898-15x12.jpg 15w\" sizes=\"(max-width: 900px) 100vw, 900px\" \/><\/a>\n\t\t\t<\/div>\n\t\t\t\t<figcaption class='wp-caption-text gallery-caption' id='gallery-1-12985'>\n\t\t\t\tLamell\u00e1s sz\u00fcrkeh\u00e1lyogban szenved\u0151 f\u00e9rfi fogai. 1898.\n\t\t\t\t<\/figcaption><\/figure><figure class='gallery-item'>\n\t\t\t<div class='gallery-icon portrait'>\n\t\t\t\t<a href='https:\/\/www.smiledesigncenter.hu\/de\/2024\/02\/07\/12950\/regebben-gyakori-volt-az-utazo-fogorvos-2\/'><img width=\"450\" height=\"526\" src=\"https:\/\/www.smiledesigncenter.hu\/wp-content\/uploads\/2024\/02\/Regebben-gyakori-volt-az-utazo-fogorvos.jpg\" class=\"attachment-large size-large\" alt=\"\" decoding=\"async\" aria-describedby=\"gallery-1-12986\" loading=\"lazy\" srcset=\"https:\/\/www.smiledesigncenter.hu\/wp-content\/uploads\/2024\/02\/Regebben-gyakori-volt-az-utazo-fogorvos.jpg 450w, https:\/\/www.smiledesigncenter.hu\/wp-content\/uploads\/2024\/02\/Regebben-gyakori-volt-az-utazo-fogorvos-257x300.jpg 257w, https:\/\/www.smiledesigncenter.hu\/wp-content\/uploads\/2024\/02\/Regebben-gyakori-volt-az-utazo-fogorvos-10x12.jpg 10w\" sizes=\"(max-width: 450px) 100vw, 450px\" \/><\/a>\n\t\t\t<\/div>\n\t\t\t\t<figcaption class='wp-caption-text gallery-caption' id='gallery-1-12986'>\n\t\t\t\tR\u00e9gebben gyakori volt az utaz\u00f3 fogorvos\n\t\t\t\t<\/figcaption><\/figure><figure class='gallery-item'>\n\t\t\t<div class='gallery-icon portrait'>\n\t\t\t\t<a href='https:\/\/www.smiledesigncenter.hu\/de\/2024\/02\/07\/12950\/teruleti-fogorvos-az-i-vilaghaboru-idejen-1915-2\/'><img width=\"600\" height=\"931\" src=\"https:\/\/www.smiledesigncenter.hu\/wp-content\/uploads\/2024\/02\/Teruleti-fogorvos-az-I.-vilaghaboru-idejen.-1915.jpg\" class=\"attachment-large size-large\" alt=\"\" decoding=\"async\" aria-describedby=\"gallery-1-12987\" loading=\"lazy\" srcset=\"https:\/\/www.smiledesigncenter.hu\/wp-content\/uploads\/2024\/02\/Teruleti-fogorvos-az-I.-vilaghaboru-idejen.-1915.jpg 600w, https:\/\/www.smiledesigncenter.hu\/wp-content\/uploads\/2024\/02\/Teruleti-fogorvos-az-I.-vilaghaboru-idejen.-1915-193x300.jpg 193w, https:\/\/www.smiledesigncenter.hu\/wp-content\/uploads\/2024\/02\/Teruleti-fogorvos-az-I.-vilaghaboru-idejen.-1915-8x12.jpg 8w\" sizes=\"(max-width: 600px) 100vw, 600px\" \/><\/a>\n\t\t\t<\/div>\n\t\t\t\t<figcaption class='wp-caption-text gallery-caption' id='gallery-1-12987'>\n\t\t\t\tTer\u00fcleti fogorvos az I. vil\u00e1gh\u00e1bor\u00fa idej\u00e9n. 1915.\n\t\t\t\t<\/figcaption><\/figure><figure class='gallery-item'>\n\t\t\t<div class='gallery-icon portrait'>\n\t\t\t\t<a href='https:\/\/www.smiledesigncenter.hu\/de\/2024\/02\/07\/12950\/ujsaghirdetes-amit-egy-fogpotlust-keszito-ceg-adott-fel-2\/'><img width=\"683\" height=\"1024\" src=\"https:\/\/www.smiledesigncenter.hu\/wp-content\/uploads\/2024\/02\/Ujsaghirdetes-amit-egy-fogpotlust-keszito-ceg-adott-fel-683x1024.jpeg\" class=\"attachment-large size-large\" alt=\"\" decoding=\"async\" aria-describedby=\"gallery-1-12988\" loading=\"lazy\" srcset=\"https:\/\/www.smiledesigncenter.hu\/wp-content\/uploads\/2024\/02\/Ujsaghirdetes-amit-egy-fogpotlust-keszito-ceg-adott-fel-683x1024.jpeg 683w, https:\/\/www.smiledesigncenter.hu\/wp-content\/uploads\/2024\/02\/Ujsaghirdetes-amit-egy-fogpotlust-keszito-ceg-adott-fel-200x300.jpeg 200w, https:\/\/www.smiledesigncenter.hu\/wp-content\/uploads\/2024\/02\/Ujsaghirdetes-amit-egy-fogpotlust-keszito-ceg-adott-fel-8x12.jpeg 8w, https:\/\/www.smiledesigncenter.hu\/wp-content\/uploads\/2024\/02\/Ujsaghirdetes-amit-egy-fogpotlust-keszito-ceg-adott-fel.jpeg 700w\" sizes=\"(max-width: 683px) 100vw, 683px\" \/><\/a>\n\t\t\t<\/div>\n\t\t\t\t<figcaption class='wp-caption-text gallery-caption' id='gallery-1-12988'>\n\t\t\t\t\u00dajs\u00e1ghirdet\u00e9s, amit egy fogp\u00f3tl\u00e1st k\u00e9sz\u00edt\u0151 c\u00e9g adott fel.\n\t\t\t\t<\/figcaption><\/figure>\n\t\t<\/div>","protected":false},"excerpt":{"rendered":"<p>M\u00edg a fogorvoshoz j\u00e1r\u00e1s olyasvalami, amit\u0151l sokan rettegnek, f\u00e9lelmeink nem lehetnek semmik ahhoz k\u00e9pest, amivel a m\u00faltban az embereknek meg kellett k\u00fczdeni\u00fck. A fog\u00e1szat t\u00f6rt\u00e9nete val\u00f3ban felt\u00e1r n\u00e9h\u00e1ny eg\u00e9szen f\u00e9lelmetes gyakorlatot. \u00c9vsz\u00e1zadokon \u00e1t a fog\u00e1szat szakk\u00e9pzett munk\u00e1sok munk\u00e1ja volt, nem magasan k\u00e9pzett orvosok\u00e9. A k\u00f6z\u00e9pkori Eur\u00f3p\u00e1ban p\u00e9ld\u00e1ul sz\u00e1mos fog\u00e1szati beavatkoz\u00e1st borb\u00e9ly-seb\u00e9szek, orvosok v\u00e9geztek, akik borotv\u00e1lt\u00e1k<a class=\"moretag\" href=\"https:\/\/www.smiledesigncenter.hu\/de\/templatera\/a-tokeletes-mosolyhoz-csak-egy-idopont-foglalas-hianyzik\/\"> \u2026Weiter zum Artikel\u2026<\/a><\/p>","protected":false},"author":2,"featured_media":12979,"comment_status":"closed","ping_status":"closed","sticky":false,"template":"","format":"standard","meta":{"footnotes":"","_joinchat":[]},"categories":[46],"tags":[],"acf":[],"aioseo_notices":[],"_links":{"self":[{"href":"https:\/\/www.smiledesigncenter.hu\/de\/wp-json\/wp\/v2\/posts\/12950"}],"collection":[{"href":"https:\/\/www.smiledesigncenter.hu\/de\/wp-json\/wp\/v2\/posts"}],"about":[{"href":"https:\/\/www.smiledesigncenter.hu\/de\/wp-json\/wp\/v2\/types\/post"}],"author":[{"embeddable":true,"href":"https:\/\/www.smiledesigncenter.hu\/de\/wp-json\/wp\/v2\/users\/2"}],"replies":[{"embeddable":true,"href":"https:\/\/www.smiledesigncenter.hu\/de\/wp-json\/wp\/v2\/comments?post=12950"}],"version-history":[{"count":7,"href":"https:\/\/www.smiledesigncenter.hu\/de\/wp-json\/wp\/v2\/posts\/12950\/revisions"}],"predecessor-version":[{"id":12995,"href":"https:\/\/www.smiledesigncenter.hu\/de\/wp-json\/wp\/v2\/posts\/12950\/revisions\/12995"}],"wp:featuredmedia":[{"embeddable":true,"href":"https:\/\/www.smiledesigncenter.hu\/de\/wp-json\/wp\/v2\/media\/12979"}],"wp:attachment":[{"href":"https:\/\/www.smiledesigncenter.hu\/de\/wp-json\/wp\/v2\/media?parent=12950"}],"wp:term":[{"taxonomy":"category","embeddable":true,"href":"https:\/\/www.smiledesigncenter.hu\/de\/wp-json\/wp\/v2\/categories?post=12950"},{"taxonomy":"post_tag","embeddable":true,"href":"https:\/\/www.smiledesigncenter.hu\/de\/wp-json\/wp\/v2\/tags?post=12950"}],"curies":[{"name":"wp","href":"https:\/\/api.w.org\/{rel}","templated":true}]}}