{"id":5705,"date":"2018-11-29T13:48:49","date_gmt":"2018-11-29T13:48:49","guid":{"rendered":"https:\/\/www.smiledesigncenter.hu\/?p=5705"},"modified":"2018-11-29T13:49:46","modified_gmt":"2018-11-29T13:49:46","slug":"ujra-divatba-jott-a-fogszabalyozas","status":"publish","type":"post","link":"https:\/\/www.smiledesigncenter.hu\/de\/2018\/11\/29\/ujra-divatba-jott-a-fogszabalyozas\/","title":{"rendered":"\u00dajra divatba j\u00f6tt a fogszab\u00e1lyoz\u00e1s"},"content":{"rendered":"<!-- Facebook Like Button Vivacity Infotech BEGIN -->\n<div class=\"fb-like\" data-href=\"https:\/\/www.smiledesigncenter.hu\/de\/2018\/11\/29\/ujra-divatba-jott-a-fogszabalyozas\/\" data-layout=\"standard\" data-action=\"recommend\" data-show-faces=\"false\" data-size=\"small\" data-width=\"450\" data-share=\"1\" ><\/div>\n<!-- Facebook Like Button Vivacity Infotech END -->\n<p>A fogszab\u00e1lyz\u00e1s t\u00f6rt\u00e9nelm\u00e9ben voltak \u00e9rdekes k\u00fcl\u00f6nlegess\u00e9gek, amik miatt m\u00e9g a k\u00f6zelm\u00faltban sem volt t\u00fal n\u00e9pszer\u0171 ez a sz\u00e9p\u00e9szeti beavatkoz\u00e1s. A fogak sz\u00e9ps\u00e9ge pedig \u00fagy l\u00e1tszik, m\u00e1r r\u00e9gen is sokat sz\u00e1m\u00edtott. Modern korunkban azonban m\u00e1r nem kell tartani a barb\u00e1r megold\u00e1sokt\u00f3l, sem pedig \u00f3ri\u00e1si fogszab\u00e1lyz\u00f3 k\u00e9sz\u00fcl\u00e9kekt\u0151l, amelyek mintegy \u00f3ri\u00e1si f\u00e9mr\u00e1cs nehezednek fogainkra \u00e9s nehez\u00edtik meg a t\u00e1pl\u00e1lkoz\u00e1st.<!--more--><\/p>\n<p>Ma m\u00e1r sz\u00e1mtalan lehet\u0151s\u00e9g k\u00f6z\u00fcl v\u00e1logathatunk, ha sz\u00e9p, sorba rendezett fogakra \u00e9s ragyog\u00f3 mosolyra v\u00e1gyunk. Egyes megold\u00e1sok alig \u00e9szrevehet\u0151 m\u00f3don, m\u00edg m\u00e1sok teljesen l\u00e1thatatlanul k\u00e9pesek m\u00e1r fogainkat sorba rendezni. Szerencs\u00e9re nem csak a fiatalok, hanem a k\u00f6z\u00e9pkoroszt\u00e1ly \u00e9s az id\u0151sebbek is gyakori l\u00e1togat\u00f3i a fog\u00e1szati rendel\u0151knek \u00e9s egyre t\u00f6bben kezdenek bele a fogszab\u00e1lyoz\u00e1sba. Sok fiatal pedig egyenesen st\u00edlusk\u00e9rd\u00e9st farag e fog\u00e1szati beavatkoz\u00e1sb\u00f3l \u00e9s divatosan, b\u00fcszk\u00e9n hordja fogszab\u00e1lyz\u00f3j\u00e1t.<\/p>\n<h3>A fogszab\u00e1lyz\u00e1s t\u00f6rt\u00e9nete<\/h3>\n<p>Mai szemmel tal\u00e1n hihetetlennek t\u0171nik, de m\u00e1r az \u00f3korban is haszn\u00e1ltak fogszab\u00e1lyz\u00e1sra k\u00fcl\u00f6nb\u00f6z\u0151 eszk\u00f6z\u00f6ket \u00e9s felszerel\u00e9seket. Igaz, ezek a maiakn\u00e1l sokkal egyszer\u0171bbek voltak, hiszen az adott kor szellemis\u00e9g\u00e9t t\u00fckr\u00f6zik a felt\u00e1rt s\u00edrokban tal\u00e1lt leletek. Akkoriban m\u00e9g csup\u00e1n n\u00f6v\u00e9nyi \u00e9s \u00e1llati eredet\u0171 fonalakkal, f\u00e9m lapokkal pr\u00f3b\u00e1lt\u00e1k a fogakat a hely\u00fckre terelni kisebb-nagyobb sikerrel. A modernebb v\u00e1ltozatokra azonban eg\u00e9szen az 1700-as \u00e9vekig v\u00e1rni kellett, amikor is <a href=\"https:\/\/en.wikipedia.org\/wiki\/Pierre_Fauchard\" target=\"_blank\" rel=\"noopener\">Pierre Fauchard<\/a> megalkotta \u00e9s k\u00f6nyv\u00e9ben publik\u00e1lta az els\u0151 fogszab\u00e1lyz\u00f3 k\u00e9sz\u00fcl\u00e9ket.<\/p>\n<p>A francia fogorvos tanulm\u00e1ny\u00e1ban r\u00e9szletesen ecsetelte a f\u00e9mb\u0151l k\u00e9sz\u00fclt patk\u00f3 alak\u00fa eszk\u00f6z funkcionalit\u00e1s\u00e1t \u00e9s m\u0171k\u00f6d\u00e9si elv\u00e9t, amelyben nagy szerep jutott a fogak m\u00f6g\u00e9 helyezett szalagoknak. Az \u00e1ltala csak Bandeau-nak nevezett k\u00e9sz\u00fcl\u00e9kkel m\u00e1r sikeresen v\u00e9gezhett\u00e9k a fog\u00edv t\u00e1g\u00edt\u00e1s\u00e1t. A fogszab\u00e1lyz\u00e1s igazi tudom\u00e1ny\u00e1gg\u00e1 azonban csak a 19. sz\u00e1zad k\u00f6zep\u00e9re fejl\u0151d\u00f6tt. Ekkor alkalmazta ugyanis el\u0151sz\u00f6r egy amerikai fogorvos, Frank Delabarre a r\u00e1csszerkezetes, fogakra r\u00f6gz\u00edtett \u00e9s gumih\u00faz\u00e1ssal m\u0171k\u00f6d\u0151 fogszab\u00e1lyz\u00f3 technik\u00e1t. A mai haszn\u00e1latban l\u00e9v\u0151 breketteket azonban csak az 1970-es \u00e9vekt\u0151l kezdt\u00e9k el alkalmazni, mivel el\u0151tte nem volt hat\u00e9kony ragaszt\u00f3 anyag, amely megfelelt volna erre a c\u00e9lra.<\/p>\n<h3>Fogszab\u00e1lyz\u00e1s napjainkban<\/h3>\n<p><img decoding=\"async\" loading=\"lazy\" class=\"aligncenter size-full wp-image-3377\" src=\"https:\/\/www.smiledesigncenter.hu\/wp-content\/uploads\/2017\/11\/gyermek-fogszabalyozas.jpg\" alt=\"\" width=\"600\" height=\"300\" srcset=\"https:\/\/www.smiledesigncenter.hu\/wp-content\/uploads\/2017\/11\/gyermek-fogszabalyozas.jpg 600w, https:\/\/www.smiledesigncenter.hu\/wp-content\/uploads\/2017\/11\/gyermek-fogszabalyozas-300x150.jpg 300w\" sizes=\"(max-width: 600px) 100vw, 600px\" \/><\/p>\n<p>Sokan \u00fagy gondolj\u00e1k, hogy a fogszab\u00e1lyz\u00e1sra csak gyerekkorban van lehet\u0151s\u00e9g, ez azonban t\u00e9ved\u00e9s. B\u00e1r t\u00e9ny, hogy a kialakult \u00e1llkapocs miatt els\u0151sorban a fogak mozgat\u00e1s\u00e1ra van lehet\u0151s\u00e9g, \u00edgy a v\u00e1rt eredm\u00e9ny el\u00e9r\u00e9se t\u00f6bb id\u0151be telik. \u00c9ppen ez\u00e9rt k\u00fcl\u00f6nb\u00f6z\u0151 k\u00e9sz\u00fcl\u00e9ket haszn\u00e1lnak feln\u0151ttkorban. Kisebb torl\u00f3d\u00e1sra \u00e9s eszt\u00e9tikai gondokra manaps\u00e1g m\u00e1r kivehet\u0151 fogszab\u00e1lyz\u00f3t alkalmazunk, amelyet el\u00e9g \u00e9jszaka viselni.<\/p>\n<p>A r\u00f6gz\u00edtett, klasszikusnak mondhat\u00f3, f\u00e9mb\u0151l k\u00e9sz\u00fclt fogszab\u00e1lyz\u00f3n k\u00edv\u00fcl azonban ma m\u00e1r l\u00e9tezik fogsz\u00ednhez igazod\u00f3 ker\u00e1mia fogszab\u00e1lyz\u00f3 is, amely visel\u00e9se k\u00f6zben kev\u00e9sb\u00e9 felt\u0171n\u0151. Enn\u00e9l is l\u00e1thatatlanabb az \u00fagynevezett lingv\u00e1lis v\u00e1ltozat, amely a fog\u00edv bels\u0151 r\u00e9sz\u00e9n ker\u00fcl r\u00f6gz\u00edt\u00e9sre. A fogszab\u00e1lyz\u00e1s ut\u00e1n pedig retenci\u00f3s k\u00e9sz\u00fcl\u00e9kre lesz sz\u00fcks\u00e9g\u00fcnk, amely seg\u00edt, hogy a gy\u00f6ny\u00f6r\u0171 fogsorunk egyenletes \u00e1llapota hossz\u00fa ideig meg is maradjon. Ebb\u0151l is l\u00e9teznek kivehet\u0151 \u00e9s r\u00f6gz\u00edtett v\u00e1ltozatok is.<\/p>","protected":false},"excerpt":{"rendered":"<p>A fogszab\u00e1lyz\u00e1s t\u00f6rt\u00e9nelm\u00e9ben voltak \u00e9rdekes k\u00fcl\u00f6nlegess\u00e9gek, amik miatt m\u00e9g a k\u00f6zelm\u00faltban sem volt t\u00fal n\u00e9pszer\u0171 ez a sz\u00e9p\u00e9szeti beavatkoz\u00e1s. A fogak sz\u00e9ps\u00e9ge pedig \u00fagy l\u00e1tszik, m\u00e1r r\u00e9gen is sokat sz\u00e1m\u00edtott.<\/p>","protected":false},"author":3,"featured_media":3377,"comment_status":"closed","ping_status":"closed","sticky":false,"template":"","format":"standard","meta":{"footnotes":"","_joinchat":[]},"categories":[46],"tags":[],"acf":[],"aioseo_notices":[],"_links":{"self":[{"href":"https:\/\/www.smiledesigncenter.hu\/de\/wp-json\/wp\/v2\/posts\/5705"}],"collection":[{"href":"https:\/\/www.smiledesigncenter.hu\/de\/wp-json\/wp\/v2\/posts"}],"about":[{"href":"https:\/\/www.smiledesigncenter.hu\/de\/wp-json\/wp\/v2\/types\/post"}],"author":[{"embeddable":true,"href":"https:\/\/www.smiledesigncenter.hu\/de\/wp-json\/wp\/v2\/users\/3"}],"replies":[{"embeddable":true,"href":"https:\/\/www.smiledesigncenter.hu\/de\/wp-json\/wp\/v2\/comments?post=5705"}],"version-history":[{"count":5,"href":"https:\/\/www.smiledesigncenter.hu\/de\/wp-json\/wp\/v2\/posts\/5705\/revisions"}],"predecessor-version":[{"id":5710,"href":"https:\/\/www.smiledesigncenter.hu\/de\/wp-json\/wp\/v2\/posts\/5705\/revisions\/5710"}],"wp:featuredmedia":[{"embeddable":true,"href":"https:\/\/www.smiledesigncenter.hu\/de\/wp-json\/wp\/v2\/media\/3377"}],"wp:attachment":[{"href":"https:\/\/www.smiledesigncenter.hu\/de\/wp-json\/wp\/v2\/media?parent=5705"}],"wp:term":[{"taxonomy":"category","embeddable":true,"href":"https:\/\/www.smiledesigncenter.hu\/de\/wp-json\/wp\/v2\/categories?post=5705"},{"taxonomy":"post_tag","embeddable":true,"href":"https:\/\/www.smiledesigncenter.hu\/de\/wp-json\/wp\/v2\/tags?post=5705"}],"curies":[{"name":"wp","href":"https:\/\/api.w.org\/{rel}","templated":true}]}}