{"id":5838,"date":"2019-02-12T14:43:12","date_gmt":"2019-02-12T14:43:12","guid":{"rendered":"https:\/\/www.smiledesigncenter.hu\/?p=5838"},"modified":"2019-02-12T14:43:41","modified_gmt":"2019-02-12T14:43:41","slug":"miert-kell-jobban-odafigyelniuk-a-fogapolasra-a-cukorbetegeknek","status":"publish","type":"post","link":"https:\/\/www.smiledesigncenter.hu\/de\/2019\/02\/12\/miert-kell-jobban-odafigyelniuk-a-fogapolasra-a-cukorbetegeknek\/","title":{"rendered":"Mi\u00e9rt kell jobban odafigyelni\u00fck a fog\u00e1pol\u00e1sra a cukorbetegeknek?"},"content":{"rendered":"<!-- Facebook Like Button Vivacity Infotech BEGIN -->\n<div class=\"fb-like\" data-href=\"https:\/\/www.smiledesigncenter.hu\/de\/2019\/02\/12\/miert-kell-jobban-odafigyelniuk-a-fogapolasra-a-cukorbetegeknek\/\" data-layout=\"standard\" data-action=\"recommend\" data-show-faces=\"false\" data-size=\"small\" data-width=\"450\" data-share=\"1\" ><\/div>\n<!-- Facebook Like Button Vivacity Infotech END -->\n<p>A cukorbetegs\u00e9gben szenved\u0151k fogai sokkal gyorsabban tudnak elromlani, mint az eg\u00e9szs\u00e9gesebb emberek\u00e9, ez\u00e9rt nagyon fontos, ha diab\u00e9teszesek vagyunk, akkor m\u00e9g jobban odafigyelj\u00fcnk fogaink \u00e1llapot\u00e1ra. Nem k\u00f6zvetlen\u00fcl a diab\u00e9tesz okozza a fog\u00ednysorvad\u00e1st, vagy a fog\u00ednygyullad\u00e1st, \u00e1m a m\u00e1r megjelent gyullad\u00e1sos \u00e1llapot nagym\u00e9rt\u00e9kben romolni tud, f\u0151leg t\u00fals\u00e1gosan magas v\u00e9rcukorszint eset\u00e9ben. Emellett a cukorbetegs\u00e9g meglehet\u0151sen nagym\u00e9rt\u00e9kben megtudja bonyol\u00edtani a fogorvos feladatait, hiszen a rossz fogak a diab\u00e9tesz kezel\u00e9s\u00e9t is h\u00e1tr\u00e1ltatni tudja.<!--more--><\/p>\n<h3>A cukorbetegs\u00e9g \u00e9s a rossz fog egym\u00e1sra gyakorolt hat\u00e1sa<\/h3>\n<p>Azokn\u00e1l az emberekn\u00e9l, akikn\u00e9l cukorbetegs\u00e9g lett diagnosztiz\u00e1lva, a fog\u00ednysorvad\u00e1s \u00e9s a fog\u00ednygyullad\u00e1s kock\u00e1zata ak\u00e1r k\u00e9tszer-h\u00e1romszor nagyobb lehet, mint azokn\u00e1l a p\u00e1ciensekn\u00e9l, akik nem diab\u00e9teszesek. Az ezzel kialakult probl\u00e9m\u00e1k \u00e9s neh\u00e9zs\u00e9gek pedig visszafele is sok gondot tudnak okozni, hiszen a fog\u00ednygyullad\u00e1s megnehez\u00edti a cukorbetegs\u00e9g kezel\u00e9s\u00e9t is. Ahhoz, hogy cukorbeteg l\u00e9t\u00fcnkre elker\u00fclj\u00fck ezt az \u00f6rd\u00f6gi k\u00f6rt, nagyon fontos, hogy odafigyelj\u00fcnk fogaink megfelel\u0151 \u00e1pol\u00e1s\u00e1ra \u00e9s szem el\u0151tt tartsuk a megel\u0151z\u00e9s fontoss\u00e1g\u00e1t.<\/p>\n<p>A fog\u00ednygyullad\u00e1s illetve a fog\u00ednysorvad\u00e1s \u00e9rz\u00e9kelhetetlen bakteri\u00e1lis fert\u0151z\u00e9sen alapul, mely kiv\u00e1ltja a test gyullad\u00e1sra adott reakci\u00f3j\u00e1t. Ez a bakt\u00e9rium elindul a sz\u00e1jb\u00f3l a v\u00e9r\u00e1ramon kereszt\u00fcl \u00e9s az eg\u00e9sz testben sz\u00e9t\u00e1ramlik. Ez a n\u00f6vekv\u0151 gyullad\u00e1s pedig k\u00e9pes fokozni a inzulinrezisztenci\u00e1t, aminek k\u00f6vetkezt\u00e9ben kev\u00e9sb\u00e9 kontroll\u00e1lhat\u00f3 a v\u00e9rcukorszint.<\/p>\n<p>A probl\u00e9ma kezdeti f\u00e1zisban alig \u00e9szlelhet\u0151, sokan nem is tudj\u00e1k, hogy fog\u00ednysorvad\u00e1suk, vagy fog\u00ednygyullad\u00e1suk van, hiszen nem okoz f\u00e1jdalmat. Az \u00e1rulkod\u00f3 jelek rendszerint m\u00e1r csak akkor szoktak felt\u0171nni, mikor m\u00e1r sajnos t\u00fal k\u00e9s\u0151. Ilyenkor tapasztalhatjuk, hogy fogaink kilazulnak, kipotyognak, ami nehezebb\u00e9 tesz az \u00e9telek elfogyaszt\u00e1s\u00e1t.<\/p>\n<p><img decoding=\"async\" loading=\"lazy\" class=\"aligncenter size-full wp-image-5164\" src=\"https:\/\/www.smiledesigncenter.hu\/wp-content\/uploads\/2018\/06\/Smile_Design_Center_31.jpg\" alt=\"\" width=\"800\" height=\"533\" srcset=\"https:\/\/www.smiledesigncenter.hu\/wp-content\/uploads\/2018\/06\/Smile_Design_Center_31.jpg 800w, https:\/\/www.smiledesigncenter.hu\/wp-content\/uploads\/2018\/06\/Smile_Design_Center_31-300x200.jpg 300w, https:\/\/www.smiledesigncenter.hu\/wp-content\/uploads\/2018\/06\/Smile_Design_Center_31-768x512.jpg 768w\" sizes=\"(max-width: 800px) 100vw, 800px\" \/><\/p>\n<h3>A cukorbetegeknek t\u00f6bbet kell fogorvoshoz j\u00e1rniuk?<\/h3>\n<p>A diab\u00e9teszesek sz\u00e1m\u00e1ra a legc\u00e9lszer\u0171bb a d\u00e9lel\u0151tti \u00f3r\u00e1kban megl\u00e1togatniuk a fogorvost, hiszen a reggelij\u00fck elfogyaszt\u00e1sa ut\u00e1n a beszedett gy\u00f3gyszereknek k\u00f6sz\u00f6nhet\u0151en ilyenkor a legstabilabb a v\u00e9rcukor \u00e9rt\u00e9k\u00fck. Szakemberek szerint a diab\u00e9teszesek \u00e9s a nem diab\u00e9teszesek eset\u00e9ben is fontos, hogy legal\u00e1bb 6 havonta elj\u00e1rnak fog\u00e1szati vizsg\u00e1latra, \u00e1m cukorbetegek sz\u00e1m\u00e1ra aj\u00e1nlott a fogorvosi ellen\u0151rz\u00e9seken megjelenni, ha ak\u00e1rmilyen t\u00fcnetet, vagy nem megfelel\u0151 v\u00e9rcukorszintet \u00e9szlel\u00fcnk.<\/p>\n<p>A nagyon rossz v\u00e9rcukor \u00e9rt\u00e9k eset\u00e9n \u00e9rdemes a p\u00e1ciensnek 1-2 havonta beiktatni egy fogorvosi kontroll vizsg\u00e1latot, hiszen ilyenkor az ellen\u0151rz\u00e9sek mellett sor ker\u00fclhet ak\u00e1r a fogk\u0151 elt\u00e1vol\u00edt\u00e1sra is, mely ebben az esetben elengedhetetlen, hiszen a fogk\u0151 is hozz\u00e1 tud j\u00e1rulni a gyullad\u00e1shoz, \u00edgy elt\u00e1vol\u00edt\u00e1sa ut\u00e1n tudjuk azt is akad\u00e1lyozni, hogy az \u00e1rtalmas bakt\u00e9riumok m\u00e9g jobban elszaporodjanak a sz\u00e1nkban.<\/p>\n<p>Emellett fontos tudni, hogy a diab\u00e9teszesek feladata, hogy m\u00e9g alaposabban \u00e9s m\u00e9g k\u00f6r\u00fcltekint\u0151bben \u00e1polj\u00e1k fogaikat, hiszen az \u0151 test\u00fck sokkal hamarabb \u00e9s sokkal hevesebben tud reag\u00e1lni a fert\u0151z\u00e9sekre. A puh\u00e1bb fogk\u00f6vet mi magunk is el tudjuk t\u00e1vol\u00edtani, ha odafigyel\u00fcnk arra, hogy legal\u00e1bb naponta k\u00e9tszer 2 percen \u00e1t mossuk fogainkat puha s\u00f6rt\u00e9j\u0171 fogkef\u00e9vel. Tan\u00e1csos fogselymet \u00e9s antibakteri\u00e1lis sz\u00e1j\u00f6bl\u00f6get\u0151t is haszn\u00e1lni, hiszen ez m\u00e9g ink\u00e1bb hozz\u00e1j\u00e1rul a t\u00f6k\u00e9letes sz\u00e1jhigi\u00e9ni\u00e1hoz, mely seg\u00edt a fert\u0151z\u00e9sek megel\u0151z\u00e9s\u00e9ben.<\/p>","protected":false},"excerpt":{"rendered":"<p>A cukorbetegs\u00e9gben szenved\u0151k fogai sokkal gyorsabban tudnak elromlani, mint az eg\u00e9szs\u00e9gesebb emberek\u00e9, ez\u00e9rt nagyon fontos, ha diab\u00e9teszesek vagyunk, akkor m\u00e9g jobban odafigyelj\u00fcnk fogaink \u00e1llapot\u00e1ra.<\/p>","protected":false},"author":3,"featured_media":5164,"comment_status":"closed","ping_status":"closed","sticky":false,"template":"","format":"standard","meta":{"footnotes":"","_joinchat":[]},"categories":[46],"tags":[],"acf":[],"aioseo_notices":[],"_links":{"self":[{"href":"https:\/\/www.smiledesigncenter.hu\/de\/wp-json\/wp\/v2\/posts\/5838"}],"collection":[{"href":"https:\/\/www.smiledesigncenter.hu\/de\/wp-json\/wp\/v2\/posts"}],"about":[{"href":"https:\/\/www.smiledesigncenter.hu\/de\/wp-json\/wp\/v2\/types\/post"}],"author":[{"embeddable":true,"href":"https:\/\/www.smiledesigncenter.hu\/de\/wp-json\/wp\/v2\/users\/3"}],"replies":[{"embeddable":true,"href":"https:\/\/www.smiledesigncenter.hu\/de\/wp-json\/wp\/v2\/comments?post=5838"}],"version-history":[{"count":5,"href":"https:\/\/www.smiledesigncenter.hu\/de\/wp-json\/wp\/v2\/posts\/5838\/revisions"}],"predecessor-version":[{"id":5843,"href":"https:\/\/www.smiledesigncenter.hu\/de\/wp-json\/wp\/v2\/posts\/5838\/revisions\/5843"}],"wp:featuredmedia":[{"embeddable":true,"href":"https:\/\/www.smiledesigncenter.hu\/de\/wp-json\/wp\/v2\/media\/5164"}],"wp:attachment":[{"href":"https:\/\/www.smiledesigncenter.hu\/de\/wp-json\/wp\/v2\/media?parent=5838"}],"wp:term":[{"taxonomy":"category","embeddable":true,"href":"https:\/\/www.smiledesigncenter.hu\/de\/wp-json\/wp\/v2\/categories?post=5838"},{"taxonomy":"post_tag","embeddable":true,"href":"https:\/\/www.smiledesigncenter.hu\/de\/wp-json\/wp\/v2\/tags?post=5838"}],"curies":[{"name":"wp","href":"https:\/\/api.w.org\/{rel}","templated":true}]}}