{"id":5906,"date":"2019-03-29T14:03:41","date_gmt":"2019-03-29T14:03:41","guid":{"rendered":"https:\/\/www.smiledesigncenter.hu\/?p=5906"},"modified":"2019-06-01T08:29:15","modified_gmt":"2019-06-01T08:29:15","slug":"miert-szukseges-az-ideiglenes-korona","status":"publish","type":"post","link":"https:\/\/www.smiledesigncenter.hu\/de\/2019\/03\/29\/miert-szukseges-az-ideiglenes-korona\/","title":{"rendered":"Mi\u00e9rt sz\u00fcks\u00e9ges az ideiglenes korona?"},"content":{"rendered":"<!-- Facebook Like Button Vivacity Infotech BEGIN -->\n<div class=\"fb-like\" data-href=\"https:\/\/www.smiledesigncenter.hu\/de\/2019\/03\/29\/miert-szukseges-az-ideiglenes-korona\/\" data-layout=\"standard\" data-action=\"recommend\" data-show-faces=\"false\" data-size=\"small\" data-width=\"450\" data-share=\"1\" ><\/div>\n<!-- Facebook Like Button Vivacity Infotech END -->\n<p>Az ideiglenes koron\u00e1t vagy hidat arra a r\u00f6vid id\u0151re alkalmazz\u00e1k, ameddig az \u00faj fogp\u00f3tl\u00e1s el nem k\u00e9sz\u00fcl. A fogorvosok ilyenkor els\u0151sorban nem eszt\u00e9tikai helyre\u00e1ll\u00edt\u00e1st v\u00e9geznek, ink\u00e1bb a lecsiszolt fogfelsz\u00ednt v\u00e9dik \u00e9s vissza\u00e1ll\u00edtj\u00e1k a r\u00e1g\u00f3funkci\u00f3t. A leprepar\u00e1lt fogat v\u00e9deni kell ilyen esetekben, hiszen f\u00e9l\u0151, hogy let\u00f6rik a r\u00e1g\u00e1s sor\u00e1n. A csiszol\u00e1s sor\u00e1n a fogzom\u00e1nct\u00f3l is megfosztj\u00e1k, \u00edgy nincs, ami megv\u00e9den\u00e9 a fogat.<!--more--><\/p>\n<p>Term\u00e9szetesen sok p\u00e1ciens fordul olyan krit\u00e9riumokkal a fogorvosokhoz, hogy az \u00e1tmeneti id\u0151szakban is keressenek egy olyan megold\u00e1st, melyt\u0151l nem kell sz\u00e9gyenkeznie, ha mosolyogna. Az ideiglenes korona erre is t\u00f6k\u00e9letes megold\u00e1s.<\/p>\n<p>A p\u00e1ciens ennek seg\u00edts\u00e9g\u00e9vel nyugodtan nevethet vagy besz\u00e9lhet. A r\u00e1g\u00e1s helyre\u00e1ll\u00edt\u00e1s\u00e1val pedig b\u00e1tran ehet, term\u00e9szetesen a kem\u00e9nyebb \u00e9telek, mint pl. a di\u00f3 r\u00e1gcs\u00e1l\u00e1sra ilyenkor nem aj\u00e1nlott, hiszen az ideiglenes korona nem ezekre lett kital\u00e1lva. A sz\u00edn\u00e9t a p\u00e1ciens fogazat\u00e1hoz igaz\u00edtj\u00e1k, anyaga m\u0171anyagb\u00f3l k\u00e9sz\u00fcl. Az elj\u00e1r\u00e1s az\u00e9rt is n\u00e9pszer\u0171, mert az el\u00fcls\u0151 fogak elt\u00e1vol\u00edt\u00e1sakor term\u00e9szetes, hogy a p\u00e1ciens azonnali p\u00f3tl\u00e1st ig\u00e9nyel. Az elj\u00e1r\u00e1s sor\u00e1n a szomsz\u00e9dos fogakhoz ragasztj\u00e1k az ideiglenes koron\u00e1t. Ha ez nem lehets\u00e9ges, akkor az orvossal konzult\u00e1lva ak\u00e1r kivehet\u0151 p\u00f3tl\u00e1ssal is megoldhatj\u00e1k a probl\u00e9m\u00e1t.<\/p>\n<h3>Mi t\u00f6rt\u00e9nik az ideiglenes korona lev\u00e9telekor?<\/h3>\n<p><img decoding=\"async\" loading=\"lazy\" src=\"https:\/\/www.smiledesigncenter.hu\/wp-content\/uploads\/2019\/03\/miert-szukseges-az-ideiglenes-korona.jpg\" alt=\"\" width=\"537\" height=\"357\" class=\"alignnone size-full wp-image-6023\" srcset=\"https:\/\/www.smiledesigncenter.hu\/wp-content\/uploads\/2019\/03\/miert-szukseges-az-ideiglenes-korona.jpg 537w, https:\/\/www.smiledesigncenter.hu\/wp-content\/uploads\/2019\/03\/miert-szukseges-az-ideiglenes-korona-300x199.jpg 300w\" sizes=\"(max-width: 537px) 100vw, 537px\" \/><\/p>\n<p>Az ideiglenes korona lev\u00e9tele nem f\u00e1jdalmas, a fogakon vagy implant\u00e1tumokon r\u00f6gz\u00edtett r\u00e9szt elv\u00e1gj\u00e1k. Ilyenkor az ideiglenes k\u00fcls\u0151 porcel\u00e1n r\u00e9teg s\u00e9r\u00fcl, nem jav\u00edthat\u00f3 \u00e9s nem ragaszthat\u00f3 vissza. A v\u00e9gleges korona csak akkor k\u00e9sz\u00edthet\u0151 el, ha az \u00edny teljesen eg\u00e9szs\u00e9ges \u00e9s a k\u00edv\u00e1nt form\u00e1ja is megfelel\u0151. A fog\u00edny javul\u00e1sa egyes esetekben hetekbe is ker\u00fclhet, hiszen vannak olyan p\u00e1ciensek, akiknek \u00edny\u00fck nehezen gy\u00f3gyul. Az ideiglenes koron\u00e1k felhelyez\u00e9sekor \u00e9s lev\u00e9telekor minden utas\u00edt\u00e1st k\u00f6vetni kell. T\u00f6bb fogorvos sz\u00e1molt m\u00e1r be olyan tapasztalatokr\u00f3l, hogy sajnos a p\u00e1ciensek nem t\u00e9rtek vissza a megadott id\u0151pontra, csak akkor, amikor m\u00e1r az ideiglenes korona s\u00e9r\u00fclt \u00e9s nem tehettek m\u00e1st, \u00fajat helyeztek fel.<\/p>\n<p>Sajnos ezek a rossz tapasztalatok a j\u00f6v\u0151ben is el\u0151fordul\u00f3 probl\u00e9m\u00e1k lesznek, hiszen sok p\u00e1ciens megel\u00e9gszik egy eszt\u00e9tikailag elfogadhat\u00f3 fogazattal. Ezzel pedig jelent\u0151sen k\u00e1ros\u00edtj\u00e1k a saj\u00e1t fogazatuk \u00e9ps\u00e9g\u00e9t, hiszen az ideiglenes koron\u00e1t nem arra tal\u00e1lt\u00e1k ki, hogy v\u00e9gleges funkci\u00f3t t\u00f6ltsenek be. Az \u00e1tmeneti megold\u00e1st mi sem bizony\u00edtja jobban, hogy hamar kopik \u00e9s a sz\u00e9leken nem z\u00e1r kell\u0151k\u00e9ppen.<\/p>\n<p>A v\u00e9gleges p\u00f3tl\u00e1s elk\u00e9sz\u00fcl\u00e9s\u00e9n\u00e9l a fogorvos belepr\u00f3b\u00e1lja a koron\u00e1t a p\u00e1ciens sz\u00e1j\u00e1ba, ha tetszik neki, megt\u00f6rt\u00e9nik a ragaszt\u00e1s, ha nem, akkor a korrekci\u00f3 m\u00e9g elv\u00e9gezhet\u0151. Ez az\u00e9rt is fontos, mert m\u00e9g a lehet\u0151s\u00e9g adott a jav\u00edt\u00e1sra, ha a sz\u00edn nem megfelel\u0151. Gyakran el\u0151fordul, hogy nem k\u00e9sz\u00edthet\u0151 korona, mert a p\u00e1ciensnek nincs elegend\u0151 saj\u00e1t foga. Ilyen esetekre is l\u00e9tezik m\u00e1r szerencs\u00e9re megold\u00e1s, hiszen alkalmazhat\u00f3 az ideiglenes, gy\u00f3gyul\u00e1si id\u0151szak ut\u00e1n pedig a v\u00e9gleges kivehet\u0151 p\u00f3tl\u00e1s.<\/p>","protected":false},"excerpt":{"rendered":"<p>Az ideiglenes koron\u00e1t vagy hidat arra a r\u00f6vid id\u0151re alkalmazz\u00e1k, ameddig az \u00faj fogp\u00f3tl\u00e1s el nem k\u00e9sz\u00fcl. A fogorvosok ilyenkor els\u0151sorban nem eszt\u00e9tikai helyre\u00e1ll\u00edt\u00e1st v\u00e9geznek, ink\u00e1bb a lecsiszolt fogfelsz\u00ednt v\u00e9dik \u00e9s vissza\u00e1ll\u00edtj\u00e1k a r\u00e1g\u00f3funkci\u00f3t.<\/p>","protected":false},"author":3,"featured_media":6023,"comment_status":"closed","ping_status":"closed","sticky":false,"template":"","format":"standard","meta":{"footnotes":"","_joinchat":[]},"categories":[46],"tags":[],"acf":[],"aioseo_notices":[],"_links":{"self":[{"href":"https:\/\/www.smiledesigncenter.hu\/de\/wp-json\/wp\/v2\/posts\/5906"}],"collection":[{"href":"https:\/\/www.smiledesigncenter.hu\/de\/wp-json\/wp\/v2\/posts"}],"about":[{"href":"https:\/\/www.smiledesigncenter.hu\/de\/wp-json\/wp\/v2\/types\/post"}],"author":[{"embeddable":true,"href":"https:\/\/www.smiledesigncenter.hu\/de\/wp-json\/wp\/v2\/users\/3"}],"replies":[{"embeddable":true,"href":"https:\/\/www.smiledesigncenter.hu\/de\/wp-json\/wp\/v2\/comments?post=5906"}],"version-history":[{"count":4,"href":"https:\/\/www.smiledesigncenter.hu\/de\/wp-json\/wp\/v2\/posts\/5906\/revisions"}],"predecessor-version":[{"id":6024,"href":"https:\/\/www.smiledesigncenter.hu\/de\/wp-json\/wp\/v2\/posts\/5906\/revisions\/6024"}],"wp:featuredmedia":[{"embeddable":true,"href":"https:\/\/www.smiledesigncenter.hu\/de\/wp-json\/wp\/v2\/media\/6023"}],"wp:attachment":[{"href":"https:\/\/www.smiledesigncenter.hu\/de\/wp-json\/wp\/v2\/media?parent=5906"}],"wp:term":[{"taxonomy":"category","embeddable":true,"href":"https:\/\/www.smiledesigncenter.hu\/de\/wp-json\/wp\/v2\/categories?post=5906"},{"taxonomy":"post_tag","embeddable":true,"href":"https:\/\/www.smiledesigncenter.hu\/de\/wp-json\/wp\/v2\/tags?post=5906"}],"curies":[{"name":"wp","href":"https:\/\/api.w.org\/{rel}","templated":true}]}}