{"id":5928,"date":"2019-04-12T13:38:57","date_gmt":"2019-04-12T13:38:57","guid":{"rendered":"https:\/\/www.smiledesigncenter.hu\/?p=5928"},"modified":"2019-04-12T13:38:57","modified_gmt":"2019-04-12T13:38:57","slug":"amit-a-fogszabalyozasrol-tudni-kell","status":"publish","type":"post","link":"https:\/\/www.smiledesigncenter.hu\/de\/2019\/04\/12\/amit-a-fogszabalyozasrol-tudni-kell\/","title":{"rendered":"Amit a fogszab\u00e1lyoz\u00e1sr\u00f3l tudni kell"},"content":{"rendered":"<!-- Facebook Like Button Vivacity Infotech BEGIN -->\n<div class=\"fb-like\" data-href=\"https:\/\/www.smiledesigncenter.hu\/de\/2019\/04\/12\/amit-a-fogszabalyozasrol-tudni-kell\/\" data-layout=\"standard\" data-action=\"recommend\" data-show-faces=\"false\" data-size=\"small\" data-width=\"450\" data-share=\"1\" ><\/div>\n<!-- Facebook Like Button Vivacity Infotech END -->\n<p>A <a href=\"https:\/\/www.smiledesigncenter.hu\/de\/zahnrichtung\/\" target=\"_blank\" rel=\"noopener noreferrer\">fogszab\u00e1lyoz\u00e1s egy k\u00edm\u00e9letes<\/a>, de hat\u00e1rozott m\u00f3dszer arra, hogy a helytelen poz\u00edci\u00f3ban \u00e1ll\u00f3 fogakat h\u00f3napok alatt megfelel\u0151 helyre \u00e1ll\u00edtsa. A menete tudom\u00e1nyos alapokra \u00e9p\u00fcl\u0151, tudatosan megtervezett l\u00e9p\u00e9sek sorozata. B\u00e1rmely \u00e9letkorban k\u00e9pes szebb\u00e9 tenni egy mosolyt, m\u00e9gis l\u00e9tezik egy optim\u00e1lis id\u0151szak a kezel\u00e9s megind\u00edt\u00e1s\u00e1ra. Az ebben az \u00e9letkorban elkezdett kezel\u00e9s garant\u00e1lja ugyanis a legjobb eredm\u00e9nyt.<!--more--><\/p>\n<p>2 f\u0151 csoportja van. Az egyik a gyerekkori, a m\u00e1sik a feln\u0151ttkori fogszab\u00e1lyz\u00e1s. T\u00e9vhitekkel ellent\u00e9tben feln\u0151tt korban is t\u00f6k\u00e9letesen lehet szab\u00e1lyozni a fogakat. Ebben az id\u0151szakban m\u00e1r kifejl\u0151d\u00f6tt az \u00e1llkapocs, \u00edgy legink\u00e1bb a fogak mozgat\u00e1s\u00e1ra van lehet\u0151s\u00e9g, b\u00e1r a r\u00e1ford\u00edtott id\u0151 mindenk\u00e9pp hosszabb, mint a gyermekkorban.<\/p>\n<h3>Feln\u0151ttkori fogszab\u00e1lyz\u00e1s<\/h3>\n<p>M\u00e1sfajta fogszab\u00e1lyz\u00f3 k\u00e9sz\u00fcl\u00e9keket haszn\u00e1lunk a feln\u0151ttek eset\u00e9ben, mint a gyermekekn\u00e9l. Kisebb rendelleness\u00e9gekkor gyakran el\u00e9gnek bizonyul a kivehet\u0151 v\u00e1ltozat. Ennek a fajt\u00e1nak is kett\u0151 csoportja van. A hagyom\u00e1nyos, ami hasonl\u00edt a gyerekfog\u00e1szatban haszn\u00e1lthoz, ez a f\u00e9m-m\u0171anyag kombin\u00e1ci\u00f3. M\u00e1sik az \u00fagynevezett l\u00e1thatatlan t\u00edpus, amelyn\u00e9l a fogsorra helyezett m\u0171anyag s\u00edn \u00e1tl\u00e1tsz\u00f3. Legt\u00f6bb feln\u0151tt\u0151l t\u00e1vol \u00e1ll a r\u00f6gz\u00edtett m\u00f3d, eszt\u00e9tikai szempontok miatt. De el\u00e9rhet\u0151ek m\u00e1r szinte teljesen \u00e9szrevehetetlen eszk\u00f6z\u00f6k is. A hagyom\u00e1nyos, f\u00e9mb\u0151l k\u00e9sz\u00fclt fogszab\u00e1lyz\u00f3n k\u00edv\u00fcl fogsz\u00ednhez igazod\u00f3 ker\u00e1mia k\u00e9sz\u00fcl\u00e9k is kaphat\u00f3, ami kev\u00e9sb\u00e9 felt\u0171n\u0151.<\/p>\n<p><img decoding=\"async\" loading=\"lazy\" class=\"aligncenter size-full wp-image-3377\" src=\"https:\/\/www.smiledesigncenter.hu\/wp-content\/uploads\/2017\/11\/gyermek-fogszabalyozas.jpg\" alt=\"\" width=\"600\" height=\"300\" srcset=\"https:\/\/www.smiledesigncenter.hu\/wp-content\/uploads\/2017\/11\/gyermek-fogszabalyozas.jpg 600w, https:\/\/www.smiledesigncenter.hu\/wp-content\/uploads\/2017\/11\/gyermek-fogszabalyozas-300x150.jpg 300w\" sizes=\"(max-width: 600px) 100vw, 600px\" \/><\/p>\n<p>De v\u00e1laszthat\u00f3ak a fog bels\u0151 oldal\u00e1ra felszerelt megold\u00e1sok, \u00edgy akkor sem kell megijedni ha a fogaink rendelleness\u00e9ge olyan m\u00e9rt\u00e9k\u0171, hogy az orvosok az \u00e1lland\u00f3 szab\u00e1lyz\u00e1st aj\u00e1nlj\u00e1k. Feln\u0151ttkorban a kezel\u00e9sre nem mindig a fogak helyzete miatt van sz\u00fcks\u00e9g. A m\u00e9ly harap\u00e1sra, a nyitott harap\u00e1sra \u00e9s a kereszt harap\u00e1s megsz\u00fcntet\u00e9s\u00e9re is megold\u00e1st ny\u00fajt. Ilyen korban az ember nem a sz\u00fcl\u0151i k\u00e9nyszer miatt, hanem \u00f6nsz\u00e1nt\u00e1b\u00f3l szeretne t\u00f6k\u00e9letes mosolyt mag\u00e1nak. Ez\u00e9rt sokkal prec\u00edzebben \u00fcgyel a sz\u00e1jhigi\u00e9ni\u00e1ra, mint esetleg gyermeki fejjel. B\u00e1rmennyire lenne j\u00f3 elker\u00fclni, sajnos vannak olyan esetek, amikor a fogszab\u00e1lyz\u00e1s els\u0151 l\u00e9p\u00e9sk\u00e9nt bizony fogat kell elt\u00e1vol\u00edtani. Ilyenkor egyszer\u0171en helyet kell felszabad\u00edtani a t\u00f6bbi fognak. Minden ilyen fogelt\u00e1vol\u00edt\u00e1sn\u00e1l hosszas konzult\u00e1ci\u00f3 zajlik az orvos \u00e9s a p\u00e1ciens k\u00f6z\u00f6tt.<\/p>\n<h3>Gyermekkori fogszab\u00e1lyz\u00e1s<\/h3>\n<p>A gyerekek sz\u00e1j\u00e1ban 20 db tejfog tal\u00e1lhat\u00f3. A fogv\u00e1lt\u00e1s beindul\u00e1s\u00e1val a 20 fog hely\u00e9re 32 marad\u00f3 fog n\u0151 ki, ami sok probl\u00e9m\u00e1hoz vezethet. Sajnos gyakran ilyenkor alakulnak ki a fog\u00e1szati rendelleness\u00e9gek. P\u00e9ld\u00e1ul a nyitott harap\u00e1s, torl\u00f3d\u00e1s vagy a sz\u0171k fog\u00edv. A szab\u00e1lyz\u00e1ssal kapcsolatos els\u0151 vizsg\u00e1latot \u00e9rdemes m\u00e1r 6 \u00e9ves kor k\u00f6rn\u00e9k\u00e9re tenni. Ilyenkor az orvos m\u00e1r l\u00e1tja az esetleges k\u00e9s\u0151bbi probl\u00e9m\u00e1kat. Az els\u0151 fogszab\u00e1lyoz\u00f3 8-9 \u00e9ves korban k\u00e9sz\u00fclhet el, ami speci\u00e1lisan v\u00e1lt\u00f3 fogazathoz van tervezve. Ilyenkor a gyermek csak \u00e9jszaka viseli a k\u00e9sz\u00fcl\u00e9ket. Enn\u00e9l a szab\u00e1lyz\u00e1sn\u00e1l nem kell megv\u00e1rni a tejfogak teljes cser\u00e9j\u00e9t, hiszen legt\u00f6bbsz\u00f6r m\u00e1r ott rossz poz\u00edci\u00f3ban bukkannak el\u0151 az \u00faj fogak. Ennek az eredm\u00e9nye a fogv\u00e1lt\u00e1st\u00f3l, a rendelleness\u00e9g m\u00e9rt\u00e9k\u00e9t\u0151l \u00e9s az \u00e1llkapocs \u00e1llapot\u00e1t\u00f3l f\u00fcgg\u0151en 1-4 \u00e9vig kitarthat.<\/p>","protected":false},"excerpt":{"rendered":"<p>A fogszab\u00e1lyoz\u00e1s egy k\u00edm\u00e9letes, de hat\u00e1rozott m\u00f3dszer arra, hogy a helytelen poz\u00edci\u00f3ban \u00e1ll\u00f3 fogakat h\u00f3napok alatt megfelel\u0151 helyre \u00e1ll\u00edtsa. A menete tudom\u00e1nyos alapokra \u00e9p\u00fcl\u0151, tudatosan megtervezett l\u00e9p\u00e9sek sorozata.<\/p>","protected":false},"author":3,"featured_media":3377,"comment_status":"closed","ping_status":"closed","sticky":false,"template":"","format":"standard","meta":{"footnotes":"","_joinchat":[]},"categories":[46],"tags":[],"acf":[],"aioseo_notices":[],"_links":{"self":[{"href":"https:\/\/www.smiledesigncenter.hu\/de\/wp-json\/wp\/v2\/posts\/5928"}],"collection":[{"href":"https:\/\/www.smiledesigncenter.hu\/de\/wp-json\/wp\/v2\/posts"}],"about":[{"href":"https:\/\/www.smiledesigncenter.hu\/de\/wp-json\/wp\/v2\/types\/post"}],"author":[{"embeddable":true,"href":"https:\/\/www.smiledesigncenter.hu\/de\/wp-json\/wp\/v2\/users\/3"}],"replies":[{"embeddable":true,"href":"https:\/\/www.smiledesigncenter.hu\/de\/wp-json\/wp\/v2\/comments?post=5928"}],"version-history":[{"count":2,"href":"https:\/\/www.smiledesigncenter.hu\/de\/wp-json\/wp\/v2\/posts\/5928\/revisions"}],"predecessor-version":[{"id":5930,"href":"https:\/\/www.smiledesigncenter.hu\/de\/wp-json\/wp\/v2\/posts\/5928\/revisions\/5930"}],"wp:featuredmedia":[{"embeddable":true,"href":"https:\/\/www.smiledesigncenter.hu\/de\/wp-json\/wp\/v2\/media\/3377"}],"wp:attachment":[{"href":"https:\/\/www.smiledesigncenter.hu\/de\/wp-json\/wp\/v2\/media?parent=5928"}],"wp:term":[{"taxonomy":"category","embeddable":true,"href":"https:\/\/www.smiledesigncenter.hu\/de\/wp-json\/wp\/v2\/categories?post=5928"},{"taxonomy":"post_tag","embeddable":true,"href":"https:\/\/www.smiledesigncenter.hu\/de\/wp-json\/wp\/v2\/tags?post=5928"}],"curies":[{"name":"wp","href":"https:\/\/api.w.org\/{rel}","templated":true}]}}