{"id":5932,"date":"2019-04-24T12:48:44","date_gmt":"2019-04-24T12:48:44","guid":{"rendered":"https:\/\/www.smiledesigncenter.hu\/?p=5932"},"modified":"2019-04-24T12:48:44","modified_gmt":"2019-04-24T12:48:44","slug":"ne-csak-akkor-vigyuk-gyermekeinket-fogorvoshoz-ha-mar-baj-van","status":"publish","type":"post","link":"https:\/\/www.smiledesigncenter.hu\/de\/2019\/04\/24\/ne-csak-akkor-vigyuk-gyermekeinket-fogorvoshoz-ha-mar-baj-van\/","title":{"rendered":"Ne csak akkor vigy\u00fck gyermekeinket fogorvoshoz, ha m\u00e1r baj van"},"content":{"rendered":"<!-- Facebook Like Button Vivacity Infotech BEGIN -->\n<div class=\"fb-like\" data-href=\"https:\/\/www.smiledesigncenter.hu\/de\/2019\/04\/24\/ne-csak-akkor-vigyuk-gyermekeinket-fogorvoshoz-ha-mar-baj-van\/\" data-layout=\"standard\" data-action=\"recommend\" data-show-faces=\"false\" data-size=\"small\" data-width=\"450\" data-share=\"1\" ><\/div>\n<!-- Facebook Like Button Vivacity Infotech END -->\n<p>A gyermekfog\u00e1szat jelent\u0151s\u00e9ge sokkal nagyobb, mint azt sz\u00fcl\u0151k\u00e9nt gondoln\u00e1nk, hiszen gyermekeink fogainak eg\u00e9szs\u00e9ge eg\u00e9sz \u00e9let\u00fckre hat\u00e1st gyakorol majd. Az eg\u00e9szs\u00e9ges fogak el\u0151seg\u00edtik a gyerk\u0151c\u00f6k probl\u00e9ma mentes \u00e9let\u00e9t. Nagy jelent\u0151s\u00e9ge van annak, hogy m\u00e9g eg\u00e9szen kis korban megismerkedjenek a fogorvosi rendel\u0151vel, a fog\u00e1szati kezel\u00e9sekkel. A gyermekkorban kialakult fog\u00e1szati probl\u00e9m\u00e1k t\u00f6bbs\u00e9ge m\u00f6g\u00f6tt legt\u00f6bbsz\u00f6r genetikai okok h\u00faz\u00f3dnak meg. Az els\u0151 tal\u00e1lkoz\u00e1s a fogorvossal meghat\u00e1roz\u00f3 \u00e9lm\u00e9ny lesz.<!--more--><\/p>\n<p>Nagyon fontos, hogy a legkisebb p\u00e1ciens is kellemes \u00e9lm\u00e9nyekkel t\u00e1vozzon a rendel\u0151b\u0151l. Ha az els\u0151 tal\u00e1lkoz\u00e1sra j\u00f3 eml\u00e9kk\u00e9nt fog gondolni, akkor nem lesz oka a k\u00e9s\u0151bbiekben f\u00e9lni a fogorvosokt\u00f3l.<\/p>\n<p>De mikor vigy\u00fck el\u0151sz\u00f6r a gyereket fog\u00e1szatra? A sz\u00fcl\u0151nek mindig azt aj\u00e1nljuk, hogy ak\u00e1r t\u00f6bbsz\u00f6r is l\u00e1togasson el hozz\u00e1nk a gyerek\u00e9vel. Els\u0151 l\u00e9p\u00e9sk\u00e9nt ismerkedjen meg a v\u00e1r\u00f3teremmel, az orvosokkal. Megismerkedhet a kezel\u0151sz\u00e9kkel, a m\u0171szerekkel \u00e9s m\u00e1r nem fog legk\u00f6zelebb f\u00e9lni az ismeretlen dolgokt\u00f3l.\u00a0 Ne \u00e9rezze mag\u00e1t semmire r\u00e1k\u00e9nyszer\u00edtve. Id\u0151vel a lurk\u00f3 \u00f6nsz\u00e1nt\u00e1b\u00f3l fog a kezel\u0151sz\u00e9kbe pattanni. 3 \u00e9ves kor\u00e1ra mindenk\u00e9pp \u00e9rdemes egy fogorvosnak ellen\u0151riznie gyermek\u00fcnk fogait, m\u00e9g akkor is ha nincsenek panaszok.<\/p>\n<h3>Tejfog szuvasod\u00e1sa<\/h3>\n<p>Sajnos, m\u00e9g ma is \u00e9l az a t\u00e9vhit, hogy a tejfogak szuvasod\u00e1s\u00e1val nem kell foglalkozni, hiszen ezek csak \u00e1tmeneti fogak. Ha ez igaz lenne nem is lenne sz\u00fcks\u00e9g a gyermekfog\u00e1szatokra. De a tejfoggal ugyan\u00fagy kell foglalkozni, mint a maradand\u00f3 fogakkal. A tejfog szuvasod\u00e1sa az\u00e9rt k\u00f6vetkezik be sokkal k\u00f6nnyebben, mert a zom\u00e1nc vastags\u00e1ga feleakkora, mint a maradand\u00f3\u00e9. A szuvasod\u00e1s megel\u0151z\u00e9s\u00e9ben els\u0151 szerepe a sz\u00fcl\u0151nek van.<\/p>\n<p><img decoding=\"async\" loading=\"lazy\" class=\"aligncenter size-full wp-image-2053\" src=\"https:\/\/www.smiledesigncenter.hu\/wp-content\/uploads\/2017\/07\/gyermekfogaszat-gyermekfogorvos-nyiregyhaza.jpg\" alt=\"\" width=\"800\" height=\"283\" srcset=\"https:\/\/www.smiledesigncenter.hu\/wp-content\/uploads\/2017\/07\/gyermekfogaszat-gyermekfogorvos-nyiregyhaza.jpg 800w, https:\/\/www.smiledesigncenter.hu\/wp-content\/uploads\/2017\/07\/gyermekfogaszat-gyermekfogorvos-nyiregyhaza-300x106.jpg 300w, https:\/\/www.smiledesigncenter.hu\/wp-content\/uploads\/2017\/07\/gyermekfogaszat-gyermekfogorvos-nyiregyhaza-768x272.jpg 768w\" sizes=\"(max-width: 800px) 100vw, 800px\" \/><\/p>\n<p>Amennyiben kell\u0151en figyelemmel k\u00eds\u00e9rj\u00fcnk a lurk\u00f3 fogainak az \u00e1llapot\u00e1t, hamar szembe fog t\u0171nni a szuvasod\u00e1s. Ha pedig \u00e9szrevett\u00fck, min\u00e9l hamarabb n\u00e9zess\u00fck meg a fogorvosunkkal. Amikor a tejfog fel\u00fclet\u00e9n m\u00e9g csak kicsi a szuvasod\u00e1s, \u00e9ppen megjelent, akkor k\u00f6nnyebb elt\u00e1vol\u00edtani a szuvas r\u00e9szt, mert elegend\u0151 elcsiszolni, majd ecsetelni. Amikor a tejfog szuvasod\u00e1sa k\u00fcl\u00f6n\u00f6sen m\u00e9ly, akkor azt azonnal kezelni kell, mert gyullad\u00e1ssal \u00e9s l\u00e1zzal j\u00e1rhat. Ilyen esetben a gyermekfog\u00e1szat kezel\u00e9s gy\u00f6k\u00e9rkezel\u00e9st jelent, valamint antibiotikum k\u00far\u00e1t.<\/p>\n<h3>Megel\u0151z\u00e9s<\/h3>\n<p>A leggyakrabban alkalmazott megel\u0151z\u0151 elj\u00e1r\u00e1sok a fluoridkezel\u00e9s \u00e9s a bar\u00e1zdaz\u00e1r\u00e1s. A bar\u00e1zdaz\u00e1r\u00e1s els\u0151sorban prevent\u00edv ell\u00e1t\u00e1s. Feladata az, hogy megel\u0151zze a fogszuvasod\u00e1s kialakul\u00e1s\u00e1t. A fogakon tal\u00e1lhat\u00f3 term\u00e9szetes r\u00e1g\u00f3felsz\u00edni bar\u00e1zd\u00e1k \u00e9s g\u00f6dr\u00f6csk\u00e9k kedvez\u0151 felt\u00e9telt teremtenek a fogszuvasod\u00e1s kialakul\u00e1s\u00e1nak. A kezel\u00e9s sor\u00e1n egy speci\u00e1lis fluorid tartalm\u00fa anyaggal felt\u00f6ltj\u00fck a fogak bar\u00e1zdarendszer\u00e9t. Ezzel az anyaggal lez\u00e1rj\u00e1k a bar\u00e1zd\u00e1kat, a felsz\u00edneken megakad\u00e1lyozza a plakk lerak\u00f3d\u00e1s\u00e1t \u00e9s a fogszuvasod\u00e1st. Az anyag p\u00e1r \u00e9ven bel\u00fcl kit\u00f6redezik a fogb\u00f3l, de addigra a gyermek felcseperedik, tudatosan tiszt\u00edtja a fogait. A fluorid nagyon hat\u00e9kony eszk\u00f6ze a fogszuvasod\u00e1s megel\u0151z\u00e9s\u00e9nek. A fluoridok el\u0151seg\u00edtik az \u00e1sv\u00e1nyi anyagok vissza\u00e9p\u00fcl\u00e9s\u00e9t a meggyeng\u00fclt fogzom\u00e1ncba, bevitele er\u0151s\u00edti a fogzom\u00e1ncot a fogszuvasod\u00e1ssal szemben.<\/p>","protected":false},"excerpt":{"rendered":"<p>A gyermekfog\u00e1szat jelent\u0151s\u00e9ge sokkal nagyobb, mint azt sz\u00fcl\u0151k\u00e9nt gondoln\u00e1nk, hiszen gyermekeink fogainak eg\u00e9szs\u00e9ge eg\u00e9sz \u00e9let\u00fckre hat\u00e1st gyakorol majd. Az eg\u00e9szs\u00e9ges fogak el\u0151seg\u00edtik a gyerk\u0151c\u00f6k probl\u00e9ma mentes \u00e9let\u00e9t.<\/p>","protected":false},"author":3,"featured_media":3015,"comment_status":"closed","ping_status":"closed","sticky":false,"template":"","format":"standard","meta":{"footnotes":"","_joinchat":[]},"categories":[46],"tags":[],"acf":[],"aioseo_notices":[],"_links":{"self":[{"href":"https:\/\/www.smiledesigncenter.hu\/de\/wp-json\/wp\/v2\/posts\/5932"}],"collection":[{"href":"https:\/\/www.smiledesigncenter.hu\/de\/wp-json\/wp\/v2\/posts"}],"about":[{"href":"https:\/\/www.smiledesigncenter.hu\/de\/wp-json\/wp\/v2\/types\/post"}],"author":[{"embeddable":true,"href":"https:\/\/www.smiledesigncenter.hu\/de\/wp-json\/wp\/v2\/users\/3"}],"replies":[{"embeddable":true,"href":"https:\/\/www.smiledesigncenter.hu\/de\/wp-json\/wp\/v2\/comments?post=5932"}],"version-history":[{"count":4,"href":"https:\/\/www.smiledesigncenter.hu\/de\/wp-json\/wp\/v2\/posts\/5932\/revisions"}],"predecessor-version":[{"id":5936,"href":"https:\/\/www.smiledesigncenter.hu\/de\/wp-json\/wp\/v2\/posts\/5932\/revisions\/5936"}],"wp:featuredmedia":[{"embeddable":true,"href":"https:\/\/www.smiledesigncenter.hu\/de\/wp-json\/wp\/v2\/media\/3015"}],"wp:attachment":[{"href":"https:\/\/www.smiledesigncenter.hu\/de\/wp-json\/wp\/v2\/media?parent=5932"}],"wp:term":[{"taxonomy":"category","embeddable":true,"href":"https:\/\/www.smiledesigncenter.hu\/de\/wp-json\/wp\/v2\/categories?post=5932"},{"taxonomy":"post_tag","embeddable":true,"href":"https:\/\/www.smiledesigncenter.hu\/de\/wp-json\/wp\/v2\/tags?post=5932"}],"curies":[{"name":"wp","href":"https:\/\/api.w.org\/{rel}","templated":true}]}}