{"id":6615,"date":"2020-06-20T10:02:57","date_gmt":"2020-06-20T10:02:57","guid":{"rendered":"https:\/\/www.smiledesigncenter.hu\/?p=6615"},"modified":"2020-06-20T10:02:57","modified_gmt":"2020-06-20T10:02:57","slug":"amit-a-tejfogakrol-tudni-erdemes","status":"publish","type":"post","link":"https:\/\/www.smiledesigncenter.hu\/de\/2020\/06\/20\/amit-a-tejfogakrol-tudni-erdemes\/","title":{"rendered":"Amit a tejfogakr\u00f3l tudni \u00e9rdemes"},"content":{"rendered":"<!-- Facebook Like Button Vivacity Infotech BEGIN -->\n<div class=\"fb-like\" data-href=\"https:\/\/www.smiledesigncenter.hu\/de\/2020\/06\/20\/amit-a-tejfogakrol-tudni-erdemes\/\" data-layout=\"standard\" data-action=\"recommend\" data-show-faces=\"false\" data-size=\"small\" data-width=\"450\" data-share=\"1\" ><\/div>\n<!-- Facebook Like Button Vivacity Infotech END -->\n<p>Tejfogaknak azokat a fogakat nevezz\u00fck, melyek el\u0151sz\u00f6r b\u00fajnak el\u0151 a kisgyermek sz\u00e1j\u00e1ban. \u00c1ltal\u00e1ban 6 h\u00f3napos kort\u00f3l kezd\u0151dik a fogz\u00e1s id\u0151szak \u00e9s k\u00f6r\u00fclbel\u00fcl 3 \u00e9ves korig mind a 20 fogacska megjelenik a sz\u00e1jban. De mit \u00e9rdemes tudni?<\/p>\n<p>Az els\u0151 \u00e9s legfontosabb, hogy a tejfogat ugyan\u00fagy \u00e9s ugyanolyan rendszeress\u00e9ggel kell \u00e1polni, mint a maradand\u00f3 fogakat. Sokan \u00fagy gondolj\u00e1k t\u00e9vesen, hogy ezek a kis fogacsk\u00e1k elhanyagolhat\u00f3k, hiszen \u00fagyis n\u0151 helyett\u00fck m\u00e1sik. Azonban ezek a tejfogak fontos szerepet t\u00f6ltenek be a gyermek \u00e9let\u00e9ben a r\u00e1g\u00e1s, harap\u00e1s folyamat\u00e1ban, amikor a szil\u00e1rd t\u00e1pl\u00e1l\u00e9kkal ismerkednek \u00e9s elengedhetetlen a helyes besz\u00e9dhangok k\u00e9pz\u00e9s\u00e9hez is.<\/p>\n<p>Egy\u00e9rtelm\u0171 teh\u00e1t, hogy mennyire fontos a tejfogak meg\u0151rz\u00e9se annak t\u00e9nyleges kihull\u00e1s\u00e1ig, hiszen a fogacsk\u00e1k hi\u00e1nya megnehez\u00edtheti a gyermek \u00e9tkez\u00e9s\u00e9t \u00e9s besz\u00e9dhib\u00e1khoz is vezethet korai elveszt\u00e9s\u00fck.<\/p>\n<p>A szuvas tejfogak, ak\u00e1r a maradand\u00f3 fogakat is vesz\u00e9lyeztethetik. Ha a fogat k\u00f6r\u00fclvev\u0151 csontsz\u00f6vet szuvasod\u00e1s miatt begyullad, az ak\u00e1r a maradand\u00f3 fog cs\u00edr\u00e1j\u00e1t is roncsolhatja. Abban az esetben pedig, ha el kell t\u00e1vol\u00edtani a tejfogakat, azok nem k\u00e9pesek tov\u00e1bb fenntartani a helyet az \u00e1lland\u00f3 fogak sz\u00e1m\u00e1ra, \u00edgy a maradand\u00f3 fogaknak nem marad el\u00e9g hely. Ez a k\u00e9s\u0151bbiekben fogtorl\u00f3d\u00e1shoz vezethet, amit fogszab\u00e1lyoz\u00e1ssal lehet orvosolni.<\/p>\n<p>Fontos, hogy a sz\u00fcl\u0151k megtan\u00edts\u00e1k a helyes fog\u00e1pol\u00e1st gyermekeiknek, \u00e9s hasznos lehet, ha a korai \u00e9vekben m\u00e9g jelen vannak a fogmos\u00e1skor, seg\u00edtve, hogy t\u00f6k\u00e9letesen v\u00e9gezze el a gyermek, ezzel is meg\u00f3vva a fogak szuvasod\u00e1s\u00e1t.<\/p>\n<p>Aj\u00e1nljuk, hogy az \u00e9pp fogak mellett is vigy\u00fck el a gyermekeket legal\u00e1bb f\u00e9l\u00e9vente fog\u00e1szati kontrollra.<\/p>","protected":false},"excerpt":{"rendered":"<p>Tejfogaknak azokat a fogakat nevezz\u00fck, melyek el\u0151sz\u00f6r b\u00fajnak el\u0151 a kisgyermek sz\u00e1j\u00e1ban. \u00c1ltal\u00e1ban 6 h\u00f3napos kort\u00f3l kezd\u0151dik a fogz\u00e1s id\u0151szak \u00e9s k\u00f6r\u00fclbel\u00fcl 3 \u00e9ves korig mind a 20 fogacska megjelenik a sz\u00e1jban. De mit \u00e9rdemes tudni? Az els\u0151 \u00e9s legfontosabb, hogy a tejfogat ugyan\u00fagy \u00e9s ugyanolyan rendszeress\u00e9ggel kell \u00e1polni, mint a maradand\u00f3 fogakat. Sokan \u00fagy<a class=\"moretag\" href=\"https:\/\/www.smiledesigncenter.hu\/de\/templatera\/a-tokeletes-mosolyhoz-csak-egy-idopont-foglalas-hianyzik\/\"> \u2026Weiter zum Artikel\u2026<\/a><\/p>","protected":false},"author":2,"featured_media":6616,"comment_status":"closed","ping_status":"closed","sticky":false,"template":"","format":"standard","meta":{"footnotes":"","_joinchat":[]},"categories":[46],"tags":[],"acf":[],"aioseo_notices":[],"_links":{"self":[{"href":"https:\/\/www.smiledesigncenter.hu\/de\/wp-json\/wp\/v2\/posts\/6615"}],"collection":[{"href":"https:\/\/www.smiledesigncenter.hu\/de\/wp-json\/wp\/v2\/posts"}],"about":[{"href":"https:\/\/www.smiledesigncenter.hu\/de\/wp-json\/wp\/v2\/types\/post"}],"author":[{"embeddable":true,"href":"https:\/\/www.smiledesigncenter.hu\/de\/wp-json\/wp\/v2\/users\/2"}],"replies":[{"embeddable":true,"href":"https:\/\/www.smiledesigncenter.hu\/de\/wp-json\/wp\/v2\/comments?post=6615"}],"version-history":[{"count":1,"href":"https:\/\/www.smiledesigncenter.hu\/de\/wp-json\/wp\/v2\/posts\/6615\/revisions"}],"predecessor-version":[{"id":6617,"href":"https:\/\/www.smiledesigncenter.hu\/de\/wp-json\/wp\/v2\/posts\/6615\/revisions\/6617"}],"wp:featuredmedia":[{"embeddable":true,"href":"https:\/\/www.smiledesigncenter.hu\/de\/wp-json\/wp\/v2\/media\/6616"}],"wp:attachment":[{"href":"https:\/\/www.smiledesigncenter.hu\/de\/wp-json\/wp\/v2\/media?parent=6615"}],"wp:term":[{"taxonomy":"category","embeddable":true,"href":"https:\/\/www.smiledesigncenter.hu\/de\/wp-json\/wp\/v2\/categories?post=6615"},{"taxonomy":"post_tag","embeddable":true,"href":"https:\/\/www.smiledesigncenter.hu\/de\/wp-json\/wp\/v2\/tags?post=6615"}],"curies":[{"name":"wp","href":"https:\/\/api.w.org\/{rel}","templated":true}]}}