{"id":13022,"date":"2024-03-25T07:32:34","date_gmt":"2024-03-25T07:32:34","guid":{"rendered":"https:\/\/www.smiledesigncenter.hu\/?p=13022"},"modified":"2024-03-25T07:34:20","modified_gmt":"2024-03-25T07:34:20","slug":"fogfeherites-utan-csak-feher-eteleket-es-italokat-szabad-enni","status":"publish","type":"post","link":"https:\/\/www.smiledesigncenter.hu\/en\/2024\/03\/25\/fogfeherites-utan-csak-feher-eteleket-es-italokat-szabad-enni\/","title":{"rendered":"Fogfeh\u00e9r\u00edt\u00e9s ut\u00e1n csak feh\u00e9r \u00e9teleket \u00e9s italokat szabad enni?"},"content":{"rendered":"<!-- Facebook Like Button Vivacity Infotech BEGIN -->\n<div class=\"fb-like\" data-href=\"https:\/\/www.smiledesigncenter.hu\/en\/2024\/03\/25\/fogfeherites-utan-csak-feher-eteleket-es-italokat-szabad-enni\/\" data-layout=\"standard\" data-action=\"recommend\" data-show-faces=\"false\" data-size=\"small\" data-width=\"450\" data-share=\"1\" ><\/div>\n<!-- Facebook Like Button Vivacity Infotech END -->\n<p>Ahogy az emberek egyre ink\u00e1bb figyelmet ford\u00edtanak megjelen\u00e9s\u00fckre \u00e9s \u00f6nbizalmukra, a fogfeh\u00e9r\u00edt\u00e9s egyre n\u00e9pszer\u0171bb\u00e9 v\u00e1lik. Azonban sokan, akik ezt a kezel\u00e9st v\u00e1lasztj\u00e1k, gyakran ker\u00fclnek olyan tan\u00e1csokkal szembe, hogy a fogfeh\u00e9r\u00edt\u00e9s ut\u00e1n csak feh\u00e9r \u00e9teleket \u00e9s italokat fogyasszanak, hogy meg\u0151rizz\u00e9k a ragyog\u00f3 mosolyt. De vajon val\u00f3ban \u00edgy van?<\/p>\n<p><img decoding=\"async\" loading=\"lazy\" class=\"aligncenter size-full wp-image-13023\" src=\"https:\/\/www.smiledesigncenter.hu\/wp-content\/uploads\/2024\/03\/feher-etelek-fogfeherites-utan.jpg\" alt=\"\" width=\"1200\" height=\"628\" srcset=\"https:\/\/www.smiledesigncenter.hu\/wp-content\/uploads\/2024\/03\/feher-etelek-fogfeherites-utan.jpg 1200w, https:\/\/www.smiledesigncenter.hu\/wp-content\/uploads\/2024\/03\/feher-etelek-fogfeherites-utan-300x157.jpg 300w, https:\/\/www.smiledesigncenter.hu\/wp-content\/uploads\/2024\/03\/feher-etelek-fogfeherites-utan-1024x536.jpg 1024w, https:\/\/www.smiledesigncenter.hu\/wp-content\/uploads\/2024\/03\/feher-etelek-fogfeherites-utan-18x9.jpg 18w\" sizes=\"(max-width: 1200px) 100vw, 1200px\" \/><\/p>\n<p>A fogfeh\u00e9r\u00edt\u00e9s ut\u00e1n fontos meg\u00e9rteni n\u00e9h\u00e1ny alapvet\u0151 dolgot az \u00e9telek \u00e9s italok hat\u00e1s\u00e1r\u00f3l a fogakra. El\u0151sz\u00f6r is, mi okozza a fogak elsz\u00ednez\u0151d\u00e9s\u00e9t? Legt\u00f6bbsz\u00f6r a fogak s\u00e1rg\u00e1s sz\u00edne a fogyasztott \u00e9tel- \u00e9s italmaradv\u00e1nyokhoz k\u00f6thet\u0151, amelyek lassan lerak\u00f3dnak a fogzom\u00e1nc felsz\u00edn\u00e9n. A k\u00e1v\u00e9, tea, v\u00f6r\u00f6sbor, sz\u00f3ja sz\u00f3sz \u00e9s m\u00e1s er\u0151sen pigment\u00e1lt \u00e9telek \u00e9s italok k\u00fcl\u00f6n\u00f6sen hajlamosak a fogak elsz\u00ednez\u0151d\u00e9s\u00e9re.<\/p>\n<p>A fogfeh\u00e9r\u00edt\u00e9s sor\u00e1n a fogorvosok vagy otthoni kezel\u00e9sek seg\u00edts\u00e9g\u00e9vel feh\u00e9r\u00edt\u0151 anyagot haszn\u00e1lnak, ami elt\u00e1vol\u00edtja ezeket a foltokat \u00e9s visszaadja a fogak feh\u00e9rs\u00e9g\u00e9t. Ez azonban nem azt jelenti, hogy ezek a foltok soha nem t\u00e9rnek vissza. A fogfeh\u00e9r\u00edt\u00e9s ut\u00e1n is fenn\u00e1ll a lehet\u0151s\u00e9ge annak, hogy az \u00faj foltok kialakuljanak, ha nem \u00fcgyel\u00fcnk az \u00e9trend\u00fcnkre \u00e9s az oral hygiene megfelel\u0151 gyakoris\u00e1g\u00e1ra.<\/p>\n<p>A &#8222;csak feh\u00e9r \u00e9teleket \u00e9s italokat fogyasszunk&#8221; tan\u00e1cs val\u00f3j\u00e1ban nem teljesen helyt\u00e1ll\u00f3. B\u00e1r k\u00e9ts\u00e9gtelen, hogy a rendszeres fogyaszt\u00e1suk cs\u00f6kkentheti az \u00faj foltok kialakul\u00e1s\u00e1nak kock\u00e1zat\u00e1t, az semmik\u00e9ppen sem garancia. A legfontosabb az, hogy megfelel\u0151en gondoskodjunk a fogainkr\u00f3l \u00e9s \u00e9letm\u00f3dunkr\u00f3l, hogy min\u00e9l tov\u00e1bb meg\u0151rizz\u00fck a feh\u00e9r mosolyt.<\/p>\n<p>\u00cdme n\u00e9h\u00e1ny tipp a fogfeh\u00e9r\u00edt\u00e9s ut\u00e1ni \u00e9letm\u00f3d meg\u0151rz\u00e9s\u00e9re:<\/p>\n<ol>\n<li><strong>Sz\u00e1njon id\u0151t a sz\u00e1jhigi\u00e9ni\u00e1ra:<\/strong> Rendszeresen moss fogat legal\u00e1bb naponta k\u00e9tszer fluoridos fogkr\u00e9mmel, haszn\u00e1ljon fogselymet, \u00e9s tartsa rendben fog\u00edny\u00e9t is.<\/li>\n<li><strong>Ker\u00fclje a doh\u00e1nyz\u00e1st:<\/strong> A doh\u00e1nyz\u00e1s egyike a legf\u0151bb okoknak, ami s\u00e1rg\u00e1v\u00e1 teszi a fogakat. Ha fogfeh\u00e9r\u00edt\u00e9sen esett \u00e1t, m\u00e9g ink\u00e1bb ker\u00fclje ezt a k\u00e1ros szok\u00e1st.<\/li>\n<li><strong>Ker\u00fclje a t\u00falzottan pigment\u00e1lt \u00e9teleket \u00e9s italokat:<\/strong> B\u00e1r nem kell teljesen kiiktatni az \u00e9trendb\u0151l a k\u00e1v\u00e9t vagy a v\u00f6r\u00f6sbort, \u00e9rdemes m\u00e9rt\u00e9ket tartani. Haszn\u00e1ljon sz\u00edv\u00f3sz\u00e1lat vagy \u00f6bl\u00edtse ki a sz\u00e1j\u00e1t v\u00edzzel \u00e9tkez\u00e9s ut\u00e1n.<\/li>\n<li><strong>Rendszeresen l\u00e1togasson el fogorvoshoz:<\/strong> A rendszeres fogorvosi ellen\u0151rz\u00e9sek seg\u00edtenek az id\u0151ben t\u00f6rt\u00e9n\u0151 probl\u00e9m\u00e1k felismer\u00e9s\u00e9ben \u00e9s kezel\u00e9s\u00e9ben.<\/li>\n<\/ol>\n<p>\u00d6sszess\u00e9g\u00e9ben, b\u00e1r a fogfeh\u00e9r\u00edt\u00e9s ut\u00e1n \u00e9rdemes figyelni az \u00e9trendre \u00e9s az italokra, hogy min\u00e9l hosszabb ideig meg\u0151rizz\u00fck a feh\u00e9r mosolyt, nem szabad t\u00falz\u00e1sba vinni. A megfelel\u0151 sz\u00e1jhigi\u00e9nia \u00e9s az eg\u00e9szs\u00e9ges \u00e9letm\u00f3d mindig a legfontosabbak a ragyog\u00f3 mosoly fenntart\u00e1s\u00e1ban.<\/p>","protected":false},"excerpt":{"rendered":"<p>Ahogy az emberek egyre ink\u00e1bb figyelmet ford\u00edtanak megjelen\u00e9s\u00fckre \u00e9s \u00f6nbizalmukra, a fogfeh\u00e9r\u00edt\u00e9s egyre n\u00e9pszer\u0171bb\u00e9 v\u00e1lik. Azonban sokan, akik ezt a kezel\u00e9st v\u00e1lasztj\u00e1k, gyakran ker\u00fclnek olyan tan\u00e1csokkal szembe, hogy a fogfeh\u00e9r\u00edt\u00e9s ut\u00e1n csak feh\u00e9r \u00e9teleket \u00e9s italokat fogyasszanak, hogy meg\u0151rizz\u00e9k a ragyog\u00f3 mosolyt. De vajon val\u00f3ban \u00edgy van? A fogfeh\u00e9r\u00edt\u00e9s ut\u00e1n fontos meg\u00e9rteni n\u00e9h\u00e1ny alapvet\u0151 dolgot<a class=\"moretag\" href=\"https:\/\/www.smiledesigncenter.hu\/en\/templatera\/a-tokeletes-mosolyhoz-csak-egy-idopont-foglalas-hianyzik\/\"> \u2026Read more\u2026<\/a><\/p>","protected":false},"author":2,"featured_media":13023,"comment_status":"closed","ping_status":"closed","sticky":false,"template":"","format":"standard","meta":{"footnotes":"","_joinchat":[]},"categories":[46],"tags":[],"acf":[],"aioseo_notices":[],"_links":{"self":[{"href":"https:\/\/www.smiledesigncenter.hu\/en\/wp-json\/wp\/v2\/posts\/13022"}],"collection":[{"href":"https:\/\/www.smiledesigncenter.hu\/en\/wp-json\/wp\/v2\/posts"}],"about":[{"href":"https:\/\/www.smiledesigncenter.hu\/en\/wp-json\/wp\/v2\/types\/post"}],"author":[{"embeddable":true,"href":"https:\/\/www.smiledesigncenter.hu\/en\/wp-json\/wp\/v2\/users\/2"}],"replies":[{"embeddable":true,"href":"https:\/\/www.smiledesigncenter.hu\/en\/wp-json\/wp\/v2\/comments?post=13022"}],"version-history":[{"count":3,"href":"https:\/\/www.smiledesigncenter.hu\/en\/wp-json\/wp\/v2\/posts\/13022\/revisions"}],"predecessor-version":[{"id":13026,"href":"https:\/\/www.smiledesigncenter.hu\/en\/wp-json\/wp\/v2\/posts\/13022\/revisions\/13026"}],"wp:featuredmedia":[{"embeddable":true,"href":"https:\/\/www.smiledesigncenter.hu\/en\/wp-json\/wp\/v2\/media\/13023"}],"wp:attachment":[{"href":"https:\/\/www.smiledesigncenter.hu\/en\/wp-json\/wp\/v2\/media?parent=13022"}],"wp:term":[{"taxonomy":"category","embeddable":true,"href":"https:\/\/www.smiledesigncenter.hu\/en\/wp-json\/wp\/v2\/categories?post=13022"},{"taxonomy":"post_tag","embeddable":true,"href":"https:\/\/www.smiledesigncenter.hu\/en\/wp-json\/wp\/v2\/tags?post=13022"}],"curies":[{"name":"wp","href":"https:\/\/api.w.org\/{rel}","templated":true}]}}