{"id":13061,"date":"2024-06-04T16:01:56","date_gmt":"2024-06-04T16:01:56","guid":{"rendered":"https:\/\/www.smiledesigncenter.hu\/?p=13061"},"modified":"2024-06-04T16:02:47","modified_gmt":"2024-06-04T16:02:47","slug":"fogko-eltavolitas-akcio-julius-vegeig","status":"publish","type":"post","link":"https:\/\/www.smiledesigncenter.hu\/en\/2024\/06\/04\/fogko-eltavolitas-akcio-julius-vegeig\/","title":{"rendered":"Fogk\u0151 elt\u00e1vol\u00edt\u00e1s Akci\u00f3 J\u00falius v\u00e9g\u00e9ig!"},"content":{"rendered":"<!-- Facebook Like Button Vivacity Infotech BEGIN -->\n<div class=\"fb-like\" data-href=\"https:\/\/www.smiledesigncenter.hu\/en\/2024\/06\/04\/fogko-eltavolitas-akcio-julius-vegeig\/\" data-layout=\"standard\" data-action=\"recommend\" data-show-faces=\"false\" data-size=\"small\" data-width=\"450\" data-share=\"1\" ><\/div>\n<!-- Facebook Like Button Vivacity Infotech END -->\n<p>Ultrahangos fogk\u0151elt\u00e1vol\u00edt\u00e1s \u2013 A fogk\u0151 elt\u00e1vol\u00edt\u00e1s\u00e1nak sarokk\u00f6ve, amely seg\u00edt megel\u0151zni a fog\u00ednybetegs\u00e9geket \u00e9s meg\u0151rizni a fogak eg\u00e9szs\u00e9g\u00e9t. \u00c9vente legal\u00e1bb egyszer \u00e9rdemes k\u00e9rni ezt a professzion\u00e1lis kezel\u00e9st.<\/p>\n<p>AirFlow pol\u00edroz\u00e1s \u2013 A fogak tiszt\u00edt\u00e1s\u00e1ra \u00e9s feh\u00e9r\u00edt\u00e9s\u00e9re szolg\u00e1l\u00f3 hat\u00e9kony m\u00f3dszer. Ezzel a kezel\u00e9ssel ragyog\u00f3an tiszta \u00e9s sima fogfelsz\u00ednt \u00e9rhet\u00fcnk el \u00e9s marad\u00e9ktalanul elt\u00e1vol\u00edtja a fogk\u00f6vet.<\/p>\n<p>Miut\u00e1n elt\u00e1vol\u00edtottuk a fogk\u00f6vet, a k\u00f6vetkez\u0151 l\u00e9p\u00e9s a fogak pol\u00edroz\u00e1sa. Ezt speci\u00e1lis pol\u00edroz\u00f3 paszt\u00e1val \u00e9s egy elektromos fogkef\u00e9hez hasonl\u00f3 fejjel v\u00e9gezz\u00fck. A pol\u00edroz\u00e1s sor\u00e1n a fogfelsz\u00edn sim\u00e1bb\u00e1 v\u00e1lik, \u00e9s a fogak ragyog\u00f3an tiszt\u00e1k lesznek. Ez\u00e1ltal minden p\u00e1ciens\u00fcnk csillog\u00f3bb, feh\u00e9rebb mosollyal fog hazat\u00e9rni. Ne habozzon!<\/p>\n<p>Foglaljon id\u0151pontot most: +36 20 4838855<\/p>","protected":false},"excerpt":{"rendered":"<p>Ultrahangos fogk\u0151elt\u00e1vol\u00edt\u00e1s \u2013 A fogk\u0151 elt\u00e1vol\u00edt\u00e1s\u00e1nak sarokk\u00f6ve, amely seg\u00edt megel\u0151zni a fog\u00ednybetegs\u00e9geket \u00e9s meg\u0151rizni a fogak eg\u00e9szs\u00e9g\u00e9t. \u00c9vente legal\u00e1bb egyszer \u00e9rdemes k\u00e9rni ezt a professzion\u00e1lis kezel\u00e9st. AirFlow pol\u00edroz\u00e1s \u2013 A fogak tiszt\u00edt\u00e1s\u00e1ra \u00e9s feh\u00e9r\u00edt\u00e9s\u00e9re szolg\u00e1l\u00f3 hat\u00e9kony m\u00f3dszer. Ezzel a kezel\u00e9ssel ragyog\u00f3an tiszta \u00e9s sima fogfelsz\u00ednt \u00e9rhet\u00fcnk el \u00e9s marad\u00e9ktalanul elt\u00e1vol\u00edtja a fogk\u00f6vet. Miut\u00e1n elt\u00e1vol\u00edtottuk a<a class=\"moretag\" href=\"https:\/\/www.smiledesigncenter.hu\/en\/templatera\/a-tokeletes-mosolyhoz-csak-egy-idopont-foglalas-hianyzik\/\"> \u2026Read more\u2026<\/a><\/p>","protected":false},"author":2,"featured_media":13063,"comment_status":"closed","ping_status":"closed","sticky":false,"template":"","format":"standard","meta":{"footnotes":"","_joinchat":[]},"categories":[46],"tags":[],"acf":[],"aioseo_notices":[],"_links":{"self":[{"href":"https:\/\/www.smiledesigncenter.hu\/en\/wp-json\/wp\/v2\/posts\/13061"}],"collection":[{"href":"https:\/\/www.smiledesigncenter.hu\/en\/wp-json\/wp\/v2\/posts"}],"about":[{"href":"https:\/\/www.smiledesigncenter.hu\/en\/wp-json\/wp\/v2\/types\/post"}],"author":[{"embeddable":true,"href":"https:\/\/www.smiledesigncenter.hu\/en\/wp-json\/wp\/v2\/users\/2"}],"replies":[{"embeddable":true,"href":"https:\/\/www.smiledesigncenter.hu\/en\/wp-json\/wp\/v2\/comments?post=13061"}],"version-history":[{"count":1,"href":"https:\/\/www.smiledesigncenter.hu\/en\/wp-json\/wp\/v2\/posts\/13061\/revisions"}],"predecessor-version":[{"id":13062,"href":"https:\/\/www.smiledesigncenter.hu\/en\/wp-json\/wp\/v2\/posts\/13061\/revisions\/13062"}],"wp:featuredmedia":[{"embeddable":true,"href":"https:\/\/www.smiledesigncenter.hu\/en\/wp-json\/wp\/v2\/media\/13063"}],"wp:attachment":[{"href":"https:\/\/www.smiledesigncenter.hu\/en\/wp-json\/wp\/v2\/media?parent=13061"}],"wp:term":[{"taxonomy":"category","embeddable":true,"href":"https:\/\/www.smiledesigncenter.hu\/en\/wp-json\/wp\/v2\/categories?post=13061"},{"taxonomy":"post_tag","embeddable":true,"href":"https:\/\/www.smiledesigncenter.hu\/en\/wp-json\/wp\/v2\/tags?post=13061"}],"curies":[{"name":"wp","href":"https:\/\/api.w.org\/{rel}","templated":true}]}}