{"id":5729,"date":"2018-12-14T23:41:53","date_gmt":"2018-12-14T23:41:53","guid":{"rendered":"https:\/\/www.smiledesigncenter.hu\/?p=5729"},"modified":"2018-12-14T23:41:53","modified_gmt":"2018-12-14T23:41:53","slug":"szajszag-tobb-betegseg-elso-tunete-is-lehet","status":"publish","type":"post","link":"https:\/\/www.smiledesigncenter.hu\/en\/2018\/12\/14\/szajszag-tobb-betegseg-elso-tunete-is-lehet\/","title":{"rendered":"Sz\u00e1jszag: t\u00f6bb betegs\u00e9g els\u0151 t\u00fcnete is lehet"},"content":{"rendered":"<!-- Facebook Like Button Vivacity Infotech BEGIN -->\n<div class=\"fb-like\" data-href=\"https:\/\/www.smiledesigncenter.hu\/en\/2018\/12\/14\/szajszag-tobb-betegseg-elso-tunete-is-lehet\/\" data-layout=\"standard\" data-action=\"recommend\" data-show-faces=\"false\" data-size=\"small\" data-width=\"450\" data-share=\"1\" ><\/div>\n<!-- Facebook Like Button Vivacity Infotech END -->\n<p>Ha valakinek kellemetlen a lehelete, r\u00f6gt\u00f6n arra gondolunk, hogy az illet\u0151 nem mos rendszeresen fogat, elhanyagolja a sz\u00e1j\u00e1pol\u00e1st. Pedig sok esetben nem is gondoln\u00e1nk, mennyi dolog tudja okozni a kellemetlen sz\u00e1jszagot. Term\u00e9szetesen el\u0151fordulhat az is, hogy elhanyagolt sz\u00e1jhigi\u00e9nia miatt a sz\u00e1jban l\u00e9v\u0151 bakt\u00e9riumok elszaporodnak, esetleg a rossz fog miatt tal\u00e1ljuk szemben magunkat a rossz sz\u00e1jszaggal, de k\u00f6nnyen lehet, hogy az illet\u0151 rendszeresen fogat mos \u00e9s igen k\u00f6r\u00fcltekint\u0151 a sz\u00e1j\u00e1pol\u00e1st illet\u0151en, ennek ellen\u00e9re m\u00e9gis kellemetlen lehelettel k\u00fczd.<!--more--><\/p>\n<h3>Milyen betegs\u00e9gek jele lehet a rossz sz\u00e1jszag?<\/h3>\n<p>A rossz sz\u00e1jszagot n\u00e9h\u00e1ny esetben a t\u00fal kev\u00e9s folyad\u00e9k fogyaszt\u00e1s, a kisz\u00e1radt sz\u00e1j is tudja okozni. Vannak olyan gy\u00f3gyszerek is, melyeket ha rendszeresen szedj\u00fck \u00e9s nem fogyasztunk sok folyad\u00e9kot, jelentkezhet a kellemetlen sz\u00e1jszag. Ha az alapos \u00e9s rendszeres fogmos\u00e1s ellen\u00e9re is rossz a lehelet\u00fcnk, pr\u00f3b\u00e1ljunk meg napi 2-3 liter vizet elfogyasztani, hiszen k\u00f6nnyed\u00e9n lehet, hogy ez okozza a probl\u00e9m\u00e1t. Emellett el\u0151fordulhat, hogy valamilyen allergia okozza ezt a t\u00fcnetet, ilyen esetben azonban \u00e9rdemes min\u00e9l el\u0151bb orvoshoz fordulni, hiszen az orr\u00fcreg\u00fcnkben folyamatosan pang\u00f3 v\u00e1lad\u00e9k miatt hamar kialakulhat az arc\u00fcreggyullad\u00e1s, melynek \u00edgy ak\u00e1r ez a kellemetlens\u00e9g is lehet az els\u0151 jele.<\/p>\n<p>Ha lehelet\u00fcnk gy\u00fcm\u00f6lcs\u00f6s, vagy jellegzetesen aceton szag\u00fa, akkor nagy val\u00f3sz\u00edn\u0171s\u00e9ggel cukorbetegs\u00e9gr\u0151l van sz\u00f3. Ha ezt tapasztaljuk, mindenk\u00e9ppen \u00e9rdemes megn\u00e9zetni a v\u00e9rcukorszintet. Ezek mellett a savanyk\u00e1s, legink\u00e1bb a romlott tejre hasonl\u00edt\u00f3 sz\u00e1jszagot \u00e9s sz\u00e1j\u00edzt a lakt\u00f3z\u00e9rz\u00e9kenys\u00e9g is okozhatja, hiszen ilyen estben a szervezet nem tudja feldolgozni megfelel\u0151en a tejterm\u00e9kekben megtal\u00e1lhat\u00f3 tejfeh\u00e9rj\u00e9t. Ha azt vessz\u00fck \u00e9szre, hogy joghurt, sajt, t\u00far\u00f3, vagy tej fogyaszt\u00e1sa ut\u00e1n savanyk\u00e1s a lehelet\u00fcnk, emellett fel is puffadunk, gyomorprobl\u00e9m\u00e1ink lesznek, nagy val\u00f3sz\u00edn\u0171s\u00e9ggel lakt\u00f3z\u00e9rz\u00e9kenys\u00e9g\u00fcnk van.<\/p>\n<p><img decoding=\"async\" loading=\"lazy\" class=\"aligncenter size-full wp-image-5170\" src=\"https:\/\/www.smiledesigncenter.hu\/wp-content\/uploads\/2018\/06\/Smile_Design_Center_38.jpg\" alt=\"\" width=\"800\" height=\"533\" srcset=\"https:\/\/www.smiledesigncenter.hu\/wp-content\/uploads\/2018\/06\/Smile_Design_Center_38.jpg 800w, https:\/\/www.smiledesigncenter.hu\/wp-content\/uploads\/2018\/06\/Smile_Design_Center_38-300x200.jpg 300w, https:\/\/www.smiledesigncenter.hu\/wp-content\/uploads\/2018\/06\/Smile_Design_Center_38-768x512.jpg 768w\" sizes=\"(max-width: 800px) 100vw, 800px\" \/><\/p>\n<h3>Mi m\u00e1st\u00f3l lehet m\u00e9g rossz a lehelet\u00fcnk?<\/h3>\n<p>Az emberek t\u00f6bb mint 65%-a k\u00fczd a kellemetlen \u00e9s igen zavar\u00f3 sz\u00e1jszaggal. Sok esetben okozhatja ezt valamilyen fog\u00e1szati gond vagy betegs\u00e9g, de vannak olyan egyszer\u0171 dolgok is, amelyekr\u0151l nem is sejtj\u00fck, hogy ilyen probl\u00e9m\u00e1t okozn\u00e1nak. Az egyik ilyen t\u00e9nyez\u0151 a savas \u00e9telek \u00e9s italok fogyaszt\u00e1sa. Savas k\u00f6rnyezetben a bakt\u00e9riumok m\u00e9g jobban elkezdenek szaporodni, emiatt a t\u00fal sok k\u00e1ros, bevitt alapanyag miatt k\u00f6nnyen lehet, hogy kellemetlen lehelettel k\u00fczd\u00fcnk majd.<\/p>\n<p>Emellett az ember nem is gondoln\u00e1, hogy n\u00e9h\u00e1ny vitamin is tud ilyen mell\u00e9khat\u00e1st okozni. Sokan szednek olyan vitaminokat \u00e9s t\u00e1pl\u00e1l\u00e9kkieg\u00e9sz\u00edt\u0151ket, melyek foghagyma, illetve halolajat vagy \u00e9ppen macskagy\u00f6keret tartalmaznak. Ezeknek a kapszul\u00e1knak m\u00e1r eleve a szaga sem kellemes, \u00e1m ha rendszeresen szedj\u00fck \u0151ket, k\u00f6nnyen lehet, hogy a sz\u00e1j\u00fcreg\u00fcnknek is ilyen szaga lesz. S\u0151t, nem csak a sz\u00e1nk, de ak\u00e1r b\u0151r\u00fcnk is \u00e1rasztani tudja mag\u00e1b\u00f3l ezt a jellegzetes szagot, hiszen ahogy lenyelj\u00fck ezeket a kapszul\u00e1kat, p\u00e1rologni kezd majd szervezet\u00fcnkb\u0151l, \u00edgy nem csak a ny\u00e1lunk, hanem b\u0151r\u00fcnk is kellemetlen szag\u00fa lehet.<\/p>","protected":false},"excerpt":{"rendered":"<p>Ha valakinek kellemetlen a lehelete, r\u00f6gt\u00f6n arra gondolunk, hogy az illet\u0151 nem mos rendszeresen fogat, elhanyagolja a sz\u00e1j\u00e1pol\u00e1st. Pedig sok esetben nem is gondoln\u00e1nk, mennyi dolog tudja okozni a kellemetlen sz\u00e1jszagot.<\/p>","protected":false},"author":3,"featured_media":5170,"comment_status":"closed","ping_status":"closed","sticky":false,"template":"","format":"standard","meta":{"footnotes":"","_joinchat":[]},"categories":[46],"tags":[],"acf":[],"aioseo_notices":[],"_links":{"self":[{"href":"https:\/\/www.smiledesigncenter.hu\/en\/wp-json\/wp\/v2\/posts\/5729"}],"collection":[{"href":"https:\/\/www.smiledesigncenter.hu\/en\/wp-json\/wp\/v2\/posts"}],"about":[{"href":"https:\/\/www.smiledesigncenter.hu\/en\/wp-json\/wp\/v2\/types\/post"}],"author":[{"embeddable":true,"href":"https:\/\/www.smiledesigncenter.hu\/en\/wp-json\/wp\/v2\/users\/3"}],"replies":[{"embeddable":true,"href":"https:\/\/www.smiledesigncenter.hu\/en\/wp-json\/wp\/v2\/comments?post=5729"}],"version-history":[{"count":3,"href":"https:\/\/www.smiledesigncenter.hu\/en\/wp-json\/wp\/v2\/posts\/5729\/revisions"}],"predecessor-version":[{"id":5732,"href":"https:\/\/www.smiledesigncenter.hu\/en\/wp-json\/wp\/v2\/posts\/5729\/revisions\/5732"}],"wp:featuredmedia":[{"embeddable":true,"href":"https:\/\/www.smiledesigncenter.hu\/en\/wp-json\/wp\/v2\/media\/5170"}],"wp:attachment":[{"href":"https:\/\/www.smiledesigncenter.hu\/en\/wp-json\/wp\/v2\/media?parent=5729"}],"wp:term":[{"taxonomy":"category","embeddable":true,"href":"https:\/\/www.smiledesigncenter.hu\/en\/wp-json\/wp\/v2\/categories?post=5729"},{"taxonomy":"post_tag","embeddable":true,"href":"https:\/\/www.smiledesigncenter.hu\/en\/wp-json\/wp\/v2\/tags?post=5729"}],"curies":[{"name":"wp","href":"https:\/\/api.w.org\/{rel}","templated":true}]}}