{"id":5799,"date":"2018-12-29T11:08:41","date_gmt":"2018-12-29T11:08:41","guid":{"rendered":"https:\/\/www.smiledesigncenter.hu\/?p=5799"},"modified":"2018-12-29T11:08:41","modified_gmt":"2018-12-29T11:08:41","slug":"mi-miatt-verezhet-a-foginyunk","status":"publish","type":"post","link":"https:\/\/www.smiledesigncenter.hu\/en\/2018\/12\/29\/mi-miatt-verezhet-a-foginyunk\/","title":{"rendered":"Mi miatt v\u00e9rezhet a fog\u00edny\u00fcnk?"},"content":{"rendered":"<!-- Facebook Like Button Vivacity Infotech BEGIN -->\n<div class=\"fb-like\" data-href=\"https:\/\/www.smiledesigncenter.hu\/en\/2018\/12\/29\/mi-miatt-verezhet-a-foginyunk\/\" data-layout=\"standard\" data-action=\"recommend\" data-show-faces=\"false\" data-size=\"small\" data-width=\"450\" data-share=\"1\" ><\/div>\n<!-- Facebook Like Button Vivacity Infotech END -->\n<p>Felm\u00e9r\u00e9sek szerint nagyon kev\u00e9s olyan feln\u0151tt ember l\u00e9tezik, akinek fogmos\u00e1s k\u00f6zben, vagy ak\u00e1r ev\u00e9s k\u00f6zben valahol ne lenne \u00e9rz\u00e9kenyebb, vagy ne v\u00e9rezne a fog\u00ednye. K\u00fcl\u00f6nb\u00f6z\u0151 statisztik\u00e1kb\u00f3l kider\u00fcl, hogy a feln\u0151tt n\u00e9pess\u00e9g 90%-\u00e1nak legal\u00e1bb egy ponton v\u00e9rezni szokott a fog\u00ednye, emellett rengeteg embert \u00e9rintenek a k\u00fcl\u00f6nb\u00f6z\u0151 csontpusztul\u00e1ssal, illetve foglazul\u00e1ssal egybek\u00f6t\u00f6tt fog\u00e1gybetegs\u00e9gek.<\/p>\n<p>Ez az adat azonban Magyarorsz\u00e1gra is igaz, \u00edgy a magyar n\u00e9pess\u00e9g nagyon kis r\u00e9sze mondhatja csak el mag\u00e1r\u00f3l, hogy egy\u00e1ltal\u00e1n nem szokott a fog\u00ednye v\u00e9rezni \u00e9s nincs semmilyen sz\u00e1jhigi\u00e9ni\u00e1s probl\u00e9m\u00e1ja.<!--more--><\/p>\n<h3>Mi az oka a kellemetlen fog\u00ednyv\u00e9rz\u00e9snek?<\/h3>\n<p>A fog\u00ednyv\u00e9rz\u00e9s \u00e1ltal\u00e1ban az \u00ednygyullad\u00e1s legels\u0151 t\u00fcnetek\u00e9nt szokott jelentkezni. Az emberek a legt\u00f6bb esetben egy\u00e1ltal\u00e1n nem veszik azt komolyan, hogy fog\u00edny\u00fck v\u00e9rezni kezd, ha p\u00e9ld\u00e1ul beleharapnak egy alm\u00e1ba, vagy fogat mosnak. Sokan nem is tudj\u00e1k, hogy mit\u0151l alakulnak ki az ilyen \u00ednygyullad\u00e1sok, azt pedig v\u00e9gk\u00e9pp nem, hogy mit is kell ebben az esetben tenni. \u00cdnygyullad\u00e1st a legt\u00f6bb esetben a nem megfelel\u0151 sz\u00e1jhigi\u00e9nia okozza, melyb\u0151l k\u00f6vetkezik, hogy sokkal t\u00f6bb bakt\u00e9rium tud lerak\u00f3dni, \u00edgy alakul ki egy olyan gyullad\u00e1s, mely megpr\u00f3b\u00e1lja megakad\u00e1lyozni, hogy ezek a bakt\u00e9riumok m\u00e9g m\u00e9lyebbre jussanak a szervezet\u00fcnkbe.<\/p>\n<p>Ilyenkor l\u00e9nyeg\u00e9ben a sz\u00e1j\u00fcreg\u00fcnkben valahol egy kisebb m\u00e9ret\u0171 plakk keletkezik, a szervezet\u00fcnk pedig gyullad\u00e1ssal pr\u00f3b\u00e1l v\u00e9dekezni ellene. Az erek kit\u00e1gulnak \u00e9s az \u00edny\u00fcnkben feh\u00e9rv\u00e9rsejtek l\u00e9pnek ki, hogy megv\u00e9dj\u00e9k szervezet\u00fcnket a bakt\u00e9riumok ellen.<\/p>\n<h3>Hogyan lehet megsz\u00fcntetni a \u00ednyv\u00e9rz\u00e9st?<\/h3>\n<p><img decoding=\"async\" loading=\"lazy\" class=\"aligncenter size-full wp-image-4834\" src=\"https:\/\/www.smiledesigncenter.hu\/wp-content\/uploads\/2018\/05\/Smile_Design_Center_12.jpg\" alt=\"\" width=\"800\" height=\"800\" srcset=\"https:\/\/www.smiledesigncenter.hu\/wp-content\/uploads\/2018\/05\/Smile_Design_Center_12.jpg 800w, https:\/\/www.smiledesigncenter.hu\/wp-content\/uploads\/2018\/05\/Smile_Design_Center_12-150x150.jpg 150w, https:\/\/www.smiledesigncenter.hu\/wp-content\/uploads\/2018\/05\/Smile_Design_Center_12-300x300.jpg 300w, https:\/\/www.smiledesigncenter.hu\/wp-content\/uploads\/2018\/05\/Smile_Design_Center_12-768x768.jpg 768w\" sizes=\"(max-width: 800px) 100vw, 800px\" \/><\/p>\n<p>Ha a fog\u00ednyv\u00e9rz\u00e9s h\u00e1tter\u00e9ben rossz sz\u00e1jhigi\u00e9nia \u00e1ll, akkor a v\u00e9rz\u00e9st \u00e1ltal\u00e1ban csak fogmos\u00e1st k\u00f6vet\u0151en, vagy r\u00e1g\u00e1s k\u00f6zben lehet \u00e9szlelni. Ilyen esetben nagyon fontos, hogy jobban odafigyelj\u00fcnk a fogmos\u00e1sra. Sok esetben ilyenkor az ember azt gondolja, hogy azon a ter\u00fcleten, ahol v\u00e9rezni szokott az \u00ednye, jobb ha nem is mossa meg t\u00fals\u00e1gosan a fog\u00e1t, pedig ez hatalmas hiba! Ezeken a ter\u00fcleteken m\u00e9g ink\u00e1bb oda kell figyelni arra, hogy alaposan meg legyenek tiszt\u00edtva fogaink, hiszen \u00edgy tudjuk csak elt\u00e1vol\u00edtani azt a lerak\u00f3dott plakkr\u00e9teget, amelyben a bakt\u00e9riumok is elkezdtek m\u00e1r szaporodni.<\/p>\n<p>Ha nem foglalkozunk a fog\u00edny\u00fcnk v\u00e9rz\u00e9s\u00e9vel \u00e9s az alapos fogmos\u00e1s is s\u0171r\u0171n elmarad, akkor \u00edny\u00fcnk m\u00e9g jobban, m\u00e9g t\u00f6bb helyen elkezd majd v\u00e9rezni, majd beindul egy olyan \u00f6rd\u00f6gi k\u00f6r, amely rengeteg s\u00falyos probl\u00e9m\u00e1t okoz majd a k\u00e9s\u0151bbiekben. Az alapos \u00e9s rendszeres fogmos\u00e1s ut\u00e1n \u00e9rdemes lehet k\u00fcl\u00f6nb\u00f6z\u0151 sz\u00e1jvizekkel is \u00f6bl\u00f6getni, hiszen ezek nagyon hasznosak tudnak lenni azok sz\u00e1m\u00e1ra, akik fog\u00ednyv\u00e9rz\u00e9ssel k\u00fczdenek.<\/p>\n<p>Ne feledkezz\u00fcnk meg a fogk\u00f6ztiszt\u00edt\u00f3 kef\u00e9r\u0151l \u00e9s a fogselyemr\u0151l sem. Ezeknek a kis eszk\u00f6z\u00f6knek k\u00f6sz\u00f6nhet\u0151en m\u00e9g alaposabb tiszt\u00edt\u00e1st tudunk elv\u00e9gezni a sz\u00e1j\u00fcreg\u00fcnkben, hiszen ezeknek a seg\u00edts\u00e9g\u00e9vel a legkisebb r\u00e9sekb\u0151l is ki tudjuk tiszt\u00edtani a lerak\u00f3dott \u00e9telmarad\u00e9kot. Ha az \u00ednygyullad\u00e1s az alapos fogmos\u00e1s ut\u00e1n sem kezd el javulni, mindenk\u00e9ppen \u00e9rdemes lehet felkeresni egy szakembert, aki az alapos vizsg\u00e1lat ut\u00e1n ak\u00e1r gy\u00f3gyszeres kezel\u00e9st is el\u0151\u00edrhat.<\/p>\n<p>Emellett vannak olyan gy\u00f3gyfogkr\u00e9mek, melyek kimondottan \u00e9rz\u00e9keny \u00ednyre, v\u00e9rz\u0151 \u00ednyre lett kifejlesztve. Hat\u00e1sukra az \u00edny kapill\u00e1risai elkezdenek \u00f6sszeh\u00faz\u00f3dni, \u00edgy a v\u00e9rz\u00e9s is enyh\u00fclni tud. Viszont fontos \u00e9szben tartani, hogy ezek a fogkr\u00e9mek csak t\u00fcneti kezel\u00e9snek sz\u00e1m\u00edtanak, mag\u00e1t a fog\u00ednygyullad\u00e1st semmilyen esetben sem tudj\u00e1k megsz\u00fcntetni.<\/p>","protected":false},"excerpt":{"rendered":"<p>Felm\u00e9r\u00e9sek szerint nagyon kev\u00e9s olyan feln\u0151tt ember l\u00e9tezik, akinek fogmos\u00e1s k\u00f6zben, vagy ak\u00e1r ev\u00e9s k\u00f6zben valahol ne lenne \u00e9rz\u00e9kenyebb, vagy ne v\u00e9rezne a fog\u00ednye. K\u00fcl\u00f6nb\u00f6z\u0151 statisztik\u00e1kb\u00f3l kider\u00fcl, hogy a feln\u0151tt n\u00e9pess\u00e9g 90%-\u00e1nak legal\u00e1bb egy ponton v\u00e9rezni szokott a fog\u00ednye<\/p>","protected":false},"author":3,"featured_media":5154,"comment_status":"closed","ping_status":"closed","sticky":false,"template":"","format":"standard","meta":{"footnotes":"","_joinchat":[]},"categories":[46],"tags":[],"acf":[],"aioseo_notices":[],"_links":{"self":[{"href":"https:\/\/www.smiledesigncenter.hu\/en\/wp-json\/wp\/v2\/posts\/5799"}],"collection":[{"href":"https:\/\/www.smiledesigncenter.hu\/en\/wp-json\/wp\/v2\/posts"}],"about":[{"href":"https:\/\/www.smiledesigncenter.hu\/en\/wp-json\/wp\/v2\/types\/post"}],"author":[{"embeddable":true,"href":"https:\/\/www.smiledesigncenter.hu\/en\/wp-json\/wp\/v2\/users\/3"}],"replies":[{"embeddable":true,"href":"https:\/\/www.smiledesigncenter.hu\/en\/wp-json\/wp\/v2\/comments?post=5799"}],"version-history":[{"count":4,"href":"https:\/\/www.smiledesigncenter.hu\/en\/wp-json\/wp\/v2\/posts\/5799\/revisions"}],"predecessor-version":[{"id":5803,"href":"https:\/\/www.smiledesigncenter.hu\/en\/wp-json\/wp\/v2\/posts\/5799\/revisions\/5803"}],"wp:featuredmedia":[{"embeddable":true,"href":"https:\/\/www.smiledesigncenter.hu\/en\/wp-json\/wp\/v2\/media\/5154"}],"wp:attachment":[{"href":"https:\/\/www.smiledesigncenter.hu\/en\/wp-json\/wp\/v2\/media?parent=5799"}],"wp:term":[{"taxonomy":"category","embeddable":true,"href":"https:\/\/www.smiledesigncenter.hu\/en\/wp-json\/wp\/v2\/categories?post=5799"},{"taxonomy":"post_tag","embeddable":true,"href":"https:\/\/www.smiledesigncenter.hu\/en\/wp-json\/wp\/v2\/tags?post=5799"}],"curies":[{"name":"wp","href":"https:\/\/api.w.org\/{rel}","templated":true}]}}