{"id":6071,"date":"2019-07-27T08:51:43","date_gmt":"2019-07-27T08:51:43","guid":{"rendered":"https:\/\/www.smiledesigncenter.hu\/?p=6071"},"modified":"2019-11-14T13:21:28","modified_gmt":"2019-11-14T13:21:28","slug":"fogaink-elvesztesevel-mindenkepp-romlani-fog-az-eletszinvonalunk","status":"publish","type":"post","link":"https:\/\/www.smiledesigncenter.hu\/en\/2019\/07\/27\/fogaink-elvesztesevel-mindenkepp-romlani-fog-az-eletszinvonalunk\/","title":{"rendered":"Fogaink elveszt\u00e9s\u00e9vel mindenk\u00e9pp romlani fog az \u00e9letsz\u00ednvonalunk?"},"content":{"rendered":"<!-- Facebook Like Button Vivacity Infotech BEGIN -->\n<div class=\"fb-like\" data-href=\"https:\/\/www.smiledesigncenter.hu\/en\/2019\/07\/27\/fogaink-elvesztesevel-mindenkepp-romlani-fog-az-eletszinvonalunk\/\" data-layout=\"standard\" data-action=\"recommend\" data-show-faces=\"false\" data-size=\"small\" data-width=\"450\" data-share=\"1\" ><\/div>\n<!-- Facebook Like Button Vivacity Infotech END -->\n<p>Az \u00e9p fogsor nem csak magabiztoss\u00e1got ad, hanem a megfelel\u0151 \u00e9letsz\u00ednvonalhoz is sz\u00fcks\u00e9ges. Fogaink elveszt\u00e9s\u00e9nek m\u00e9gis sajnos sz\u00e1mtalan oka lehet. Ahogy id\u0151s\u00f6d\u00fcnk, ezek a kock\u00e1zati t\u00e9nyez\u0151k egyre magasabbak lesznek. A fog elveszt\u00e9s\u00e9nek leggyakoribb oka ilyenkor a fogszuvasod\u00e1s \u00e9s a fog\u00e1gybetegs\u00e9gek kialakul\u00e1sa. M\u00e9gis gyakran van p\u00e9lda arra, hogy m\u00e1r gyerekkorban a legv\u00e9dtelenebb els\u0151 metsz\u0151 fogak let\u00f6rnek, kimozdulnak a hely\u00fckr\u0151l. Sajnos jelenleg a magyar lakoss\u00e1g csup\u00e1n 7%-\u00e1nak nincs 30 \u00e9ves kor\u00e1ra fogh\u00faz\u00e1sa.<!--more--><\/p>\n<p>A fogaink elveszt\u00e9se legt\u00f6bbsz\u00f6r komoly lelki megpr\u00f3b\u00e1ltat\u00e1shoz vezethet, hiszen egy hi\u00e1nyos fogsor nem \u00e9ppen a legnagyobb bizalomkelt\u0151 l\u00e1tv\u00e1ny. De igenis lehet t\u00f6k\u00e9letes \u00e9letet \u00e9lni a saj\u00e1t fogaink n\u00e9lk\u00fcl is. Miel\u0151tt v\u00e9gleg beletemetkez\u00fcnk az \u00f6nsajn\u00e1latba, m\u00e1r a h\u00faz\u00e1s ut\u00e1ni gy\u00f3gyul\u00e1si id\u0151szakban \u00e9rdemes a lehet\u0151s\u00e9geinkr\u0151l inform\u00e1ci\u00f3t gy\u0171jteni.<\/p>\n<p>A <a href=\"https:\/\/www.smiledesigncenter.hu\/en\/dental-implant-implantation-prices-and-details-in-nyiregyhaza\/\" target=\"_blank\" rel=\"noopener noreferrer\">tit\u00e1n implant\u00e1tumok megjelen\u00e9s\u00e9vel<\/a> ma m\u00e1r sz\u00e1mtalan megold\u00e1s l\u00e9tezik a stabil, probl\u00e9ma mentes fogsorra. Ezeknek a fogp\u00f3tl\u00e1soknak k\u00e9t f\u0151 csoportj\u00e1t k\u00fcl\u00f6nb\u00f6ztetj\u00fck meg. Az egyik t\u00edpus a k\u00e9tr\u00e9sz\u0171, norm\u00e1l vastags\u00e1g\u00fa implant\u00e1tum, a m\u00e1sik az egyr\u00e9sz\u0171, extra v\u00e9kony fajta. Az egy r\u00e9szb\u0151l \u00e1ll\u00f3akat kiz\u00e1r\u00f3lag a teljes fogazat elt\u00e1vol\u00edt\u00e1sakor alkalmazz\u00e1k, a kivehet\u0151 fogsor tov\u00e1bbfejlesztett v\u00e1ltozatak\u00e9nt eml\u00edthetj\u00fck.<\/p>\n<h3>Mekkora m\u0171t\u00e9ttel j\u00e1r?<\/h3>\n<p>&nbsp;<\/p>\n<p><img decoding=\"async\" loading=\"lazy\" class=\"aligncenter size-large wp-image-6259\" src=\"https:\/\/www.smiledesigncenter.hu\/wp-content\/uploads\/2019\/07\/fogaink-1024x479.jpg\" alt=\"\" width=\"1024\" height=\"479\" srcset=\"https:\/\/www.smiledesigncenter.hu\/wp-content\/uploads\/2019\/07\/fogaink-1024x479.jpg 1024w, https:\/\/www.smiledesigncenter.hu\/wp-content\/uploads\/2019\/07\/fogaink-300x140.jpg 300w, https:\/\/www.smiledesigncenter.hu\/wp-content\/uploads\/2019\/07\/fogaink-768x360.jpg 768w, https:\/\/www.smiledesigncenter.hu\/wp-content\/uploads\/2019\/07\/fogaink.jpg 1068w\" sizes=\"(max-width: 1024px) 100vw, 1024px\" \/><\/p>\n<p>Egy hagyom\u00e1nyos implant\u00e1tum be\u00fcltet\u00e9se t\u00f6rt\u00e9nhet a teljes \u00edny felt\u00e1r\u00e1sa n\u00e9lk\u00fcl is, de a leggyakoribb esetek azok, amikor az orvosok ragaszkodnak a m\u0171t\u00e9ti beavatkoz\u00e1shoz. A csavarok 3-4 millim\u00e9teresek, \u00edgy a szakember csak ilyen komoly beavatkoz\u00e1s mellett kap betekint\u00e9st a csont m\u00e9ret\u00e9be \u00e9s form\u00e1j\u00e1ba. Az extra v\u00e9kony implant\u00e1tumokn\u00e1l gyakoribb a felt\u00e1r\u00e1s n\u00e9lk\u00fcli kezel\u00e9s. Hiszen a v\u00e9konyabb csavar be\u00fcltet\u00e9s\u00e9hez elegend\u0151 egy v\u00e9konyabb \u00e1tm\u00e9r\u0151j\u0171 csont szerkezet is. Ez azokn\u00e1l a p\u00e1ciensekn\u00e9l nagyon fontos, akik m\u00e1r hosszabb ideje fogak n\u00e9lk\u00fcl \u00e9lik az \u00e9let\u00fcket, a megl\u00e9v\u0151 \u00e9p csont\u00e1llom\u00e1ny m\u00e1r nem tudna befogadni egy hagyom\u00e1nyos vastags\u00e1g\u00fa implant\u00e1tumot.<\/p>\n<p>Els\u0151 konzult\u00e1ci\u00f3 alkalm\u00e1val az orvos a r\u00f6ntgenfelv\u00e9tel megvizsg\u00e1l\u00e1sa ut\u00e1n fel\u00e1ll\u00edt egy kezel\u00e9si tervet. A legkedvez\u0151bb esetben fogbe\u00fcltet\u00e9s, rosszabb esetben viszont csontp\u00f3tl\u00e1s sz\u00fcks\u00e9ges. A be\u00fcltet\u00e9s ut\u00e1n 10 nappal sort kell ker\u00edteni a varratok elt\u00e1vol\u00edt\u00e1s\u00e1ra, \u00e9s sajnos t\u00fcrelmesen ki kell v\u00e1rni az ak\u00e1r 5 h\u00f3napos teljes gy\u00f3gyul\u00e1si id\u0151t is. Ha ezt az id\u0151t kell\u0151 t\u00fcrelemmel ki tudtuk v\u00e1rni, akkor innent\u0151l m\u00e1r felp\u00f6r\u00f6gnek az esem\u00e9nyek. A lenyomatv\u00e9telt\u0151l sz\u00e1m\u00edtva 1-2 h\u00e9ten bel\u00fcl megkaphatjuk a p\u00f3tl\u00e1sainkat, amikkel \u00fajra teljes \u00e9s mosolyg\u00f3s \u00e9letet tudunk \u00e9lni.<\/p>\n<h3>Hogyan kell \u00e1polni a fog\u00e1szati implant\u00e1tumot?<\/h3>\n<p>Az implant\u00e1tumunk csak abban az esetben fog \u00e9lethosszig tart\u00f3 szolg\u00e1latot teljes\u00edteni nek\u00fcnk, ha fenntartjuk a megfelel\u0151 sz\u00e1jhigi\u00e9ni\u00e1t. A napi minimum k\u00e9tszeri fogmos\u00e1s, a fogselyem \u00e9s a fogk\u00f6z kefe haszn\u00e1lata sokkal fontosabb, mint azt gondoln\u00e1nk. B\u00e1r a fogszuvasod\u00e1s vesz\u00e9lye m\u00e1r nem fenyeget minket, de az elhanyagolt \u00e1pol\u00e1ssal a fogk\u0151 \u00e9s a fog\u00e1gybetegs\u00e9gek ugyan\u00fagy tudnak kialakulni, mint a saj\u00e1t fogaink eset\u00e9ben.<\/p>","protected":false},"excerpt":{"rendered":"<p>Az \u00e9p fogsor nem csak magabiztoss\u00e1got ad, hanem a megfelel\u0151 \u00e9letsz\u00ednvonalhoz is sz\u00fcks\u00e9ges. Fogaink elveszt\u00e9s\u00e9nek m\u00e9gis sajnos sz\u00e1mtalan oka lehet. Ahogy id\u0151s\u00f6d\u00fcnk, ezek a kock\u00e1zati t\u00e9nyez\u0151k egyre magasabbak lesznek. A fog elveszt\u00e9s\u00e9nek leggyakoribb oka ilyenkor a fogszuvasod\u00e1s \u00e9s a fog\u00e1gybetegs\u00e9gek kialakul\u00e1sa.<\/p>","protected":false},"author":3,"featured_media":6259,"comment_status":"closed","ping_status":"closed","sticky":false,"template":"","format":"standard","meta":{"footnotes":"","_joinchat":[]},"categories":[46],"tags":[],"acf":[],"aioseo_notices":[],"_links":{"self":[{"href":"https:\/\/www.smiledesigncenter.hu\/en\/wp-json\/wp\/v2\/posts\/6071"}],"collection":[{"href":"https:\/\/www.smiledesigncenter.hu\/en\/wp-json\/wp\/v2\/posts"}],"about":[{"href":"https:\/\/www.smiledesigncenter.hu\/en\/wp-json\/wp\/v2\/types\/post"}],"author":[{"embeddable":true,"href":"https:\/\/www.smiledesigncenter.hu\/en\/wp-json\/wp\/v2\/users\/3"}],"replies":[{"embeddable":true,"href":"https:\/\/www.smiledesigncenter.hu\/en\/wp-json\/wp\/v2\/comments?post=6071"}],"version-history":[{"count":4,"href":"https:\/\/www.smiledesigncenter.hu\/en\/wp-json\/wp\/v2\/posts\/6071\/revisions"}],"predecessor-version":[{"id":6260,"href":"https:\/\/www.smiledesigncenter.hu\/en\/wp-json\/wp\/v2\/posts\/6071\/revisions\/6260"}],"wp:featuredmedia":[{"embeddable":true,"href":"https:\/\/www.smiledesigncenter.hu\/en\/wp-json\/wp\/v2\/media\/6259"}],"wp:attachment":[{"href":"https:\/\/www.smiledesigncenter.hu\/en\/wp-json\/wp\/v2\/media?parent=6071"}],"wp:term":[{"taxonomy":"category","embeddable":true,"href":"https:\/\/www.smiledesigncenter.hu\/en\/wp-json\/wp\/v2\/categories?post=6071"},{"taxonomy":"post_tag","embeddable":true,"href":"https:\/\/www.smiledesigncenter.hu\/en\/wp-json\/wp\/v2\/tags?post=6071"}],"curies":[{"name":"wp","href":"https:\/\/api.w.org\/{rel}","templated":true}]}}