{"id":6141,"date":"2019-09-11T12:20:04","date_gmt":"2019-09-11T12:20:04","guid":{"rendered":"https:\/\/www.smiledesigncenter.hu\/?p=6141"},"modified":"2019-11-14T13:32:19","modified_gmt":"2019-11-14T13:32:19","slug":"milyen-gyakran-erdemes-a-fogkovet-eltavolittatnunk","status":"publish","type":"post","link":"https:\/\/www.smiledesigncenter.hu\/en\/2019\/09\/11\/milyen-gyakran-erdemes-a-fogkovet-eltavolittatnunk\/","title":{"rendered":"Milyen gyakran \u00e9rdemes a fogk\u00f6vet elt\u00e1vol\u00edttatnunk?"},"content":{"rendered":"<!-- Facebook Like Button Vivacity Infotech BEGIN -->\n<div class=\"fb-like\" data-href=\"https:\/\/www.smiledesigncenter.hu\/en\/2019\/09\/11\/milyen-gyakran-erdemes-a-fogkovet-eltavolittatnunk\/\" data-layout=\"standard\" data-action=\"recommend\" data-show-faces=\"false\" data-size=\"small\" data-width=\"450\" data-share=\"1\" ><\/div>\n<!-- Facebook Like Button Vivacity Infotech END -->\n<p>A fogk\u0151 egy olyan <a href=\"https:\/\/www.smiledesigncenter.hu\/en\/2019\/05\/28\/minden-amit-a-fogkorol-tudni-kell\/\" target=\"_blank\" rel=\"noopener noreferrer\">lerak\u00f3d\u00e1s neve<\/a>, amely az \u00e9telmarad\u00e9kok \u00e9s a ny\u00e1l k\u00f6z\u00f6tti k\u00e9miai reakci\u00f3 miatt keletkezik. Ez a lerak\u00f3d\u00e1s m\u00e9g a fogp\u00f3tl\u00e1sok felsz\u00edn\u00e9n, s\u0151t m\u00e9g a kivehet\u0151 fogsoron is megtapad. A magas kalcium tartalma miatt kifejezetten hemzsegnek benne k\u00e1ros bakt\u00e9riumok. Azon k\u00edv\u00fcl, hogy eszt\u00e9tikailag sem a legszebb l\u00e1tv\u00e1nyt ny\u00fajtja, hosszabb t\u00e1von nagyon nagy k\u00e1rokat tud okozni a fogban \u00e9s a fog\u00e1gyban. A sz\u00edn\u00e9t pedig a fest\u00e9kanyagokban gazdag italok, \u00e9telek \u00e9s a cigaretta elv\u00e1ltoztatja.<!--more--><\/p>\n<p>Kezdetben vil\u00e1gos vajsz\u00edn\u0171v\u00e9, majd s\u00e1rg\u00e1ss\u00e1 fokoz\u00f3dik az \u00e1rnyalata. Min\u00e9l hosszabb ideje gy\u00fclemlik a fogfelsz\u00edn\u00e9n, ann\u00e1l kem\u00e9nyebb\u00e9 v\u00e1lik, \u00e9s fogkef\u00e9vel m\u00e1r lehetetlen lesz elt\u00e1vol\u00edtani. Sajnos az t\u00e9ny, hogy a fogk\u0151 \u00fajra \u00e9s \u00fajra megfog jelenni az \u00e9let\u00fcnkben, de ha megfelel\u0151 figyelmet szentel\u00fcnk a sz\u00e1j\u00e1pol\u00e1sra, akkor azzal lass\u00edtani tudjuk a folyamatot.<\/p>\n<p>Magyarorsz\u00e1gra sajnos a rossz sz\u00e1jhigi\u00e9nia, a nem megfelel\u0151 sz\u00e1j\u00e1pol\u00e1si szok\u00e1sok \u00e9s a rendszeres fogorvosi ellen\u0151rz\u00e9sek hanyagol\u00e1sa a jellemz\u0151. Emiatt a fog\u00e1gybetegs\u00e9gek \u00e9s a fogszuvasod\u00e1s k\u00f6zeg\u00e9szs\u00e9g\u00fcgyi probl\u00e9m\u00e1v\u00e1 n\u0151tte ki mag\u00e1t. Jelenleg haz\u00e1nkban az orvosi adatok szerint szinte nincsen olyan 28 \u00e9v alatti ember, akinek ne lett volna m\u00e1r fog elt\u00e1vol\u00edt\u00e1sa. A legt\u00f6bb fogh\u00faz\u00e1s h\u00e1tter\u00e9ben is a fogk\u0151 \u00e1ll, hiszen amiatt fog\u00edny gyullad\u00e1s, sorvad\u00e1s \u00e9s k\u00fcl\u00f6nb\u00f6z\u0151 fog\u00e1gybetegs\u00e9gek alakulhatnak ki.<\/p>\n<h3>A fogk\u00f6vesed\u00e9s \u00e9s az \u00f6r\u00f6kl\u0151d\u00e9s k\u00f6z\u00f6tti kapcsolat<\/h3>\n<p>Rengeteg fiatal rossz p\u00e9ld\u00e1t l\u00e1t a sz\u00fcl\u0151kt\u0151l, nagysz\u00fcl\u0151kt\u0151l. A k\u00e9s\u0151bbiekben amikor nekik is elkezd bes\u00e1rgulni a foguk, k\u00f6nnyed legyint\u00e9ssel nyugt\u00e1zz\u00e1k, hogy felmen\u0151ik fogai sem voltak h\u00f3feh\u00e9rek. Ezzel val\u00f3sz\u00edn\u0171leg nem l\u0151ttek nagyon mell\u00e9, hiszen a fogk\u00f6vesed\u00e9sre val\u00f3 hajlam bizony \u00f6r\u00f6kletes is lehet.<\/p>\n<p><img decoding=\"async\" loading=\"lazy\" class=\"aligncenter size-full wp-image-6269\" src=\"https:\/\/www.smiledesigncenter.hu\/wp-content\/uploads\/2019\/09\/fogko.jpg\" alt=\"\" width=\"1024\" height=\"682\" srcset=\"https:\/\/www.smiledesigncenter.hu\/wp-content\/uploads\/2019\/09\/fogko.jpg 1024w, https:\/\/www.smiledesigncenter.hu\/wp-content\/uploads\/2019\/09\/fogko-300x200.jpg 300w, https:\/\/www.smiledesigncenter.hu\/wp-content\/uploads\/2019\/09\/fogko-768x512.jpg 768w\" sizes=\"(max-width: 1024px) 100vw, 1024px\" \/><\/p>\n<p>Van, akinek az elt\u00e1vol\u00edt\u00e1s ut\u00e1n azonnal elkezd \u00fajrak\u00e9pz\u0151dni a lerak\u00f3d\u00e1s. De ha m\u00e1r tudjuk, hogy nem a legjobb tulajdons\u00e1gokat \u00f6r\u00f6k\u00f6lt\u00fck, akkor tudnunk kell azt is, hogy megfelel\u0151 orvosi kezel\u00e9ssel igenis lehetnek feh\u00e9rek a fogaink. Sajnos a fogk\u0151 nem csak a fogunk felsz\u00edn\u00e9n tud megtapadni, hanem a fog\u00edny alatt, a ny\u00e1lmirigyek kivezet\u0151 ny\u00edl\u00e1saihoz k\u00f6zel is.<\/p>\n<p><strong>Fogk\u0151 megel\u0151z\u00e9se<\/strong><\/p>\n<p>Napi 2-3 alkalommal igyekezz\u00fcnk fogat mosni. Term\u00e9szetesen a megfelel\u0151 fogmos\u00e1si technik\u00e1n is nagy hangs\u00faly van. Ha nem vagyunk benne biztosak, hogy alaposan v\u00e9gezz\u00fck el ezt a tiszt\u00edt\u00e1st, akkor nyugodtan k\u00e9rj\u00fck fogorvosunk vagy asszisztens\u00fcnk seg\u00edts\u00e9g\u00e9t. Speci\u00e1lis fogkr\u00e9mmel \u00e9s megfelel\u0151 tiszt\u00edt\u00e1ssal a fogk\u0151k\u00e9pz\u0151d\u00e9s megel\u0151zhet\u0151 vagy legal\u00e1bbis lass\u00edthat\u00f3 a kialakul\u00e1sa.<\/p>\n<p>A <a href=\"https:\/\/www.smiledesigncenter.hu\/en\/tartar-removal\/\" target=\"_blank\" rel=\"noopener noreferrer\">fogk\u0151 elt\u00e1vol\u00edt\u00e1sa<\/a> mindig fogorvosi feladat. A szakember egy ultrahangg\u00e9ppel (depur\u00e1tor) fellaz\u00edtja, majd elt\u00e1vol\u00edtja a lerak\u00f3dott r\u00e9teget. A kezel\u00e9s \u00e1ltal\u00e1ban nem j\u00e1r f\u00e1jdalommal vagy kellemetlens\u00e9ggel. Leggyakrabban enyhe csiklandoz\u00e1st, bizserg\u00e9st lehet \u00e9rezni csak. Viszont ahhoz, hogy a beavatkoz\u00e1s ne egy f\u00e1jdalmas \u00e9s kellemetlen eml\u00e9kk\u00e9nt \u00e9ljen benn\u00fcnk, \u00e9rdemes 4-5 havonta sort ker\u00edteni r\u00e1. Hiszen amikor a fogk\u0151 m\u00e1r az \u00ednyre, \u00edny al\u00e1 rak\u00f3dik, akkor el\u0151fordulhatnak f\u00e1jdalmas pillanatok. Az elt\u00e1vol\u00edt\u00e1s utols\u00f3 mozzanata, hogy a fogfelsz\u00ednt felpol\u00edrozz\u00e1k, ezzel egy t\u00fck\u00f6rsima fel\u00fcletet kapnak amin sokkal nehezebben rak\u00f3dik le \u00fajra az \u00e9telmarad\u00e9k.<\/p>","protected":false},"excerpt":{"rendered":"<p>A fogk\u0151 egy olyan lerak\u00f3d\u00e1s neve, amely az \u00e9telmarad\u00e9kok \u00e9s a ny\u00e1l k\u00f6z\u00f6tti k\u00e9miai reakci\u00f3 miatt keletkezik. Ez a lerak\u00f3d\u00e1s m\u00e9g a fogp\u00f3tl\u00e1sok felsz\u00edn\u00e9n, s\u0151t m\u00e9g a kivehet\u0151 fogsoron is megtapad.<\/p>","protected":false},"author":3,"featured_media":6269,"comment_status":"closed","ping_status":"closed","sticky":false,"template":"","format":"standard","meta":{"footnotes":"","_joinchat":[]},"categories":[46],"tags":[],"acf":[],"aioseo_notices":[],"_links":{"self":[{"href":"https:\/\/www.smiledesigncenter.hu\/en\/wp-json\/wp\/v2\/posts\/6141"}],"collection":[{"href":"https:\/\/www.smiledesigncenter.hu\/en\/wp-json\/wp\/v2\/posts"}],"about":[{"href":"https:\/\/www.smiledesigncenter.hu\/en\/wp-json\/wp\/v2\/types\/post"}],"author":[{"embeddable":true,"href":"https:\/\/www.smiledesigncenter.hu\/en\/wp-json\/wp\/v2\/users\/3"}],"replies":[{"embeddable":true,"href":"https:\/\/www.smiledesigncenter.hu\/en\/wp-json\/wp\/v2\/comments?post=6141"}],"version-history":[{"count":3,"href":"https:\/\/www.smiledesigncenter.hu\/en\/wp-json\/wp\/v2\/posts\/6141\/revisions"}],"predecessor-version":[{"id":6270,"href":"https:\/\/www.smiledesigncenter.hu\/en\/wp-json\/wp\/v2\/posts\/6141\/revisions\/6270"}],"wp:featuredmedia":[{"embeddable":true,"href":"https:\/\/www.smiledesigncenter.hu\/en\/wp-json\/wp\/v2\/media\/6269"}],"wp:attachment":[{"href":"https:\/\/www.smiledesigncenter.hu\/en\/wp-json\/wp\/v2\/media?parent=6141"}],"wp:term":[{"taxonomy":"category","embeddable":true,"href":"https:\/\/www.smiledesigncenter.hu\/en\/wp-json\/wp\/v2\/categories?post=6141"},{"taxonomy":"post_tag","embeddable":true,"href":"https:\/\/www.smiledesigncenter.hu\/en\/wp-json\/wp\/v2\/tags?post=6141"}],"curies":[{"name":"wp","href":"https:\/\/api.w.org\/{rel}","templated":true}]}}