{"id":6601,"date":"2020-05-20T09:54:10","date_gmt":"2020-05-20T09:54:10","guid":{"rendered":"https:\/\/www.smiledesigncenter.hu\/?p=6601"},"modified":"2020-05-20T09:54:10","modified_gmt":"2020-05-20T09:54:10","slug":"mit-tegyunk-afta-ellen","status":"publish","type":"post","link":"https:\/\/www.smiledesigncenter.hu\/en\/2020\/05\/20\/mit-tegyunk-afta-ellen\/","title":{"rendered":"Mit tegy\u00fcnk afta ellen?"},"content":{"rendered":"<!-- Facebook Like Button Vivacity Infotech BEGIN -->\n<div class=\"fb-like\" data-href=\"https:\/\/www.smiledesigncenter.hu\/en\/2020\/05\/20\/mit-tegyunk-afta-ellen\/\" data-layout=\"standard\" data-action=\"recommend\" data-show-faces=\"false\" data-size=\"small\" data-width=\"450\" data-share=\"1\" ><\/div>\n<!-- Facebook Like Button Vivacity Infotech END -->\n<p>Az afta a sz\u00e1j\u00fcreg ny\u00e1lkah\u00e1rty\u00e1j\u00e1n megjelen\u0151 s\u00e1rg\u00e1s vagy sz\u00fcrk\u00e9sfeh\u00e9r fek\u00e9ly, melyet gyullad\u00e1s vesz k\u00f6r\u00fcl. A f\u00e1jdalmas gyullad\u00e1ssal az emberek kb. 60 %-a tal\u00e1lkozik \u00e9lete sor\u00e1n \u00e9s sajnos az esetek t\u00f6bbs\u00e9g\u00e9ben visszat\u00e9r\u0151 gondot is okoznak a p\u00e1ciensnek.<\/p>\n<p>Az afta t\u00f6bbnyire vesz\u00e9lytelen, \u00e1m igen kellemetlen, hiszen gyullad\u00e1s veszi k\u00f6r\u00fcl, mely megnehez\u00edtheti a folyad\u00e9k \u00e9s t\u00e1pl\u00e1l\u00e9kbevitelt.<\/p>\n<p>Hogyan kezelj\u00fck?<\/p>\n<p>A kezel\u00e9s l\u00e9nyege a f\u00e1jdalom csillap\u00edt\u00e1sa \u00e9s az afta elt\u00fcntet\u00e9se. Am\u00edg az afta el nem m\u00falik, ker\u00fclni kell a f\u00e1jdalmat okoz\u00f3 \u00e9teleket (di\u00f3, magok, pir\u00edt\u00f3s), a cs\u00edp\u0151s f\u0171szereket \u00e9s a citrusf\u00e9l\u00e9ket.<\/p>\n<p>A f\u00e1jdalom csillap\u00edt\u00e1s\u00e1ra k\u00fcl\u00f6nf\u00e9le \u00e9rz\u00e9stelen\u00edt\u0151 k\u00e9sz\u00edtm\u00e9nyek vagy a fog\u00e1szatban is haszn\u00e1latos ecsetel\u0151 szerek alkalmasak, az afta fel\u00fclet\u00e9re ecsetelve. De alkalmazhatunk szopogat\u00f3 tablett\u00e1kat \u00e9s g\u00e9leket is.<\/p>\n<p>Fontos, hogy az \u00e9rz\u00e9stelen\u00edt\u0151 szert is tartalmaz\u00f3 oldatokkal nem szabad gargaliz\u00e1lni, mivel a garat b\u00e9n\u00edt\u00e1sa miatt f\u00e9lrenyel\u00e9st okozhat.\u00a0 T\u00f6bb afta eset\u00e9ben sz\u00e1jvizet is alkalmazhatunk. A tetracyclin (sz\u00e9les spektrum\u00fa poliketid t\u00edpus\u00fa term\u00e9szetes antibiotikum) hat\u00f3anyag\u00fa sz\u00e1j\u00f6bl\u00edt\u0151 szer, ak\u00e1r 50 %-al cs\u00f6kkentheti a gy\u00f3gyul\u00e1si id\u0151t.<\/p>\n<p>Az afta kezel\u00e9s\u00e9ben seg\u00edts\u00e9g\u00fcnkre lehet m\u00e9g a fogk\u0151 elt\u00e1vol\u00edt\u00e1sa, a rossz fogp\u00f3tl\u00e1sok \u00e9s \u00e9les sz\u00e9l\u0171 t\u00f6m\u00e9sek helyreigaz\u00edt\u00e1sa.<\/p>\n<p>Ha seg\u00edts\u00e9gre van, sz\u00fcks\u00e9ge forduljon hozz\u00e1nk bizalommal.<\/p>","protected":false},"excerpt":{"rendered":"<p>Az afta a sz\u00e1j\u00fcreg ny\u00e1lkah\u00e1rty\u00e1j\u00e1n megjelen\u0151 s\u00e1rg\u00e1s vagy sz\u00fcrk\u00e9sfeh\u00e9r fek\u00e9ly, melyet gyullad\u00e1s vesz k\u00f6r\u00fcl. A f\u00e1jdalmas gyullad\u00e1ssal az emberek kb. 60 %-a tal\u00e1lkozik \u00e9lete sor\u00e1n \u00e9s sajnos az esetek t\u00f6bbs\u00e9g\u00e9ben visszat\u00e9r\u0151 gondot is okoznak a p\u00e1ciensnek. Az afta t\u00f6bbnyire vesz\u00e9lytelen, \u00e1m igen kellemetlen, hiszen gyullad\u00e1s veszi k\u00f6r\u00fcl, mely megnehez\u00edtheti a folyad\u00e9k \u00e9s t\u00e1pl\u00e1l\u00e9kbevitelt. Hogyan kezelj\u00fck?<a class=\"moretag\" href=\"https:\/\/www.smiledesigncenter.hu\/en\/templatera\/a-tokeletes-mosolyhoz-csak-egy-idopont-foglalas-hianyzik\/\"> \u2026Read more\u2026<\/a><\/p>","protected":false},"author":2,"featured_media":6602,"comment_status":"closed","ping_status":"closed","sticky":false,"template":"","format":"standard","meta":{"footnotes":"","_joinchat":[]},"categories":[46],"tags":[],"acf":[],"aioseo_notices":[],"_links":{"self":[{"href":"https:\/\/www.smiledesigncenter.hu\/en\/wp-json\/wp\/v2\/posts\/6601"}],"collection":[{"href":"https:\/\/www.smiledesigncenter.hu\/en\/wp-json\/wp\/v2\/posts"}],"about":[{"href":"https:\/\/www.smiledesigncenter.hu\/en\/wp-json\/wp\/v2\/types\/post"}],"author":[{"embeddable":true,"href":"https:\/\/www.smiledesigncenter.hu\/en\/wp-json\/wp\/v2\/users\/2"}],"replies":[{"embeddable":true,"href":"https:\/\/www.smiledesigncenter.hu\/en\/wp-json\/wp\/v2\/comments?post=6601"}],"version-history":[{"count":1,"href":"https:\/\/www.smiledesigncenter.hu\/en\/wp-json\/wp\/v2\/posts\/6601\/revisions"}],"predecessor-version":[{"id":6603,"href":"https:\/\/www.smiledesigncenter.hu\/en\/wp-json\/wp\/v2\/posts\/6601\/revisions\/6603"}],"wp:featuredmedia":[{"embeddable":true,"href":"https:\/\/www.smiledesigncenter.hu\/en\/wp-json\/wp\/v2\/media\/6602"}],"wp:attachment":[{"href":"https:\/\/www.smiledesigncenter.hu\/en\/wp-json\/wp\/v2\/media?parent=6601"}],"wp:term":[{"taxonomy":"category","embeddable":true,"href":"https:\/\/www.smiledesigncenter.hu\/en\/wp-json\/wp\/v2\/categories?post=6601"},{"taxonomy":"post_tag","embeddable":true,"href":"https:\/\/www.smiledesigncenter.hu\/en\/wp-json\/wp\/v2\/tags?post=6601"}],"curies":[{"name":"wp","href":"https:\/\/api.w.org\/{rel}","templated":true}]}}