{"id":6612,"date":"2020-06-14T11:13:54","date_gmt":"2020-06-14T11:13:54","guid":{"rendered":"https:\/\/www.smiledesigncenter.hu\/?p=6612"},"modified":"2020-06-14T11:13:54","modified_gmt":"2020-06-14T11:13:54","slug":"fogkorona-tipusok","status":"publish","type":"post","link":"https:\/\/www.smiledesigncenter.hu\/en\/2020\/06\/14\/fogkorona-tipusok\/","title":{"rendered":"Fogkorona t\u00edpusok"},"content":{"rendered":"<!-- Facebook Like Button Vivacity Infotech BEGIN -->\n<div class=\"fb-like\" data-href=\"https:\/\/www.smiledesigncenter.hu\/en\/2020\/06\/14\/fogkorona-tipusok\/\" data-layout=\"standard\" data-action=\"recommend\" data-show-faces=\"false\" data-size=\"small\" data-width=\"450\" data-share=\"1\" ><\/div>\n<!-- Facebook Like Button Vivacity Infotech END -->\n<p>Ha a fogunk let\u00f6rt vagy megrong\u00e1l\u00f3dott el\u0151fordulhat, hogy a t\u00f6m\u00e9s m\u00e1r nem seg\u00edts\u00e9g \u00e9s fogkoron\u00e1ra lesz sz\u00fcks\u00e9g, hogy helyre\u00e1ll\u00edtsuk.<\/p>\n<p>Fogkoron\u00e1t nem csak a let\u00f6rt \u00e9s megrong\u00e1l\u00f3dott fogak eset\u00e9ben alkalmazunk, hanem akkor is, ha fogunk elsz\u00ednez\u0151d\u00f6tt, szab\u00e1lytalan form\u00e1j\u00fa, valamint implant\u00e1tumokhoz, hidak eset\u00e9ben \u00e9s a fogak v\u00e9delme \u00e9rdek\u00e9ben is.<\/p>\n<p>De milyen koron\u00e1t v\u00e1lasszunk? Ebben a bejegyz\u00e9sben megpr\u00f3b\u00e1lunk a seg\u00edts\u00e9g\u00e9re lenni \u00e9s bemutatjuk, milyen t\u00edpus\u00fa koron\u00e1k k\u00f6z\u00fcl v\u00e1laszthatunk.<\/p>\n<p>A <strong>cirkon korona <\/strong>a terhelhet\u0151s\u00e9g\u00e9r\u0151l v\u00e1lt h\u00edress\u00e9, valamint teljesen f\u00e9m \u00e9s allerg\u00e9nmentes. Ez a korona t\u00edpus ig\u00e9nyli a legkisebb foganyag vesztes\u00e9get, hiszen igen kem\u00e9ny anyagr\u00f3l besz\u00e9l\u00fcnk, \u00edgy v\u00e9konyan felt\u00e9ve a fog fel\u00fclet\u00e9re is j\u00f3l funkcion\u00e1l.<\/p>\n<p>El\u0151nyei:<\/p>\n<ul>\n<li>nincs s\u00f6t\u00e9t cs\u00edk<\/li>\n<li>eszt\u00e9tikus megjelen\u00e9s<\/li>\n<li>sim\u00e1k \u00e9s f\u00e9lig \u00e1ttetsz\u0151ek, ez\u00e9rt t\u00f6k\u00e9letesen imit\u00e1lj\u00e1k a term\u00e9szetes fogak sz\u00edn\u00e9t, alakj\u00e1t \u00e9s m\u00e9ret\u00e9t<\/li>\n<li>biokompatibilis anyag, emiatt nem kell f\u00e9lni az allergi\u00e1s t\u00fcnetekt\u0151l \u00e9s reakci\u00f3kt\u00f3l<\/li>\n<\/ul>\n<p>A <strong>f\u00e9mker\u00e1mia fogkorona <\/strong>f\u00e9m \u00e9s porcel\u00e1n r\u00e9szeket is tartalmaz. A korona belseje, ami k\u00f6zvetlen\u00fcl a fogra ker\u00fcl, \u00e9s nem l\u00e1tszik, f\u00e9mb\u0151l k\u00e9sz\u00fcl. A r\u00e1\u00e9getett k\u00fcls\u0151 r\u00e9teg fogsz\u00edn\u0171 ker\u00e1mia vagy porcel\u00e1n.<\/p>\n<p>El\u0151nye, hogy gy\u00f6ny\u00f6r\u0171, term\u00e9szetes mosolyt k\u00f6lcs\u00f6n\u00f6z visel\u0151j\u00e9nek, emellett rendk\u00edv\u00fcl j\u00f3l terhelhet\u0151.<\/p>\n<p>H\u00e1tr\u00e1nya, hogy t\u00f6bb foganyag elt\u00e1vol\u00edt\u00e1sa sz\u00fcks\u00e9ges a felhelyez\u00e9s\u00e9hez.<\/p>\n<p>Neh\u00e9z l\u00e1tatlanban d\u00f6nteni, hogy sz\u00e1munkra melyik a legmegfelel\u0151bb korona. Ez nagyban f\u00fcgg a fogak \u00e1llapot\u00e1t\u00f3l, mely fogakra ker\u00fcl fel a korona, el\u0151l vagy h\u00e1tul fog elhelyezkedni.<\/p>\n<p>Rendel\u0151nkben teljes k\u00f6r\u0171 felvil\u00e1gos\u00edt\u00e1st \u00e9s seg\u00edts\u00e9get ny\u00fajtunk a d\u00f6nt\u00e9sben. Forduljon hozz\u00e1nk bizalommal.<\/p>\n<p>Az a nap mely nevet\u00e9s n\u00e9lk\u00fcl telik, elvesztegetett id\u0151 \u2013 Charlie Chaplin<\/p>","protected":false},"excerpt":{"rendered":"<p>Ha a fogunk let\u00f6rt vagy megrong\u00e1l\u00f3dott el\u0151fordulhat, hogy a t\u00f6m\u00e9s m\u00e1r nem seg\u00edts\u00e9g \u00e9s fogkoron\u00e1ra lesz sz\u00fcks\u00e9g, hogy helyre\u00e1ll\u00edtsuk. Fogkoron\u00e1t nem csak a let\u00f6rt \u00e9s megrong\u00e1l\u00f3dott fogak eset\u00e9ben alkalmazunk, hanem akkor is, ha fogunk elsz\u00ednez\u0151d\u00f6tt, szab\u00e1lytalan form\u00e1j\u00fa, valamint implant\u00e1tumokhoz, hidak eset\u00e9ben \u00e9s a fogak v\u00e9delme \u00e9rdek\u00e9ben is. De milyen koron\u00e1t v\u00e1lasszunk? Ebben a bejegyz\u00e9sben megpr\u00f3b\u00e1lunk<a class=\"moretag\" href=\"https:\/\/www.smiledesigncenter.hu\/en\/templatera\/a-tokeletes-mosolyhoz-csak-egy-idopont-foglalas-hianyzik\/\"> \u2026Read more\u2026<\/a><\/p>","protected":false},"author":2,"featured_media":6613,"comment_status":"closed","ping_status":"closed","sticky":false,"template":"","format":"standard","meta":{"footnotes":"","_joinchat":[]},"categories":[46],"tags":[],"acf":[],"aioseo_notices":[],"_links":{"self":[{"href":"https:\/\/www.smiledesigncenter.hu\/en\/wp-json\/wp\/v2\/posts\/6612"}],"collection":[{"href":"https:\/\/www.smiledesigncenter.hu\/en\/wp-json\/wp\/v2\/posts"}],"about":[{"href":"https:\/\/www.smiledesigncenter.hu\/en\/wp-json\/wp\/v2\/types\/post"}],"author":[{"embeddable":true,"href":"https:\/\/www.smiledesigncenter.hu\/en\/wp-json\/wp\/v2\/users\/2"}],"replies":[{"embeddable":true,"href":"https:\/\/www.smiledesigncenter.hu\/en\/wp-json\/wp\/v2\/comments?post=6612"}],"version-history":[{"count":1,"href":"https:\/\/www.smiledesigncenter.hu\/en\/wp-json\/wp\/v2\/posts\/6612\/revisions"}],"predecessor-version":[{"id":6614,"href":"https:\/\/www.smiledesigncenter.hu\/en\/wp-json\/wp\/v2\/posts\/6612\/revisions\/6614"}],"wp:featuredmedia":[{"embeddable":true,"href":"https:\/\/www.smiledesigncenter.hu\/en\/wp-json\/wp\/v2\/media\/6613"}],"wp:attachment":[{"href":"https:\/\/www.smiledesigncenter.hu\/en\/wp-json\/wp\/v2\/media?parent=6612"}],"wp:term":[{"taxonomy":"category","embeddable":true,"href":"https:\/\/www.smiledesigncenter.hu\/en\/wp-json\/wp\/v2\/categories?post=6612"},{"taxonomy":"post_tag","embeddable":true,"href":"https:\/\/www.smiledesigncenter.hu\/en\/wp-json\/wp\/v2\/tags?post=6612"}],"curies":[{"name":"wp","href":"https:\/\/api.w.org\/{rel}","templated":true}]}}