{"id":5458,"date":"2018-10-14T12:48:10","date_gmt":"2018-10-14T12:48:10","guid":{"rendered":"https:\/\/www.smiledesigncenter.hu\/?p=5458"},"modified":"2018-10-21T12:19:55","modified_gmt":"2018-10-21T12:19:55","slug":"a-legfontosabb-dolgok-amiket-a-foghuzasrol-tudni-erdemes","status":"publish","type":"post","link":"https:\/\/www.smiledesigncenter.hu\/fi\/2018\/10\/14\/a-legfontosabb-dolgok-amiket-a-foghuzasrol-tudni-erdemes\/","title":{"rendered":"A legfontosabb dolgok, amiket a fogh\u00faz\u00e1sr\u00f3l tudni \u00e9rdemes"},"content":{"rendered":"<!-- Facebook Like Button Vivacity Infotech BEGIN -->\n<div class=\"fb-like\" data-href=\"https:\/\/www.smiledesigncenter.hu\/fi\/2018\/10\/14\/a-legfontosabb-dolgok-amiket-a-foghuzasrol-tudni-erdemes\/\" data-layout=\"standard\" data-action=\"recommend\" data-show-faces=\"false\" data-size=\"small\" data-width=\"450\" data-share=\"1\" ><\/div>\n<!-- Facebook Like Button Vivacity Infotech END -->\n<p>Ha fogorvosr\u00f3l van sz\u00f3, a legt\u00f6bb ember \u00f3dzkodik \u00e9s undorral gondol r\u00e1. Sokan f\u00e9lnek a k\u00fcl\u00f6nb\u00f6z\u0151 eszk\u00f6z\u00f6kt\u0151l, felszerel\u00e9sekt\u0151l \u00e9s persze a f\u00far\u00f3 hangj\u00e1t\u00f3l is. A legt\u00f6bben azonban az\u00e9rt nem mernek fogorvoshoz menni, mert rettegnek a fogh\u00faz\u00e1st\u00f3l. Ez az a m\u0171velet, amelyet \u00e1ltal\u00e1ban akkor alkalmaznak, amikor m\u00e1r menthetetlen\u00fcl k\u00e1rosodott egy fog, \u00edgy elt\u00e1vol\u00edtj\u00e1k azt a sz\u00e1j\u00fcregb\u0151l.<!--more--><\/p>\n<p>Ezenk\u00edv\u00fcl m\u00e9g sz\u00e1mos oka lehet az elt\u00e1vol\u00edt\u00e1snak, hiszen a felszabadult hely a fogszab\u00e1lyoz\u00e1sban is seg\u00edthet \u00e9s az el\u0151t\u00f6rni nem tud\u00f3 fogakat is szok\u00e1s kim\u0171teni. Az egyszer\u0171 fogh\u00faz\u00e1s nem tartozik a m\u0171t\u00e9ti beavatkoz\u00e1sok k\u00f6z\u00e9 \u00e9s \u00e1ltal\u00e1ban el\u00e9g hozz\u00e1 helyi \u00e9rz\u00e9stelen\u00edt\u00e9st is alkalmazni, \u00e1m komplexebb probl\u00e9ma eset\u00e9n sz\u00fcks\u00e9gess\u00e9 v\u00e1lhat az \u00fagynevezett seb\u00e9szeti fogelt\u00e1vol\u00edt\u00e1s is, mely sor\u00e1n \u00f6sszetettebb m\u0171veletekre \u00e9s varr\u00e1sra is sz\u00fcks\u00e9g lehet.<\/p>\n<h3>Amikor m\u00e1r elker\u00fclhetetlen a h\u00faz\u00e1s<\/h3>\n<p>B\u00e1r a fog\u00e1pol\u00e1si rekl\u00e1mok, a sz\u00e1jhigi\u00e9ni\u00e1s prospektusok, \u00e9s a szak\u00e9rt\u0151 fogorvosok minden t\u00e1j\u00e9koztat\u00e1st megadnak, m\u00e9gsem mondhat\u00f3 el, hogy a lakoss\u00e1g el\u0151szeretettel \u00f3vn\u00e1 a fogai \u00e9ps\u00e9g\u00e9t. Csak a feln\u0151tt lakoss\u00e1g kis h\u00e1nyada rendelkezik ugyanis t\u00f6k\u00e9letesen eg\u00e9szs\u00e9ges fogakkal, pedig a rendszeres fogmos\u00e1s, a sz\u00e1jv\u00edz, a fogselyem \u00e9s a sz\u0171r\u0151vizsg\u00e1latok hossz\u00fa \u00e9lettartamot garant\u00e1lnak fogainknak. A legt\u00f6bb esetben ma m\u00e1r nincs sz\u00fcks\u00e9g az elt\u00e1vol\u00edt\u00e1sukra, hiszen a mai m\u00f3dszerek igyekeznek meg\u00f3vni \u00e9s \u00fajj\u00e1\u00e9p\u00edteni a lyukas vagy hib\u00e1san n\u0151tt fogainkat.<\/p>\n<p>N\u00e9h\u00e1ny esetben azonban m\u00e9gis azt tan\u00e1csolj\u00e1k a szak\u00e9rt\u0151k, hogy d\u00f6nts\u00fcnk az elt\u00e1vol\u00edt\u00e1s mellett, hiszen t\u00f6bbet \u00e1rt a sz\u00e1nkban hagyott fog, mint amennyi el\u0151ny\u00e9t \u00e9lvezz\u00fck. El\u0151rehaladott fogszuvasod\u00e1s, fog\u00e1gybetegs\u00e9g, fogb\u00e9l gyullad\u00e1s, t\u00f6r\u00e9s, r\u00e1g\u00f3s\u00edkb\u00f3l val\u00f3 sz\u00e9ls\u0151s\u00e9ges d\u0151l\u00e9s vagy daganat besug\u00e1rz\u00e1s miatt \u00e1ltal\u00e1ban a fogh\u00faz\u00e1st javasolj\u00e1k. Ugyan\u00edgy \u00e9rdemes elt\u00e1vol\u00edtani a fogat a fogszab\u00e1lyz\u00e1shoz helyteremt\u00e9sre, impakt\u00e1lt fogak eset\u00e9ben (pl. el\u0151 nem t\u00f6r\u0151 b\u00f6lcsess\u00e9gfog) vagy hosszan megmarad\u00f3 tejfogak eset\u00e9n is.<\/p>\n<p><img decoding=\"async\" loading=\"lazy\" class=\"aligncenter size-full wp-image-5145\" src=\"https:\/\/www.smiledesigncenter.hu\/wp-content\/uploads\/2018\/06\/Dr.-S\u00e1nta-Antal_resize.jpg\" alt=\"\" width=\"1200\" height=\"795\" srcset=\"https:\/\/www.smiledesigncenter.hu\/wp-content\/uploads\/2018\/06\/Dr.-S\u00e1nta-Antal_resize.jpg 1200w, https:\/\/www.smiledesigncenter.hu\/wp-content\/uploads\/2018\/06\/Dr.-S\u00e1nta-Antal_resize-300x199.jpg 300w, https:\/\/www.smiledesigncenter.hu\/wp-content\/uploads\/2018\/06\/Dr.-S\u00e1nta-Antal_resize-768x509.jpg 768w, https:\/\/www.smiledesigncenter.hu\/wp-content\/uploads\/2018\/06\/Dr.-S\u00e1nta-Antal_resize-1024x678.jpg 1024w\" sizes=\"(max-width: 1200px) 100vw, 1200px\" \/><\/p>\n<p>N\u00e9h\u00e1ny betegs\u00e9g mellett viszont kimondottan ellenjavallt a fogh\u00faz\u00e1s: ilyenek az \u00e9rrendszeri betegs\u00e9gek, a v\u00e9rz\u00e9kenys\u00e9g, a m\u00e1jbetegs\u00e9g, a cukorbetegs\u00e9g, a pajzsmirigybetegs\u00e9g, az allergia, az alkoholizmus \u00e9s a vesebetegs\u00e9g is.<\/p>\n<h3>Tan\u00e1csok fogh\u00faz\u00e1s ut\u00e1nra<\/h3>\n<p>Mivel a fogh\u00faz\u00e1s sor\u00e1n ny\u00edlt seb keletkezik, ami k\u00f6nnyen elfert\u0151z\u0151dhet, n\u00e9h\u00e1ny fontos dolgot be kell tartani a beavatkoz\u00e1st k\u00f6vet\u0151en. Nem aj\u00e1nlatos enni \u00e9s r\u00e1gni, m\u00edg az \u00e9rz\u00e9stelen\u00edt\u0151 hat\u00e1sa el nem m\u00falik, p\u00e1r napig pedig r\u00e1gjunk a m\u00e1sik oldalon, lehet\u0151leg puh\u00e1bb \u00e9teleket. A fels\u0151 fogak elt\u00e1vol\u00edt\u00e1sakor az orrf\u00faj\u00e1st is ker\u00fclni kell, illetve tilos k\u00f6pni \u00e9s \u00f6bl\u00f6getni is. A sebet tilos piszk\u00e1lni, nyelvvel tapogatni \u00e9s sz\u00edvogatni egyar\u00e1nt. Egy-k\u00e9t napig a fizikai munka is ker\u00fclend\u0151! P\u00e1r napig pedig ne egy\u00fcnk tejterm\u00e9keket, az alkoholt \u00e9s a magas cukortartalm\u00fa italokat, \u00e9teleket mell\u0151zz\u00fck. Nem aj\u00e1nlatos r\u00e1gy\u00fajtani sem, \u00e1m f\u00e1jdalomcsillap\u00edt\u00f3t ak\u00e1r t\u00f6bbsz\u00f6r is bevehet\u00fcnk.<\/p>","protected":false},"excerpt":{"rendered":"<p>Ha fogorvosr\u00f3l van sz\u00f3, a legt\u00f6bb ember \u00f3dzkodik \u00e9s undorral gondol r\u00e1. Sokan f\u00e9lnek a k\u00fcl\u00f6nb\u00f6z\u0151 eszk\u00f6z\u00f6kt\u0151l, felszerel\u00e9sekt\u0151l \u00e9s persze a f\u00far\u00f3 hangj\u00e1t\u00f3l is.<\/p>","protected":false},"author":3,"featured_media":5145,"comment_status":"closed","ping_status":"closed","sticky":false,"template":"","format":"standard","meta":{"footnotes":"","_joinchat":[]},"categories":[46],"tags":[],"acf":[],"aioseo_notices":[],"_links":{"self":[{"href":"https:\/\/www.smiledesigncenter.hu\/fi\/wp-json\/wp\/v2\/posts\/5458"}],"collection":[{"href":"https:\/\/www.smiledesigncenter.hu\/fi\/wp-json\/wp\/v2\/posts"}],"about":[{"href":"https:\/\/www.smiledesigncenter.hu\/fi\/wp-json\/wp\/v2\/types\/post"}],"author":[{"embeddable":true,"href":"https:\/\/www.smiledesigncenter.hu\/fi\/wp-json\/wp\/v2\/users\/3"}],"replies":[{"embeddable":true,"href":"https:\/\/www.smiledesigncenter.hu\/fi\/wp-json\/wp\/v2\/comments?post=5458"}],"version-history":[{"count":6,"href":"https:\/\/www.smiledesigncenter.hu\/fi\/wp-json\/wp\/v2\/posts\/5458\/revisions"}],"predecessor-version":[{"id":5615,"href":"https:\/\/www.smiledesigncenter.hu\/fi\/wp-json\/wp\/v2\/posts\/5458\/revisions\/5615"}],"wp:featuredmedia":[{"embeddable":true,"href":"https:\/\/www.smiledesigncenter.hu\/fi\/wp-json\/wp\/v2\/media\/5145"}],"wp:attachment":[{"href":"https:\/\/www.smiledesigncenter.hu\/fi\/wp-json\/wp\/v2\/media?parent=5458"}],"wp:term":[{"taxonomy":"category","embeddable":true,"href":"https:\/\/www.smiledesigncenter.hu\/fi\/wp-json\/wp\/v2\/categories?post=5458"},{"taxonomy":"post_tag","embeddable":true,"href":"https:\/\/www.smiledesigncenter.hu\/fi\/wp-json\/wp\/v2\/tags?post=5458"}],"curies":[{"name":"wp","href":"https:\/\/api.w.org\/{rel}","templated":true}]}}