{"id":5719,"date":"2018-12-14T13:52:38","date_gmt":"2018-12-14T13:52:38","guid":{"rendered":"https:\/\/www.smiledesigncenter.hu\/?p=5719"},"modified":"2018-12-14T13:53:09","modified_gmt":"2018-12-14T13:53:09","slug":"miert-nem-moshatnak-a-gyerekek-felnott-fogkremmel-fogat","status":"publish","type":"post","link":"https:\/\/www.smiledesigncenter.hu\/fi\/2018\/12\/14\/miert-nem-moshatnak-a-gyerekek-felnott-fogkremmel-fogat\/","title":{"rendered":"Mi\u00e9rt nem moshatnak a gyerekek feln\u0151tt fogkr\u00e9mmel fogat?"},"content":{"rendered":"<!-- Facebook Like Button Vivacity Infotech BEGIN -->\n<div class=\"fb-like\" data-href=\"https:\/\/www.smiledesigncenter.hu\/fi\/2018\/12\/14\/miert-nem-moshatnak-a-gyerekek-felnott-fogkremmel-fogat\/\" data-layout=\"standard\" data-action=\"recommend\" data-show-faces=\"false\" data-size=\"small\" data-width=\"450\" data-share=\"1\" ><\/div>\n<!-- Facebook Like Button Vivacity Infotech END -->\n<p>A fog\u00e1pol\u00e1s k\u00e9t legfontosabb eszk\u00f6ze a fogkefe \u00e9s a fogkr\u00e9m. Mindkett\u0151b\u0151l rengeteg f\u00e9l\u00e9t tal\u00e1lhatunk ma m\u00e1r a boltok polcain, \u00e1m egy\u00e1ltal\u00e1n nem mindegy, hogy ki melyiket haszn\u00e1lja. A gyerekek fog\u00e1pol\u00e1s\u00e1ban az orvosok szerint t\u00f6bb dologra is oda kell figyeln\u00fcnk, az egyik ilyen fontos dolog, hogy milyen fajta fogkr\u00e9mmel mossa meg a gyerk\u0151c minden nap a fogait.<!--more--><\/p>\n<p>A gyerekekn\u00e9l nagyon fontos, hogy a fog\u00e1pol\u00e1st m\u00e9g nagyon kicsi korban elkezdj\u00fck bevezetni a mindennapi rutinjukba, \u00e9s hogy a sz\u00fcl\u0151 megfelel\u0151 eszk\u00f6z\u00f6ket adjon a gyermek kez\u00e9be, amivel megtanulja megmosni a fogait.<\/p>\n<h3>Mi bajuk lehet a gyerekeknek a feln\u0151tt fogkr\u00e9mt\u0151l?<\/h3>\n<p>Az egyik legfontosabb dolog, hogy a gyermek \u00e9letkor\u00e1nak megfelel\u0151 fog\u00e1pol\u00e1si term\u00e9keket v\u00e1s\u00e1roljunk csemet\u00e9nk sz\u00e1m\u00e1ra. Ez nem csak az\u00e9rt fontos, mert ezeken a kimondottan gyerekeknek sz\u00e1nt term\u00e9keken mindig van valami j\u00f3pofa figura, esetleg meseh\u0151s, hanem az\u00e9rt is, mert m\u00e9g \u00e1rthatunk is azzal, ha nem a megfelel\u0151 fogkr\u00e9met v\u00e1lasztunk neki. Kis korban, m\u00edg meg nem tanulnak rendesen \u00f6bl\u00f6getni \u00e9s k\u00f6pni, addig lenyelik a fogkr\u00e9met. A hat\u00e9vesn\u00e9l fiatalabbak sz\u00e1m\u00e1ra \u00e9ppen ez\u00e9rt van kimondottan kicsiknek val\u00f3 fogkr\u00e9m kifejlesztve, amelyt\u0151l semmi bajuk nem lesz, ha v\u00e9letlen\u00fcl a gyomorba jut az.<\/p>\n<p>Egy fogkr\u00e9m rengeteg \u00f6sszetev\u0151b\u0151l \u00e1ll. Tartalmazhat p\u00e9ld\u00e1ul k\u00fcl\u00f6nb\u00f6z\u0151 habz\u00e1st seg\u00edt\u0151 anyagokat, d\u00f6rzsanyagot, tart\u00f3s\u00edt\u00f3szereket, fluoridot, sz\u00ednez\u00e9ket \u00e9s \u00edzes\u00edt\u0151t, illetve \u00e1sv\u00e1nyi anyagokat is. Ezek m\u00e1sodpercekek alatt fel tudnak sz\u00edv\u00f3dni a sz\u00e1j ny\u00e1lkah\u00e1rty\u00e1j\u00e1n kereszt\u00fcl. Sok kisgyermek, azonban allergi\u00e1s valamelyik \u00f6sszetev\u0151re, (sok esetben a fluoridra), \u00edgy sz\u00e1mukra csak az olyan fogkr\u00e9m t\u00f6k\u00e9letes, amely kimondotta fluoridmentes.<\/p>\n<p><img decoding=\"async\" loading=\"lazy\" class=\"aligncenter size-full wp-image-3248\" src=\"https:\/\/www.smiledesigncenter.hu\/wp-content\/uploads\/2017\/09\/Smile_Design_Center_22.jpg\" alt=\"\" width=\"800\" height=\"533\" srcset=\"https:\/\/www.smiledesigncenter.hu\/wp-content\/uploads\/2017\/09\/Smile_Design_Center_22.jpg 800w, https:\/\/www.smiledesigncenter.hu\/wp-content\/uploads\/2017\/09\/Smile_Design_Center_22-300x200.jpg 300w, https:\/\/www.smiledesigncenter.hu\/wp-content\/uploads\/2017\/09\/Smile_Design_Center_22-768x512.jpg 768w\" sizes=\"(max-width: 800px) 100vw, 800px\" \/><\/p>\n<p>Ha nagyon \u00f3vatosak szeretn\u00e9nk lenni, a legjobb, ha bioboltokban tal\u00e1lhat\u00f3 gyermek fogkr\u00e9mek k\u00f6z\u00fcl v\u00e1lasztunk, melyek term\u00e9szetes \u00f6sszetev\u0151k seg\u00edts\u00e9g\u00e9vel tudj\u00e1k tiszt\u00e1v\u00e1 var\u00e1zsolni a kicsik fogait. Ezeket a term\u00e9keket is nyugodtan lenyelhetik a gyerekek fogmos\u00e1s k\u00f6zben addig, m\u00edg sikeresen elsaj\u00e1t\u00edtj\u00e1k, hogyan lehet kik\u00f6pni a fogkr\u00e9mes vizet a sz\u00e1jukb\u00f3l. Emellett a legt\u00f6bb feln\u0151tt fogkr\u00e9m annyira mentolos \u00edzes\u00edt\u00e9s\u0171, hogy a gyerekek nagy r\u00e9sze nem is szereti, nem is akarja ezzel megmosni a fogait.<\/p>\n<h3>Hogy szerettess\u00fck meg gyermek\u00fcnkkel a fogmos\u00e1st?<\/h3>\n<p>Mindenf\u00e9le fogmos\u00f3 n\u00f3t\u00e1t \u00e9s vicces fogkef\u00e9t bevetett\u00fcnk m\u00e1r, csemet\u00e9nk m\u00e9gsem akarja megszeretni a fogmos\u00e1st? Nagyon fontos, hogy elmagyar\u00e1zzuk neki, mi\u00e9rt j\u00f3 sz\u00e1m\u00e1ra, hogy rendszeresen tiszt\u00e1ra mossa a fogait. Am\u00edg csak n\u00e9h\u00e1ny tejfogacska b\u00fajt el\u0151, term\u00e9szetesen a sz\u00fcl\u0151 feladata megtiszt\u00edtani legal\u00e1bb est\u00e9nk\u00e9nt a baba fog\u00e1t, kimondottan a legkisebbeknek val\u00f3, ujjra h\u00fazhat\u00f3 szilikon kef\u00e9csk\u00e9vel. Ahogy a gyerk\u0151c n\u0151, egyre t\u00f6bb eszk\u00f6zt tud saj\u00e1t maga haszn\u00e1lni fog\u00e1pol\u00e1s sor\u00e1n. A mi dolgunk megszerettetni vele a fogmos\u00e1st \u00e9s erre a legjobb taktika, ha egyszer\u0171en hagyjuk, hogy ut\u00e1nozzon benn\u00fcnket.<\/p>\n<p>A legt\u00f6bb esetben mikor anya, vagy apa fogat mos este, akkor m\u00e1r alszanak a gyerekek, reggel pedig m\u00e9g nincsenek \u00e9bren. Pedig annak \u00e9rdek\u00e9ben, hogy jobban megj\u00f6jj\u00f6n a kedv\u00fck, \u00e9rdemes lehet naponta t\u00f6bbsz\u00f6r el\u0151tt\u00fck megmosni a fogunkat. El\u0151tte pedig egy\u00e1ltal\u00e1n nem is kell megeml\u00edteni nekik a dolgot \u00e9s akkor garant\u00e1ltan elkezdenek majd minket ut\u00e1nozni. Term\u00e9szetesen ilyenkor m\u00e9g nem t\u00fal alaposak, ez\u00e9rt \u00e9rdemes kicsit r\u00e1seg\u00edteni \u00e9s alaposan \u00e1tsik\u00e1lni az apr\u00f3cska fogkef\u00e9vel az \u00f6sszes tejfogat, annak \u00e9rdek\u00e9ben, hogy sok\u00e1ig sz\u00e9pek \u00e9s eg\u00e9szs\u00e9gesek maradjanak.<\/p>","protected":false},"excerpt":{"rendered":"<p>A fog\u00e1pol\u00e1s k\u00e9t legfontosabb eszk\u00f6ze a fogkefe \u00e9s a fogkr\u00e9m. Mindkett\u0151b\u0151l rengeteg f\u00e9l\u00e9t tal\u00e1lhatunk ma m\u00e1r a boltok polcain, \u00e1m egy\u00e1ltal\u00e1n nem mindegy, hogy ki melyiket haszn\u00e1lja.<\/p>","protected":false},"author":3,"featured_media":3249,"comment_status":"closed","ping_status":"closed","sticky":false,"template":"","format":"standard","meta":{"footnotes":"","_joinchat":[]},"categories":[46],"tags":[],"acf":[],"aioseo_notices":[],"_links":{"self":[{"href":"https:\/\/www.smiledesigncenter.hu\/fi\/wp-json\/wp\/v2\/posts\/5719"}],"collection":[{"href":"https:\/\/www.smiledesigncenter.hu\/fi\/wp-json\/wp\/v2\/posts"}],"about":[{"href":"https:\/\/www.smiledesigncenter.hu\/fi\/wp-json\/wp\/v2\/types\/post"}],"author":[{"embeddable":true,"href":"https:\/\/www.smiledesigncenter.hu\/fi\/wp-json\/wp\/v2\/users\/3"}],"replies":[{"embeddable":true,"href":"https:\/\/www.smiledesigncenter.hu\/fi\/wp-json\/wp\/v2\/comments?post=5719"}],"version-history":[{"count":6,"href":"https:\/\/www.smiledesigncenter.hu\/fi\/wp-json\/wp\/v2\/posts\/5719\/revisions"}],"predecessor-version":[{"id":5728,"href":"https:\/\/www.smiledesigncenter.hu\/fi\/wp-json\/wp\/v2\/posts\/5719\/revisions\/5728"}],"wp:featuredmedia":[{"embeddable":true,"href":"https:\/\/www.smiledesigncenter.hu\/fi\/wp-json\/wp\/v2\/media\/3249"}],"wp:attachment":[{"href":"https:\/\/www.smiledesigncenter.hu\/fi\/wp-json\/wp\/v2\/media?parent=5719"}],"wp:term":[{"taxonomy":"category","embeddable":true,"href":"https:\/\/www.smiledesigncenter.hu\/fi\/wp-json\/wp\/v2\/categories?post=5719"},{"taxonomy":"post_tag","embeddable":true,"href":"https:\/\/www.smiledesigncenter.hu\/fi\/wp-json\/wp\/v2\/tags?post=5719"}],"curies":[{"name":"wp","href":"https:\/\/api.w.org\/{rel}","templated":true}]}}