{"id":5788,"date":"2018-12-22T21:16:48","date_gmt":"2018-12-22T21:16:48","guid":{"rendered":"https:\/\/www.smiledesigncenter.hu\/?p=5788"},"modified":"2018-12-22T21:16:48","modified_gmt":"2018-12-22T21:16:48","slug":"mennyire-kell-komolyan-venni-a-fogkovet","status":"publish","type":"post","link":"https:\/\/www.smiledesigncenter.hu\/fi\/2018\/12\/22\/mennyire-kell-komolyan-venni-a-fogkovet\/","title":{"rendered":"Mennyire kell komolyan venni a fogk\u00f6vet?"},"content":{"rendered":"<!-- Facebook Like Button Vivacity Infotech BEGIN -->\n<div class=\"fb-like\" data-href=\"https:\/\/www.smiledesigncenter.hu\/fi\/2018\/12\/22\/mennyire-kell-komolyan-venni-a-fogkovet\/\" data-layout=\"standard\" data-action=\"recommend\" data-show-faces=\"false\" data-size=\"small\" data-width=\"450\" data-share=\"1\" ><\/div>\n<!-- Facebook Like Button Vivacity Infotech END -->\n<p>A legt\u00f6bb ember egy\u00e1ltal\u00e1n nem figyel arra, hogy fogsora fogk\u00f6ves-e \u00e9s csak ez\u00e9rt nagyon ritka, ha fogorvoshoz megy\u00fcnk emiatt. Pedig a fogk\u0151 nem csak eszt\u00e9tikai probl\u00e9m\u00e1t tud jelenteni, hanem fogaink \u00e9rz\u00e9kenyebb\u00e9, s\u00e9r\u00fcl\u00e9kenyebb\u00e9 v\u00e1lhatnak, illetve hamarabb \u00e9s k\u00f6nnyebben ki tudnak majd alakulni k\u00fcl\u00f6nb\u00f6z\u0151 s\u00falyos fog\u00e1gy betegs\u00e9gek is. Ez a gonosz betegs\u00e9g ugyanis a gyullad\u00e1sok meleg\u00e1gya is lehet. Emellett a fog felsz\u00edn\u00e9n kialakult fogk\u0151 rossz sz\u00e1jszagot is tud okozni \u00e9s ak\u00e1r fog\u00ednyv\u00e9rz\u00e9shez, fog\u00e1gy gyullad\u00e1shoz is vezethet. Ha ez a folyamat nem lesz meg\u00e1ll\u00edtva, akkor pedig fogaink elkezdhetnek kilazulni, hiszen a fogk\u0151 a fogcsont tart\u00f3szerkezet\u00e9nek pusztul\u00e1s\u00e1t hozhatja mag\u00e1val r\u00f6vid id\u0151n bel\u00fcl.<!--more--><\/p>\n<h3>Hogyan alakul ki a fogk\u0151?<\/h3>\n<p>A fogk\u0151 l\u00e9nyeg\u00e9ben \u00e9tkez\u00e9s ut\u00e1n a fogainkon maradt bakt\u00e9riumban gazdag leped\u00e9k megk\u00f6vesedett form\u00e1ja, amely legt\u00f6bbsz\u00f6r olyan helyen tal\u00e1lhat\u00f3 meg, ahova nehezen \u00e9r\u00fcnk el fogkef\u00e9vel, \u00edgy neh\u00e9z megtiszt\u00edtani. A legrosszabb esetben ez a kellemetlen t\u00fcnet a fog\u00edny menti \u00e9s k\u00f6zti fel\u00fcleteken jelenik meg. Mivel ezek a megtelepedett bakt\u00e9riumok savas k\u00f6rnyezetet kezdenek el teremteni, a fogzom\u00e1ncunkat is elkezdi marni \u00e9s gyeng\u00edteni, emiatt pedig megn\u00f6vekszik a fogszuvasod\u00e1s kock\u00e1zata. Ez az eszt\u00e9tikailag sem t\u00fal sz\u00e9p l\u00e1tv\u00e1ny\u00fa \u00e9s a <a href=\"https:\/\/www.smiledesigncenter.hu\/fi\/2018\/12\/14\/szajszag-tobb-betegseg-elso-tunete-is-lehet\/\" target=\"_blank\" rel=\"noopener\">rossz sz\u00e1jszag\u00e9rt felel\u0151s<\/a> fogk\u0151 el\u0151rehaladott \u00e1llapotban a fogakat megtart\u00f3 sz\u00f6vetek visszah\u00faz\u00f3d\u00e1s\u00e1t tudja okozni, amely komoly gyullad\u00e1st, s\u0151t, ak\u00e1r s\u00falyos csont\u00e1llom\u00e1ny probl\u00e9m\u00e1kat is okozhat.<\/p>\n<p><img decoding=\"async\" loading=\"lazy\" class=\"aligncenter size-full wp-image-5156\" src=\"https:\/\/www.smiledesigncenter.hu\/wp-content\/uploads\/2018\/06\/Smile_Design_Center_15.jpg\" alt=\"\" width=\"800\" height=\"533\" srcset=\"https:\/\/www.smiledesigncenter.hu\/wp-content\/uploads\/2018\/06\/Smile_Design_Center_15.jpg 800w, https:\/\/www.smiledesigncenter.hu\/wp-content\/uploads\/2018\/06\/Smile_Design_Center_15-300x200.jpg 300w, https:\/\/www.smiledesigncenter.hu\/wp-content\/uploads\/2018\/06\/Smile_Design_Center_15-768x512.jpg 768w\" sizes=\"(max-width: 800px) 100vw, 800px\" \/><\/p>\n<p>Elhelyezked\u00e9s\u00e9t tekintve k\u00e9tf\u00e9le t\u00edpus\u00fa fogk\u00f6vet k\u00fcl\u00f6nb\u00f6ztethet\u00fcnk meg. A szupragingiv\u00e1lis fogk\u0151 az, amely az \u00ednyen k\u00edv\u00fcl helyezkedik el. Ez a legt\u00f6bb esetben a fogsor bels\u0151 oldal\u00e1n, illetve a fels\u0151 \u0151rl\u0151 fogakon jelenik meg. Sz\u00edne lehet feh\u00e9r, s\u00e1rga, de ak\u00e1r vil\u00e1gosbarna is. Ez a fogk\u0151 t\u00edpus nagyon r\u00f6vid id\u0151 alatt ki tud alakulni, azonban j\u00f3 h\u00edr az, hogy a fogaink fel\u00fclet\u00e9hez csak k\u00f6zepes er\u0151ss\u00e9ggel tapad hozz\u00e1. A m\u00e1sik csoport a szubgingiv\u00e1lis, m\u00e1s n\u00e9ven az \u00edny alatt tal\u00e1lhat\u00f3 fogk\u0151, mely jellemz\u0151en a fog\u00ednytasakokon szokott kialakulni. Ennek a sz\u00edne m\u00e1r er\u0151sebb, \u00edgy a s\u00f6t\u00e9tbarn\u00e1t\u00f3l, eg\u00e9szen a feket\u00e9ig, ak\u00e1rmilyen \u00e1rnyalatban kialakulhat. Ez a t\u00edpus\u00fa fogk\u0151 sokkal hosszabb id\u0151 alatt tud csak kialakulni, viszont vigy\u00e1zni kell vele, hiszen j\u00f3val er\u0151sebben tud a fogaink felsz\u00edn\u00e9hez tapadni.<\/p>\n<h3>Mikor \u00e9rdemes fogorvoshoz fordulni?<\/h3>\n<p>A fogleped\u00e9k \u00fagy alakul fogk\u0151v\u00e9, hogy a lerak\u00f3dott plakkban a ny\u00e1lban tal\u00e1lhat\u00f3 kalciums\u00f3k elkezdenek be\u00e9p\u00fclni, \u00edgy megkezd\u0151dik az \u00e1sv\u00e1nyos\u00edt\u00e1s, \u00edgy ez a r\u00e9teg rendk\u00edv\u00fcl kem\u00e9ny lesz. \u00c1ltal\u00e1nos szab\u00e1ly, hogy fogorvoshoz nem csak akkor j\u00e1runk, amikor m\u00e1r s\u00falyos probl\u00e9m\u00e1nk van \u00e9s hatalmas f\u00e1jdalmakkal k\u00fczd\u00fcnk, hanem akkor is amikor csak ellen\u0151riztetni szeretn\u00e9nk fogsorunk \u00e1llapot\u00e1t.<\/p>\n<p>K\u00fcl\u00f6n\u00f6sen az ilyen esetek lehetnek j\u00f3k arra, hogy a fogorvos m\u00e9g id\u0151ben \u00e9szre tudja venni a fogk\u0151 k\u00e9pz\u0151d\u00e9st, \u00edgy j\u00f3 es\u00e9llyel m\u00e9g akkor <a href=\"https:\/\/www.smiledesigncenter.hu\/fi\/hammaskiven-poisto\/\" target=\"_blank\" rel=\"noopener\">el tudja t\u00e1vol\u00edtani azt<\/a>, amikor a lerak\u00f3dott fogk\u0151 m\u00e9g nem okoz hatalmas fog\u00e1szati probl\u00e9m\u00e1kat. A rengeteg, interneten terjed\u0151 h\u00e1zi praktik\u00e1val ellent\u00e9tben a fogk\u00f6vet csak fogorvos, illetve sz\u00e1j-higi\u00e9nikus tudja elt\u00fcntetni. Manaps\u00e1g m\u00e1r t\u00f6bbf\u00e9le m\u00f3dja van annak, hogy f\u00e1jdalom mentesen \u00e9s a fog\u00edny megs\u00e9rt\u00e9se n\u00e9lk\u00fcl k\u00f6nnyen \u00e9s egyszer\u0171en elt\u00e1vol\u00edtsa a szakember fogainkr\u00f3l a fogk\u00f6vet.<\/p>","protected":false},"excerpt":{"rendered":"<p>A legt\u00f6bb ember egy\u00e1ltal\u00e1n nem figyel arra, hogy fogsora fogk\u00f6ves-e \u00e9s csak ez\u00e9rt nagyon ritka, ha fogorvoshoz megy\u00fcnk emiatt. Pedig a fogk\u0151 nem csak eszt\u00e9tikai probl\u00e9m\u00e1t tud jelenteni, hanem fogaink \u00e9rz\u00e9kenyebb\u00e9, s\u00e9r\u00fcl\u00e9kenyebb\u00e9 v\u00e1lhatnak, illetve hamarabb \u00e9s k\u00f6nnyebben ki tudnak majd alakulni k\u00fcl\u00f6nb\u00f6z\u0151 s\u00falyos fog\u00e1gy betegs\u00e9gek is.<\/p>","protected":false},"author":3,"featured_media":5156,"comment_status":"closed","ping_status":"closed","sticky":false,"template":"","format":"standard","meta":{"footnotes":"","_joinchat":[]},"categories":[46],"tags":[],"acf":[],"aioseo_notices":[],"_links":{"self":[{"href":"https:\/\/www.smiledesigncenter.hu\/fi\/wp-json\/wp\/v2\/posts\/5788"}],"collection":[{"href":"https:\/\/www.smiledesigncenter.hu\/fi\/wp-json\/wp\/v2\/posts"}],"about":[{"href":"https:\/\/www.smiledesigncenter.hu\/fi\/wp-json\/wp\/v2\/types\/post"}],"author":[{"embeddable":true,"href":"https:\/\/www.smiledesigncenter.hu\/fi\/wp-json\/wp\/v2\/users\/3"}],"replies":[{"embeddable":true,"href":"https:\/\/www.smiledesigncenter.hu\/fi\/wp-json\/wp\/v2\/comments?post=5788"}],"version-history":[{"count":2,"href":"https:\/\/www.smiledesigncenter.hu\/fi\/wp-json\/wp\/v2\/posts\/5788\/revisions"}],"predecessor-version":[{"id":5790,"href":"https:\/\/www.smiledesigncenter.hu\/fi\/wp-json\/wp\/v2\/posts\/5788\/revisions\/5790"}],"wp:featuredmedia":[{"embeddable":true,"href":"https:\/\/www.smiledesigncenter.hu\/fi\/wp-json\/wp\/v2\/media\/5156"}],"wp:attachment":[{"href":"https:\/\/www.smiledesigncenter.hu\/fi\/wp-json\/wp\/v2\/media?parent=5788"}],"wp:term":[{"taxonomy":"category","embeddable":true,"href":"https:\/\/www.smiledesigncenter.hu\/fi\/wp-json\/wp\/v2\/categories?post=5788"},{"taxonomy":"post_tag","embeddable":true,"href":"https:\/\/www.smiledesigncenter.hu\/fi\/wp-json\/wp\/v2\/tags?post=5788"}],"curies":[{"name":"wp","href":"https:\/\/api.w.org\/{rel}","templated":true}]}}