{"id":6031,"date":"2019-06-13T13:15:57","date_gmt":"2019-06-13T13:15:57","guid":{"rendered":"https:\/\/www.smiledesigncenter.hu\/?p=6031"},"modified":"2019-06-24T10:25:49","modified_gmt":"2019-06-24T10:25:49","slug":"mit-kell-tudni-az-airflow-technikarol","status":"publish","type":"post","link":"https:\/\/www.smiledesigncenter.hu\/fi\/2019\/06\/13\/mit-kell-tudni-az-airflow-technikarol\/","title":{"rendered":"Mit kell tudni az Airflow technik\u00e1r\u00f3l?"},"content":{"rendered":"<!-- Facebook Like Button Vivacity Infotech BEGIN -->\n<div class=\"fb-like\" data-href=\"https:\/\/www.smiledesigncenter.hu\/fi\/2019\/06\/13\/mit-kell-tudni-az-airflow-technikarol\/\" data-layout=\"standard\" data-action=\"recommend\" data-show-faces=\"false\" data-size=\"small\" data-width=\"450\" data-share=\"1\" ><\/div>\n<!-- Facebook Like Button Vivacity Infotech END -->\n<p>A fog\u00e1szat legnagyobb k\u00e1rtev\u0151je a fogk\u0151. Nagy r\u00e9sz\u00e9t \u00e9telmarad\u00e9kok alkotj\u00e1k, ez\u00e9rt sajnos m\u00e9g az alapos sz\u00e1jhigi\u00e9nia betart\u00e1sa mellett is mindenkin\u00e9l jelen vannak. \u00c9tkez\u00e9sek alkalm\u00e1val a fogak \u00e9s p\u00f3tl\u00e1sok felsz\u00edn\u00e9n egy v\u00e9kony, sz\u00edntelen plakkr\u00e9teg rak\u00f3dik le. Ez a r\u00e9teg a ny\u00e1lban l\u00e9v\u0151 \u00e1sv\u00e1nyi anyagok miatt elkezd megkem\u00e9nyedni egy id\u0151 ut\u00e1n. Ezt az elmeszesedett r\u00e9teget h\u00edvj\u00e1k fogk\u0151nek. Ha \u00ednnyel \u00e9rintkezik gyakran gyullad\u00e1st, fog\u00e1gy betegs\u00e9get okozhat.<!--more--><\/p>\n<p>Ami fogszuvasod\u00e1shoz, rosszabb esetben a fogaink elveszt\u00e9s\u00e9hez is vezethet. Az \u00edny r\u00f6vid id\u0151 alatt k\u00e9pes begyulladni, visszah\u00faz\u00f3dni \u00e9s ilyenkor elkezd elsorvadni.<\/p>\n<p>Els\u0151 gyan\u00fas jelnek kell tekinten\u00fcnk a v\u00f6r\u00f6s \u00ednyt, vagy ha fogmos\u00e1sok alkalm\u00e1val v\u00e9rezni kezd. Ezek nem csak eszt\u00e9tikai probl\u00e9m\u00e1k, hanem nagyon k\u00e1rosan hathatnak az eg\u00e9sz test\u00fcnkre. A fogk\u0151 megt\u00e1madja a fog\u00e1gyat, k\u00fcl\u00f6nb\u00f6z\u0151s fogbetegs\u00e9geket okozhat, amik teljesen t\u00f6nkreteszik a fog tart\u00f3szerkezet\u00e9t.<\/p>\n<h3>Hogyan m\u0171k\u00f6dik a rendel\u0151nkben is haszn\u00e1lt Airflow-technika?<\/h3>\n<p>Az <a href=\"https:\/\/www.smiledesigncenter.hu\/fi\/hammaskiven-poisto\/\" target=\"_blank\" rel=\"noopener noreferrer\">ultrahangos fogk\u0151elt\u00e1vol\u00edt\u00e1s<\/a> leghat\u00e9konyabb t\u00edpusa az Airflow-technika. A speci\u00e1lis k\u00e9sz\u00fcl\u00e9k \u00e1ltal keletkezett rezg\u00e9sek finom szemcs\u00e9j\u0171 porr\u00e1 z\u00fazz\u00e1k a fogk\u00f6vet, de a fog felsz\u00edn\u00e9n megmaradhatnak a szabad szemmel m\u00e1r nem l\u00e1that\u00f3 legapr\u00f3bb szemcs\u00e9k. Ezek miatt a fogk\u0151lerak\u00f3d\u00e1s \u00fajra kialakul, hiszen a fog felsz\u00edne nem teljesen sima, hanem meg tudnak rajta tapadni az \u00fajabb lerakod\u00e1sok. Az apr\u00f3 k\u00f6vecsk\u00e9ket az Airflow-technika \u00e1ltal haszn\u00e1lt por bef\u00faj\u00e1s\u00e1val teljesen el tudj\u00e1k t\u00fcntetni, \u00edgy a leped\u00e9k egy sima fogfel\u00fcleten nem tud meg\u00fclni a j\u00f6v\u0151ben.<\/p>\n<p><img decoding=\"async\" loading=\"lazy\" class=\"aligncenter size-full wp-image-5506\" src=\"https:\/\/www.smiledesigncenter.hu\/wp-content\/uploads\/2018\/10\/air-flow-fogkoeltavolitas-nyiregyhaza.jpg\" alt=\"\" width=\"1200\" height=\"800\" srcset=\"https:\/\/www.smiledesigncenter.hu\/wp-content\/uploads\/2018\/10\/air-flow-fogkoeltavolitas-nyiregyhaza.jpg 1200w, https:\/\/www.smiledesigncenter.hu\/wp-content\/uploads\/2018\/10\/air-flow-fogkoeltavolitas-nyiregyhaza-300x200.jpg 300w, https:\/\/www.smiledesigncenter.hu\/wp-content\/uploads\/2018\/10\/air-flow-fogkoeltavolitas-nyiregyhaza-768x512.jpg 768w, https:\/\/www.smiledesigncenter.hu\/wp-content\/uploads\/2018\/10\/air-flow-fogkoeltavolitas-nyiregyhaza-1024x683.jpg 1024w\" sizes=\"(max-width: 1200px) 100vw, 1200px\" \/><\/p>\n<p>Egy speci\u00e1lis g\u00e9ppel a leveg\u0151, a v\u00edz \u00e9s a sz\u00f3dabikarb\u00f3na egyveleg\u00e9vel t\u00e1vol\u00edtj\u00e1k el a szennyez\u0151d\u00e9st. Mivel a sz\u00f3dabikarb\u00f3na teljesen term\u00e9szetes anyag, \u00edgy a lenyel\u00e9se sem okoz semmilyen probl\u00e9m\u00e1t. Ezzel a m\u00f3dszerrel visszakapjuk fogaink f\u00e9ny\u00e9t, feh\u00e9rs\u00e9g\u00e9t. Lehet\u0151s\u00e9g van a por \u00edzes\u00edt\u00e9s\u00e9re, \u00e1ltal\u00e1ban ez citrom arom\u00e1val t\u00f6rt\u00e9nik, \u00edgy a kezel\u00e9st egy friss\u00edt\u0151 sz\u00e1jzuhanyk\u00e9nt fogjuk meg\u00e9lni.<\/p>\n<h3>Milyen gyakran \u00e9rdemes elv\u00e9geztetni a fogk\u0151elt\u00e1vol\u00edt\u00e1st?<\/h3>\n<p>Mivel f\u00e9l\u00e9vente \u00e9rdemes ellen\u0151riztetni fogaink \u00e1llapot\u00e1t, \u00edgy ezeken a kontrollokon a szakorvosaink nyomon tudj\u00e1k k\u00f6vetni a fogk\u0151 lerak\u00f3d\u00e1sunk s\u00falyoss\u00e1g\u00e1t. Akik hajlamosabbak a fogk\u00f6vesed\u00e9sre, vagy valamilyen \u00ednybetegs\u00e9gben szenvednek, azoknak ezeken az alkalmakon \u00e9rdemes az Air flow technik\u00e1s tiszt\u00edt\u00e1st elv\u00e9gezni. A r\u00f6gz\u00edtett fogszab\u00e1lyz\u00f3val rendelkez\u0151 p\u00e1ciensek is jobban ki vannak t\u00e9ve a leped\u00e9k lerakod\u00e1s\u00e1nak, illetve \u0151k nehezebben tudj\u00e1k t\u00f6k\u00e9letesen megtiszt\u00edtani a fogaikat. Az elj\u00e1r\u00e1s ut\u00e1n aj\u00e1nlatos egy \u00fagynevezett v\u00e9d\u0151lakkal kezelni a fogsort. Ezzel a lehet\u0151 legtart\u00f3sabb eredm\u00e9nyt tudj\u00e1k el\u00e9rni. J\u00f3 tan\u00e1csk\u00e9nt az orvosaink el szokt\u00e1k mondani, hogy egy ilyen kezel\u00e9s ut\u00e1n \u00e9rdemes 5-6 napig ker\u00fclni a sz\u00ednes \u00e9teleket, a te\u00e1kat, sz\u00f6rp\u00f6ket, k\u00f3l\u00e1t.<\/p>\n<p>Kezel\u00e9s ut\u00e1n sikaml\u00f3sabbnak, tiszt\u00e1bbnak fogja \u00e9rezni a fog\u00e1t. Nagy el\u0151nye ennek a technik\u00e1nak, hogy az anyag a fogak k\u00f6z\u00f6tti kis r\u00e9sekbe is betud hatolni, \u00edgy a k\u00e9miai fogfeh\u00e9r\u00edt\u00e9sre nincs sz\u00fcks\u00e9g. Megnyitja az \u00ednygall\u00e9rt, \u00edgy az itt megb\u00fav\u00f3 leped\u00e9ket is elt\u00e1vol\u00edtja.<\/p>","protected":false},"excerpt":{"rendered":"<p>A fog\u00e1szat legnagyobb k\u00e1rtev\u0151je a fogk\u0151. Nagy r\u00e9sz\u00e9t \u00e9telmarad\u00e9kok alkotj\u00e1k, ez\u00e9rt sajnos m\u00e9g az alapos sz\u00e1jhigi\u00e9nia betart\u00e1sa mellett is mindenkin\u00e9l jelen vannak. \u00c9tkez\u00e9sek alkalm\u00e1val a fogak \u00e9s p\u00f3tl\u00e1sok felsz\u00edn\u00e9n egy v\u00e9kony, sz\u00edntelen plakkr\u00e9teg rak\u00f3dik le. Ez a r\u00e9teg<\/p>","protected":false},"author":3,"featured_media":5506,"comment_status":"closed","ping_status":"closed","sticky":false,"template":"","format":"standard","meta":{"footnotes":"","_joinchat":[]},"categories":[46],"tags":[],"acf":[],"aioseo_notices":[],"_links":{"self":[{"href":"https:\/\/www.smiledesigncenter.hu\/fi\/wp-json\/wp\/v2\/posts\/6031"}],"collection":[{"href":"https:\/\/www.smiledesigncenter.hu\/fi\/wp-json\/wp\/v2\/posts"}],"about":[{"href":"https:\/\/www.smiledesigncenter.hu\/fi\/wp-json\/wp\/v2\/types\/post"}],"author":[{"embeddable":true,"href":"https:\/\/www.smiledesigncenter.hu\/fi\/wp-json\/wp\/v2\/users\/3"}],"replies":[{"embeddable":true,"href":"https:\/\/www.smiledesigncenter.hu\/fi\/wp-json\/wp\/v2\/comments?post=6031"}],"version-history":[{"count":4,"href":"https:\/\/www.smiledesigncenter.hu\/fi\/wp-json\/wp\/v2\/posts\/6031\/revisions"}],"predecessor-version":[{"id":6048,"href":"https:\/\/www.smiledesigncenter.hu\/fi\/wp-json\/wp\/v2\/posts\/6031\/revisions\/6048"}],"wp:featuredmedia":[{"embeddable":true,"href":"https:\/\/www.smiledesigncenter.hu\/fi\/wp-json\/wp\/v2\/media\/5506"}],"wp:attachment":[{"href":"https:\/\/www.smiledesigncenter.hu\/fi\/wp-json\/wp\/v2\/media?parent=6031"}],"wp:term":[{"taxonomy":"category","embeddable":true,"href":"https:\/\/www.smiledesigncenter.hu\/fi\/wp-json\/wp\/v2\/categories?post=6031"},{"taxonomy":"post_tag","embeddable":true,"href":"https:\/\/www.smiledesigncenter.hu\/fi\/wp-json\/wp\/v2\/tags?post=6031"}],"curies":[{"name":"wp","href":"https:\/\/api.w.org\/{rel}","templated":true}]}}