{"id":6214,"date":"2019-10-14T08:42:00","date_gmt":"2019-10-14T08:42:00","guid":{"rendered":"https:\/\/www.smiledesigncenter.hu\/?p=6214"},"modified":"2019-11-14T13:39:17","modified_gmt":"2019-11-14T13:39:17","slug":"minden-amit-erdemes-tudni-a-fogszabalyozasrol","status":"publish","type":"post","link":"https:\/\/www.smiledesigncenter.hu\/fi\/2019\/10\/14\/minden-amit-erdemes-tudni-a-fogszabalyozasrol\/","title":{"rendered":"Minden, amit \u00e9rdemes tudni a fogszab\u00e1lyoz\u00e1sr\u00f3l"},"content":{"rendered":"<!-- Facebook Like Button Vivacity Infotech BEGIN -->\n<div class=\"fb-like\" data-href=\"https:\/\/www.smiledesigncenter.hu\/fi\/2019\/10\/14\/minden-amit-erdemes-tudni-a-fogszabalyozasrol\/\" data-layout=\"standard\" data-action=\"recommend\" data-show-faces=\"false\" data-size=\"small\" data-width=\"450\" data-share=\"1\" ><\/div>\n<!-- Facebook Like Button Vivacity Infotech END -->\n<p>Mindenki eg\u00e9szs\u00e9ges, h\u00f3feh\u00e9r \u00e9s gy\u00f6ny\u00f6r\u0171 fogsorr\u00f3l \u00e1lmodik. Mosolyunkat azonban hamar el tudja rontani egy-k\u00e9t szuvas fog, vagy az, ha fogaink kicsit keszekusz\u00e1bban \u00e1llnak. Rengeteg embert nyomaszt, hogy a fogai g\u00f6rb\u00e9k \u00e9s emiatt nem mernek mosolyogni, \u00f6nfeledten nevetni egy nagyot, csak \u00fagy ha kez\u00fckkel k\u00f6zben folyamatosan eltakarj\u00e1k a sz\u00e1jukat. Szerencs\u00e9re a g\u00f6rbe, ferd\u00e9n \u00e1ll\u00f3 fogak ellen tehet\u00fcnk m\u00e9g feln\u0151tt korunkban is, \u00e9s m\u00e1r nem is sz\u00e1m\u00edt cikinek, ha valakinek fogszab\u00e1lyz\u00f3ja van.<!--more--><\/p>\n<p>A <a href=\"https:\/\/www.smiledesigncenter.hu\/fi\/oikomishoitoa-unkarissa\/\" target=\"_blank\" rel=\"noopener noreferrer\">fogszab\u00e1lyoz\u00e1s c\u00e9lja<\/a> azonban nem csak az, hogy eszt\u00e9tikailag rendben legyen a mosolyunk, hiszen seg\u00edts\u00e9g\u00e9vel megsz\u00fcntethetj\u00fck a k\u00fcl\u00f6nb\u00f6z\u0151 r\u00e1g\u00e1si rendelleness\u00e9geket, illetve a k\u00fcl\u00f6nb\u00f6z\u0151 besz\u00e9dhib\u00e1kat is, melyek pontosan a fogaink rendezetlens\u00e9ge miatt alakult ki az \u00e9vek sor\u00e1n.<\/p>\n<h3>Mikor vigy\u00fck el\u0151sz\u00f6r fogorvoshoz gyermekeinket?<\/h3>\n<p>M\u00edg r\u00e9gebben cs\u00fafolt\u00e1k a szem\u00fcveges, vagy \u00e9ppen fogszab\u00e1lyz\u00f3s gyerekeket az iskol\u00e1ban, addig m\u00e1ra m\u00e1r ez egy sokkal elfogadottabb dolognak sz\u00e1m\u00edt. Teljesen megszokott, ha egy kisgyermek fogsor\u00e1ra fogszab\u00e1lyz\u00f3 ker\u00fcl.<\/p>\n<p>Szakemberek szerint az els\u0151 fogorvosi vizsg\u00e1latra gyermek\u00fcnket <a href=\"https:\/\/www.smiledesigncenter.hu\/fi\/2019\/04\/24\/ne-csak-akkor-vigyuk-gyermekeinket-fogorvoshoz-ha-mar-baj-van\/\" target=\"_blank\" rel=\"noopener noreferrer\">\u00e9rdemes m\u00e1r olyan 3-4 \u00e9ves korban elvinni<\/a>, amikor m\u00e9g a kicsi sz\u00e1j\u00e1ban csak tejfogak tal\u00e1lhat\u00f3ak. Fontos tudni, hogy a tejfogak \u00e1pol\u00e1sa is elengedhetetlen, illetve az\u00e9rt is c\u00e9lszer\u0171 m\u00e1r ilyen fiatalkorban fogorvoshoz vinni gyermek\u00fcnket, mert \u00edgy szokja majd a k\u00f6rnyezetet, a helyzetet, megismeri a fog\u00e1szati rendel\u0151t, illetve megn\u00e9zheti a k\u00fcl\u00f6nb\u00f6z\u0151 eszk\u00f6z\u00f6ket is. \u00cdgy, ha k\u00e9s\u0151bb is el kell vinn\u00fcnk, nem egy idegen hely lesz sz\u00e1m\u00e1ra, \u00e9s val\u00f3sz\u00edn\u0171leg <a href=\"https:\/\/www.smiledesigncenter.hu\/fi\/2019\/01\/11\/a-szulo-hibaja-ha-a-gyermeke-fel-a-fogorvostol\/\" target=\"_blank\" rel=\"noopener noreferrer\">nem is fog majd rettegni t\u0151le<\/a>. Ha mi sz\u00fcl\u0151k azt szeretn\u00e9nk, hogy gyermek\u00fcnk \u00e9lete v\u00e9g\u00e9ig sz\u00e9p \u00e9s eg\u00e9szs\u00e9ges fogsorral tudjon mosolyogni, akkor mindenk\u00e9pp fontos, hogy m\u00e1r ilyen kis korban megbar\u00e1tkoztassuk a helyzettel.<\/p>\n<h3>Mikor kezd\u0151dhet meg leghamarabb a fogszab\u00e1lyoz\u00e1s?<\/h3>\n<p>Az els\u0151 fogszab\u00e1lyoz\u00e1si vizsg\u00e1latra olyan 7-8 \u00e9ves korban ker\u00fclhet csak sor. Ekkor sok esetben val\u00f3j\u00e1ban m\u00e9g nincs is sz\u00fcks\u00e9g beavatkoz\u00e1sra, viszont mindenk\u00e9ppen aj\u00e1nlatos megejteni egy alaposan vizsg\u00e1latot. Az\u00e9rt ez a kor a legide\u00e1lisabb, mert ekkorra m\u00e1r az els\u0151 maradand\u00f3 \u0151rl\u0151fogak is kib\u00fajtak a gyerek \u00edny\u00e9b\u0151l, \u00e9s \u00edgy stabiliz\u00e1l\u00f3dik a h\u00e1ts\u00f3 harap\u00e1sa is. A rendellenes harap\u00e1snak sajnos a r\u00e1g\u00e1sra \u00e9s a fogmos\u00e1sra is rettent\u0151 nagy hat\u00e1sa van, hiszen a g\u00f6rbe fogak sokkal nehezebben \u00e9s hosszadalmasabb proced\u00far\u00e1val tiszt\u00edthat\u00f3ak csak meg.<\/p>\n<p><img decoding=\"async\" loading=\"lazy\" class=\"aligncenter size-full wp-image-6277\" src=\"https:\/\/www.smiledesigncenter.hu\/wp-content\/uploads\/2019\/10\/fogszabalyzas.jpg\" alt=\"\" width=\"1024\" height=\"594\" srcset=\"https:\/\/www.smiledesigncenter.hu\/wp-content\/uploads\/2019\/10\/fogszabalyzas.jpg 1024w, https:\/\/www.smiledesigncenter.hu\/wp-content\/uploads\/2019\/10\/fogszabalyzas-300x174.jpg 300w, https:\/\/www.smiledesigncenter.hu\/wp-content\/uploads\/2019\/10\/fogszabalyzas-768x446.jpg 768w\" sizes=\"(max-width: 1024px) 100vw, 1024px\" \/><\/p>\n<p>\u00cdgy pedig hamar megjelenhet a fogszuvasod\u00e1s, illetve a k\u00fcl\u00f6nb\u00f6z\u0151 kellemetlen \u00ednybetegs\u00e9gek is. Emellett a nyitott harap\u00e1s k\u00f6vetkezt\u00e9ben kialakulhat a nyelvl\u00f6k\u00e9ses nyel\u00e9s, illetve okozhat m\u00e9g besz\u00e9dhib\u00e1kat is ak\u00e1r gyermek-, ak\u00e1r feln\u0151ttkorban is. Emellett a kesze-kusza fogakb\u00f3l \u00e1ll\u00f3 mosoly eszt\u00e9tikailag sem t\u00fal sz\u00e9p l\u00e1tv\u00e1ny. Ezeket a dolgokat szerencs\u00e9re mind meg tudjuk el\u0151zni akkor, ha nem hanyagoljuk el gyermek\u00fcnk fogsor\u00e1t, \u00e9s m\u00e9g id\u0151ben elvissz\u00fck \u0151t egy els\u0151 fogorvosi vizsg\u00e1latra, majd a sz\u00fcks\u00e9ges kezel\u00e9sekre.<\/p>\n<h3>Ma m\u00e1r nem ritka a feln\u0151ttkori fogszab\u00e1lyoz\u00e1s sem<\/h3>\n<p>Ahogy m\u00e1r eml\u00edtett\u00fck, a ragyog\u00f3an sz\u00e9p \u00e9s rendezett fogsor nem csak eszt\u00e9tikai, hanem eg\u00e9szs\u00e9g\u00fcgyi szempontok miatt is nagyon fontos. Sajnos a fogszab\u00e1lyoz\u00e1ssal kapcsolatban ma is rengeteg emberben felmer\u00fclnek ugyanazok a k\u00e9rd\u00e9sek, melyekre tal\u00e1n ritk\u00e1n, vagy soha nem is kap pontos v\u00e1laszt. Sokan p\u00e9ld\u00e1ul azt hiszik, hogy a fogszab\u00e1lyoz\u00e1s csak fiatalkorban v\u00e9gezhet\u0151 el, \u00e9s ha ezt valamilyen okn\u00e1l fogva ez kiskorban elmaradt, akkor az illet\u0151 m\u00e1r \u00e9lete v\u00e9g\u00e9ig girbe-gurba fogakkal fog \u00e9lni. A t\u00e9vhitekkel ellent\u00e9tben term\u00e9szetesen, m\u00e1r folyamatosan fejl\u0151d\u0151 fog\u00e1szati technol\u00f3gi\u00e1knak k\u00f6sz\u00f6nhet\u0151en <a href=\"https:\/\/www.smiledesigncenter.hu\/fi\/oikomishoitoa-unkarissa\/\" target=\"_blank\" rel=\"noopener noreferrer\">feln\u0151ttkorban is lehet\u0151s\u00e9g\u00fcnk van a fogszab\u00e1lyoz\u00e1sra<\/a>, s\u0151t egyre gyakrabban fordul el\u0151 az, hogy egy feln\u0151tt ember sz\u00e1nja r\u00e1 mag\u00e1t erre a beavatkoz\u00e1sra.<\/p>\n<p>\u00c1m fontos lesz\u00f6gezni, hogy mivel ekkorra m\u00e1r teljes m\u00e9rt\u00e9kben kifejl\u0151d\u00f6tt az ember \u00e1llkapcsa, \u00edgy maga a fogszab\u00e1lyoz\u00e1s, fogak mozgat\u00e1sa valamivel hosszadalmasabb folyamat lesz, mint mondjuk kisgyermek korban. Ebb\u0151l kiindulva term\u00e9szetesen eg\u00e9szen m\u00e1s fogszab\u00e1lyoz\u00f3 k\u00e9sz\u00fcl\u00e9keket haszn\u00e1lnak a gyerekek \u00e9s feln\u0151ttek. Az, hogy ki milyen fogszab\u00e1lyoz\u00f3 k\u00e9sz\u00fcl\u00e9ket kap, nagyon sok esetben a fogai \u00e1llapot\u00e1t\u00f3l f\u00fcgg.<\/p>\n<h3>Milyen fogszab\u00e1lyoz\u00f3 k\u00e9sz\u00fcl\u00e9kek \u00e1llnak a feln\u0151ttek rendelkez\u00e9s\u00e9re?<\/h3>\n<p>Kisebb rendelleness\u00e9gnek sz\u00e1m\u00edt az, amikor valaki eszt\u00e9tikai probl\u00e9m\u00e1k miatt d\u00f6nt a fogszab\u00e1lyoz\u00e1s mellett, illetve amikor fogai csak enyh\u00e9n vannak eltorl\u00f3dva. Ebben az esetben sokszor elegend\u0151 a kivehet\u0151 k\u00e9sz\u00fcl\u00e9k haszn\u00e1lata is. Ennek is t\u00f6bb t\u00edpusa l\u00e9tezik, van a hagyom\u00e1nyos, illetve az alinger k\u00e9sz\u00fcl\u00e9k. A hagyom\u00e1nyos fogszab\u00e1lyoz\u00f3 f\u00e9mes-m\u0171anyag kin\u00e9zete miatt legink\u00e1bb a gyerek fogszab\u00e1lyoz\u00f3 k\u00e9sz\u00fcl\u00e9kekre eml\u00e9kezteti az embert, m\u00edg az alinger t\u00edpus\u00fat rengetegen az\u00e9rt v\u00e1lassz\u00e1k mert szinte l\u00e1thatatlanul v\u00e9gzi a dolg\u00e1t a fogainkon. A fogsorra felhelyezett m\u0171anyag s\u00edn ugyanis \u00e1tl\u00e1tsz\u00f3, \u00edgy egy\u00e1ltal\u00e1n nem ny\u00fajt felt\u0171n\u0151 l\u00e1tv\u00e1nyt a fogainkon. Ezeket a s\u00edneket n\u00e9h\u00e1ny hetente kell cser\u00e9lni, addig am\u00edg fogsorunk a k\u00edv\u00e1nt eredm\u00e9nyt el nem \u00e9ri.<\/p>\n<h3>Mi\u00e9rt tartanak a feln\u0151ttek a fogszab\u00e1lyoz\u00e1st\u00f3l?<\/h3>\n<p>Mivel sok feln\u0151tt ember szeretn\u00e9 elker\u00fclni a r\u00f6gz\u00edtett k\u00e9sz\u00fcl\u00e9k visel\u00e9s\u00e9t, hiszen tartanak annak az eszt\u00e9tikai megjelen\u00e9s\u00e9t\u0151l, szerencs\u00e9re m\u00e1r egyre t\u00f6bb lehet\u0151s\u00e9g\u00fcnk akad ennek a probl\u00e9m\u00e1nak az elker\u00fcl\u00e9se \u00e9rdek\u00e9ben is. A sima f\u00e9m, hagyom\u00e1nyos fogszab\u00e1lyoz\u00f3 k\u00e9sz\u00fcl\u00e9k mellett l\u00e9tezik p\u00e9ld\u00e1ul olyan is, mely a fog sz\u00edn\u00e9hez rendk\u00edv\u00fcl j\u00f3l alkalmazkod\u00f3 ker\u00e1mi\u00e1b\u00f3l k\u00e9sz\u00fcl, ennek hord\u00e1sa pedig egy\u00e1ltal\u00e1n nem lesz majd szembet\u0171n\u0151. A lingualis t\u00edpus\u00fa k\u00e9sz\u00fcl\u00e9k k\u00fcl\u00f6nlegess\u00e9ge hogy a fogsor bels\u0151 fel\u00fclet\u00e9re lesz felhelyezve, \u00edgy \u00e9rtelemszer\u0171en nem l\u00e1tszik majd a fogainkon. Emellett l\u00e9tezik m\u00e9g a konstrukci\u00f3s fogszab\u00e1lyoz\u00f3, melyet ugyancsak eszt\u00e9tikai tulajdons\u00e1gainak k\u00f6sz\u00f6nhet\u0151en egyre t\u00f6bb feln\u0151tt haszn\u00e1lja el\u0151szeretettel.<\/p>\n<p>A ferde fogak \u00f6nbizalomprobl\u00e9m\u00e1kat, \u00f6n\u00e9rt\u00e9kel\u00e9si gondokat, gyakori fejf\u00e1j\u00e1st, r\u00e1g\u00e1si neh\u00e9zs\u00e9geket, merev nyakizmot is okozhatnak. Emellett gyakori a fogszuvasod\u00e1s \u00e9s az egy\u00e9b fog\u00e1szati probl\u00e9m\u00e1k is. Ez pedig csak n\u00e9h\u00e1ny nyom\u00f3s \u00e9rv, mely miatt manaps\u00e1g egyre gyakrabban szeretn\u00e9nk feln\u0151ttk\u00e9nt is kipr\u00f3b\u00e1lni a fogszab\u00e1lyoz\u00e1st. Szerencs\u00e9re a fentebb eml\u00edtett modern k\u00e9sz\u00fcl\u00e9kek \u00e9s elj\u00e1r\u00e1sok m\u00e1r lehet\u0151s\u00e9get is adnak erre.<\/p>","protected":false},"excerpt":{"rendered":"<p>Mindenki eg\u00e9szs\u00e9ges, h\u00f3feh\u00e9r \u00e9s gy\u00f6ny\u00f6r\u0171 fogsorr\u00f3l \u00e1lmodik. Mosolyunkat azonban hamar el tudja rontani egy-k\u00e9t szuvas fog, vagy az, ha fogaink kicsit keszekusz\u00e1bban \u00e1llnak. Rengeteg embert nyomaszt<\/p>","protected":false},"author":3,"featured_media":6277,"comment_status":"closed","ping_status":"closed","sticky":false,"template":"","format":"standard","meta":{"footnotes":"","_joinchat":[]},"categories":[46],"tags":[],"acf":[],"aioseo_notices":[],"_links":{"self":[{"href":"https:\/\/www.smiledesigncenter.hu\/fi\/wp-json\/wp\/v2\/posts\/6214"}],"collection":[{"href":"https:\/\/www.smiledesigncenter.hu\/fi\/wp-json\/wp\/v2\/posts"}],"about":[{"href":"https:\/\/www.smiledesigncenter.hu\/fi\/wp-json\/wp\/v2\/types\/post"}],"author":[{"embeddable":true,"href":"https:\/\/www.smiledesigncenter.hu\/fi\/wp-json\/wp\/v2\/users\/3"}],"replies":[{"embeddable":true,"href":"https:\/\/www.smiledesigncenter.hu\/fi\/wp-json\/wp\/v2\/comments?post=6214"}],"version-history":[{"count":5,"href":"https:\/\/www.smiledesigncenter.hu\/fi\/wp-json\/wp\/v2\/posts\/6214\/revisions"}],"predecessor-version":[{"id":6279,"href":"https:\/\/www.smiledesigncenter.hu\/fi\/wp-json\/wp\/v2\/posts\/6214\/revisions\/6279"}],"wp:featuredmedia":[{"embeddable":true,"href":"https:\/\/www.smiledesigncenter.hu\/fi\/wp-json\/wp\/v2\/media\/6277"}],"wp:attachment":[{"href":"https:\/\/www.smiledesigncenter.hu\/fi\/wp-json\/wp\/v2\/media?parent=6214"}],"wp:term":[{"taxonomy":"category","embeddable":true,"href":"https:\/\/www.smiledesigncenter.hu\/fi\/wp-json\/wp\/v2\/categories?post=6214"},{"taxonomy":"post_tag","embeddable":true,"href":"https:\/\/www.smiledesigncenter.hu\/fi\/wp-json\/wp\/v2\/tags?post=6214"}],"curies":[{"name":"wp","href":"https:\/\/api.w.org\/{rel}","templated":true}]}}