{"id":6296,"date":"2019-12-16T13:18:21","date_gmt":"2019-12-16T13:18:21","guid":{"rendered":"https:\/\/www.smiledesigncenter.hu\/?p=6296"},"modified":"2019-12-16T13:18:21","modified_gmt":"2019-12-16T13:18:21","slug":"milyen-tuneteket-okozhatnak-a-szervezetunkben-kialakulo-gocok","status":"publish","type":"post","link":"https:\/\/www.smiledesigncenter.hu\/fi\/2019\/12\/16\/milyen-tuneteket-okozhatnak-a-szervezetunkben-kialakulo-gocok\/","title":{"rendered":"Milyen t\u00fcneteket okozhatnak a szervezet\u00fcnkben kialakul\u00f3 g\u00f3cok?"},"content":{"rendered":"<!-- Facebook Like Button Vivacity Infotech BEGIN -->\n<div class=\"fb-like\" data-href=\"https:\/\/www.smiledesigncenter.hu\/fi\/2019\/12\/16\/milyen-tuneteket-okozhatnak-a-szervezetunkben-kialakulo-gocok\/\" data-layout=\"standard\" data-action=\"recommend\" data-show-faces=\"false\" data-size=\"small\" data-width=\"450\" data-share=\"1\" ><\/div>\n<!-- Facebook Like Button Vivacity Infotech END -->\n<p>Az \u0151szi-t\u00e9li h\u00f3napokban, ahogy bek\u00f6sz\u00f6ntenek az els\u0151 hideg napok, \u00e1ltal\u00e1ban rendszerint mindenki belekeveredik egy kisebb n\u00e1th\u00e1ba, megf\u00e1z\u00e1sba. Ilyenkor picit legyeng\u00fcl az immunrendszer\u00fcnk, \u00e9s k\u00f6nnyebben elkaphatunk k\u00fcl\u00f6nb\u00f6z\u0151 betegs\u00e9geket is. A gond csak akkor kezd\u0151dik, ha azt tapasztaljuk, hogy ezekb\u0151l a betegs\u00e9gekb\u0151l egyszer\u0171en k\u00e9ptelenek vagyunk teljesen kigy\u00f3gyulni, \u00e9s ha enyh\u00fclnek is \u00e1tmenetileg a kellemetlen t\u00fcneteink, p\u00e1r napon bel\u00fcl mindig visszat\u00e9rnek.<!--more--><\/p>\n<p>Hi\u00e1ba l\u00e1togatunk el az orvoshoz, szedj\u00fck be a fel\u00edrt orvoss\u00e1got, \u00e9s tartjuk be az utas\u00edt\u00e1sait, van, hogy n\u00e9ha egy-egy betegs\u00e9gb\u0151l nem tudunk kil\u00e1balni, ilyenkor pedig mindig valami m\u00e1s dolog h\u00faz\u00f3dik meg a h\u00e1tt\u00e9rben. A rendszeresen visszat\u00e9r\u0151, vagy sz\u0171nni nem akar\u00f3 eg\u00e9szs\u00e9g\u00fcgyi probl\u00e9m\u00e1kat mindig kell\u0151en komolyan kell venni, hiszen ilyen esetekben olyan dolog is \u00e1llhat a h\u00e1tt\u00e9rben, melyre nem is vagyunk felk\u00e9sz\u00fclve.<\/p>\n<h3>Miket okoznak a test\u00fcnkben l\u00e9v\u0151 g\u00f3cok?<\/h3>\n<p>A test\u00fcnkben l\u00e9v\u0151 gyulladt g\u00f3cok nagyon alattomosak. Rengeteg t\u00fcnetet okozhatnak, ez\u00e9rt sokszor nagyon neh\u00e9z kider\u00edteni a betegs\u00e9gek val\u00f3di ok\u00e1t. Tapasztalhatunk sz\u00e9nan\u00e1th\u00e1s, allergi\u00e1s t\u00fcneteket, er\u0151s fejf\u00e1j\u00e1st, drasztikus hajhull\u00e1st, de ak\u00e1r azt is, hogy arcb\u0151r\u00fcnket hatalmas, f\u00e1j\u00f3 \u00e9s gyulladt pattan\u00e1sok kezdik ellepni. Ezek csak n\u00e9h\u00e1ny dolgok, melyeket \u00e9szlelhet\u00fcnk magunkon, ha test\u00fcnkben g\u00f3cok rejt\u0151znek meg. Emellett kialakulhat m\u00e9g emiatt alv\u00e1szavar, \u00e9rezhet\u00fcnk folyamatos f\u00e1radts\u00e1got \u00e9s leverts\u00e9get, s\u0151t h\u0151emelked\u00e9st \u00e9s l\u00e1zat is.<\/p>\n<p>A g\u00f3cbetegs\u00e9g egy olyan k\u00f3rfolyamat, melynek k\u00f6vetkezt\u00e9ben egy adott szerv vagy szervrendszer gyullad\u00e1sba ker\u00fcl a test t\u00e1voli pontj\u00e1n, ez pedig k\u00e9pes k\u00fcl\u00f6nb\u00f6z\u0151 t\u00fcnetekkel j\u00e1r\u00f3 m\u00e1sodlagos megbeteged\u00e9seket el\u0151id\u00e9zni a p\u00e1ciensekn\u00e9l. Sok esetben ezek a g\u00f3cok teljesen t\u00fcnetmentesek, teh\u00e1t nem f\u00e1jnak, nem \u00e9rz\u00e9kenyek. M\u00e9gis ott vannak, \u00e9s komolyabb probl\u00e9m\u00e1kat is tudnak okozni. Legt\u00f6bbsz\u00f6r m\u00e9g az elv\u00e9gzett v\u00e9r-\u00e9s laborvizsg\u00e1lat eredm\u00e9ny\u00e9b\u0151l se sz\u0171rhet\u0151 ki, hogy ilyen probl\u00e9m\u00e1val \u00e1llunk szemben, vagy ritka esetekben is csak nagyon enyhe elt\u00e9r\u00e9seket mutatnak a leletek.<\/p>\n<p>Ha a t\u00fcneteink folyamatosan fenn\u00e1llnak, mindenk\u00e9ppen sz\u00fcks\u00e9gess\u00e9 fog v\u00e1lni a szakorvosok bevon\u00e1sa, ilyenkor t\u00f6rt\u00e9nnek meg a c\u00e9lzott ultrahang \u00e9s r\u00f6ntgen vizsg\u00e1latok is. Az emberek t\u00f6bbs\u00e9ge eleinte meglep\u0151dik azon hogy a r\u00e9g\u00f3ta fenn\u00e1ll\u00f3 probl\u00e9m\u00e1it test\u00e9ben tal\u00e1lhat\u00f3 g\u00f3cok okozz\u00e1k val\u00f3j\u00e1ban, ez\u00e9rt szinte ez az utols\u00f3 dolog, amire gondolni szoktak a kivizsg\u00e1l\u00e1sok idej\u00e9n. A l\u00e1tsz\u00f3lag ismeretlen eredet\u0171 probl\u00e9m\u00e1kat (a hajhull\u00e1st, a leverts\u00e9get, \u00e9s a f\u00e1rad\u00e9konys\u00e1got) a legt\u00f6bb esetben a mandul\u00e1kban tal\u00e1lhat\u00f3 gyullad\u00e1s szokta okozni. A mandul\u00e1n pedig akkor is kialakulhat g\u00f3c, ha azt kor\u00e1bban elt\u00e1vol\u00edtott\u00e1k m\u00e1r.<\/p>\n<h3>A fog\u00e1szati eredet\u0171 g\u00f3cok<\/h3>\n<p>A legt\u00f6bb ember \u00e1ltal\u00e1ban a fog\u00e1szati g\u00f3cokt\u00f3l szokott a legjobban tartani. Fogaink vizsg\u00e1lat\u00e1t nagyon sok esetben a folyamatosan visszat\u00e9r\u0151 fejf\u00e1j\u00e1s, vagy a fels\u0151 l\u00e9g\u00fati megbeteged\u00e9sek idej\u00e9n szokt\u00e1k javasolni az orvosok. A fog eredet\u0171 g\u00f3cok k\u00f6z\u00f6tt szerepelhetnek elhalt fogak, olyan gy\u00f6k\u00e9rkezelt fog, melyn\u00e9l nem megfelel\u0151 a gy\u00f6k\u00e9rt\u00f6m\u00e9s, kr\u00f3nikus \u00ednygyullad\u00e1s, kr\u00f3nikus fog\u00e1ggyullad\u00e1s, visszamaradt foggy\u00f6k\u00e9r, vagy az \u00e1llcsontban l\u00e9v\u0151, el\u0151t\u00f6r\u00e9s tendenci\u00e1j\u00e1t nem mutat\u00f3 fog (ez sok esetben a b\u00f6lcsess\u00e9gfog).<\/p>\n<p><img decoding=\"async\" loading=\"lazy\" class=\"aligncenter size-large wp-image-6259\" src=\"https:\/\/www.smiledesigncenter.hu\/wp-content\/uploads\/2019\/07\/fogaink-1024x479.jpg\" alt=\"\" width=\"1024\" height=\"479\" srcset=\"https:\/\/www.smiledesigncenter.hu\/wp-content\/uploads\/2019\/07\/fogaink-1024x479.jpg 1024w, https:\/\/www.smiledesigncenter.hu\/wp-content\/uploads\/2019\/07\/fogaink-300x140.jpg 300w, https:\/\/www.smiledesigncenter.hu\/wp-content\/uploads\/2019\/07\/fogaink-768x360.jpg 768w, https:\/\/www.smiledesigncenter.hu\/wp-content\/uploads\/2019\/07\/fogaink.jpg 1068w\" sizes=\"(max-width: 1024px) 100vw, 1024px\" \/><\/p>\n<p>Term\u00e9szetesen nem minden, itt felsorolt elv\u00e1ltoz\u00e1st kell g\u00f3cnak tekinteni, \u00e1m abban az esetben, ha egy\u00e9b m\u00e1sodlagos betegs\u00e9gek is kialakulnak, akkor ezek m\u00e1r egy\u00e9rtelm\u0171en g\u00f3cnak sz\u00e1m\u00edtanak. Az azonban, hogy a g\u00f3cnak v\u00e9lt fog val\u00f3ban g\u00f3c volt-e, csak akkor der\u00fcl ki, ha t\u00falest\u00fcnk a kezel\u00e9s\u00e9n \u00e9s ell\u00e1t\u00e1s\u00e1n. A fogak \u00e9s a sz\u00e1j\u00fcreg alapos vizsg\u00e1lata sor\u00e1n sor ker\u00fcl a fogak vitalit\u00e1s\u00e1nak megtekint\u00e9s\u00e9re, illetve az \u00edny \u00e1llapot\u00e1t is ellen\u0151rzik. Ezut\u00e1n t\u00f6rt\u00e9nik meg a r\u00f6ntgenvizsg\u00e1lat, mely az\u00e9rt fontos, hogy a csontban, \u00e9s a fogak gy\u00f6kerein tal\u00e1lhat\u00f3 g\u00f3cokra is f\u00e9ny der\u00fclhessen.<\/p>\n<p>A sz\u00e1j\u00fcregben kialakult g\u00f3cok rengeteg s\u00falyos betegs\u00e9get is el\u0151 tudnak id\u00e9zni, ez\u00e9rt vegy\u00fck \u0151ket komolyan! Okozhat k\u00fcl\u00f6nb\u00f6z\u0151 b\u0151rbetegs\u00e9geket (pattan\u00e1sokat, vagy ak\u00e1r ekc\u00e9m\u00e1t, pikkelys\u00f6m\u00f6rt is), vesegyullad\u00e1st, m\u00e1jt\u00e1lyogot, sz\u00edv \u00e9s \u00e9rrendszeri megbeteged\u00e9seket, korasz\u00fcl\u00e9st, idegrendszeri megbeteged\u00e9seket, illetve em\u00e9szt\u0151szervi megbeteged\u00e9seket is. Kieg\u00e9sz\u00edt\u0151 vizsg\u00e1lati m\u00f3dokra is sz\u00fcks\u00e9g lehet, melynek sor\u00e1n a fogorvos r\u00f6ntgen felv\u00e9telt is elrendelhet.<\/p>\n<p>Ez k\u00e9sz\u00fclhet egyes\u00e9vel a k\u00e9rd\u00e9ses fogakr\u00f3l is, vagy k\u00e9sz\u00fclhet <a href=\"https:\/\/www.smiledesigncenter.hu\/fi\/panoraamarontgen-ja-ct-paljon-halvempia-kuin-suomalaiset-hinnat\/\" target=\"_blank\" rel=\"noopener noreferrer\">panor\u00e1mar\u00f6ntgen<\/a> is, melynek sor\u00e1n a fels\u0151 \u00e9s az als\u00f3 fogsor, illetve mindk\u00e9t \u00e1llcsont fogmederny\u00falv\u00e1nya is l\u00e1that\u00f3v\u00e1 v\u00e1lik majd. Ha a fogorvos a felv\u00e9tel ut\u00e1n sem tal\u00e1l olyan elv\u00e1ltoz\u00e1st, mely g\u00f3c lehet, akkor fog benn\u00fcnket tov\u00e1bbk\u00fcldeni. Ha azonban g\u00f3cot tal\u00e1l, akkor sz\u00fcks\u00e9g van annak kezel\u00e9s\u00e9re, ell\u00e1t\u00e1s\u00e1ra hiszen en\u00e9lk\u00fcl a p\u00e1ciens nem tud meggy\u00f3gyulni a g\u00f3cbetegs\u00e9gb\u0151l.<\/p>\n<h3>Ter\u00fcletek, melyekben kialakult g\u00f3cok komoly probl\u00e9m\u00e1kat okozhatnak<\/h3>\n<p>A szem \u00e9s a k\u00f6rny\u00e9k\u00e9n kialakult g\u00f3cok szint\u00e9n sok probl\u00e9m\u00e1t el\u0151 tudnak id\u00e9zni, \u00edgy ez is egy igen vesz\u00e9lyeztetett ter\u00fcletnek sz\u00e1m\u00edt. Ilyenkor k\u00fcl\u00f6nb\u00f6z\u0151 t\u00fcnetekre lehet\u00fcnk figyelmesek, mint p\u00e9ld\u00e1ul a l\u00e1t\u00e1szavar, l\u00e1t\u00e1s roml\u00e1sa, f\u00e1j\u00f3 \u00e9rz\u00e9s, szem kipirosod\u00e1sa, de ak\u00e1r bakteri\u00e1lis, v\u00edrusos vagy gomb\u00e1s eredet\u0171 fert\u0151z\u00e9sekkel is k\u00fcszk\u00f6dhet\u00fcnk miattuk. Nagyon fontos, hogy halad\u00e9ktalanul forduljunk szem\u00e9szhez, ha ezeket a t\u00fcneteket produk\u00e1lja szervezet\u00fcnk, hiszen, ha id\u0151ben \u00e9szrevessz\u00fck a bajt, akkor m\u00e9g az orvosoknak lehet\u0151s\u00e9g\u00fck van megakad\u00e1lyozni az \u00e1llapot s\u00falyosbod\u00e1s\u00e1t.<\/p>\n<p>Sok kellemetlen t\u00fcnetet tudnak okozni a ves\u00e9ben, az epeh\u00f3lyagban, illetve f\u00e9rfiak eset\u00e9ben a prosztat\u00e1ban kialakult g\u00f3cok is. Ezek ilyen esetben leggyakrabban val\u00f3j\u00e1ban a szervekben kialakul\u00f3 k\u00f6vek fel\u00fclet\u00e9n lerak\u00f3dott k\u00f3rokoz\u00f3k. Gyakran az emberek ink\u00e1bb egy\u00fctt \u00e9lnek a kellemetlen t\u00fcnetekkel, ahelyett hogy orvoshoz forduln\u00e1nak panaszaikkal. Persze senki se szeret gyakran orvoshoz j\u00e1rk\u00e1lni, \u00e1m ez ilyen helyzetben elengedhetetlen, att\u00f3l pedig k\u00e1r tartanunk, hogy ezek a vizsg\u00e1latok k\u00fcl\u00f6n\u00f6sen nagy f\u00e1jdalommal, vagy kellemetlens\u00e9ggel j\u00e1rn\u00e1nak. Egy \u00e1tfog\u00f3 g\u00f3ckutat\u00e1s seg\u00edt abban, hogy az orvos ne csak a felsz\u00edni betegs\u00e9geket tudja meg\u00e1llap\u00edtani, hanem annak val\u00f3di, kiv\u00e1lt\u00f3 ok\u00e1ra is f\u00e9ny der\u00fclj\u00f6n, melyet azt\u00e1n meg lehet sz\u00fcntetni.<\/p>","protected":false},"excerpt":{"rendered":"<p>Az \u0151szi-t\u00e9li h\u00f3napokban, ahogy bek\u00f6sz\u00f6ntenek az els\u0151 hideg napok, \u00e1ltal\u00e1ban rendszerint mindenki belekeveredik egy kisebb n\u00e1th\u00e1ba, megf\u00e1z\u00e1sba. Ilyenkor picit legyeng\u00fcl az immunrendszer\u00fcnk, \u00e9s k\u00f6nnyebben elkaphatunk k\u00fcl\u00f6nb\u00f6z\u0151 betegs\u00e9geket is.<\/p>","protected":false},"author":3,"featured_media":6259,"comment_status":"closed","ping_status":"closed","sticky":false,"template":"","format":"standard","meta":{"footnotes":"","_joinchat":[]},"categories":[46],"tags":[],"acf":[],"aioseo_notices":[],"_links":{"self":[{"href":"https:\/\/www.smiledesigncenter.hu\/fi\/wp-json\/wp\/v2\/posts\/6296"}],"collection":[{"href":"https:\/\/www.smiledesigncenter.hu\/fi\/wp-json\/wp\/v2\/posts"}],"about":[{"href":"https:\/\/www.smiledesigncenter.hu\/fi\/wp-json\/wp\/v2\/types\/post"}],"author":[{"embeddable":true,"href":"https:\/\/www.smiledesigncenter.hu\/fi\/wp-json\/wp\/v2\/users\/3"}],"replies":[{"embeddable":true,"href":"https:\/\/www.smiledesigncenter.hu\/fi\/wp-json\/wp\/v2\/comments?post=6296"}],"version-history":[{"count":1,"href":"https:\/\/www.smiledesigncenter.hu\/fi\/wp-json\/wp\/v2\/posts\/6296\/revisions"}],"predecessor-version":[{"id":6297,"href":"https:\/\/www.smiledesigncenter.hu\/fi\/wp-json\/wp\/v2\/posts\/6296\/revisions\/6297"}],"wp:featuredmedia":[{"embeddable":true,"href":"https:\/\/www.smiledesigncenter.hu\/fi\/wp-json\/wp\/v2\/media\/6259"}],"wp:attachment":[{"href":"https:\/\/www.smiledesigncenter.hu\/fi\/wp-json\/wp\/v2\/media?parent=6296"}],"wp:term":[{"taxonomy":"category","embeddable":true,"href":"https:\/\/www.smiledesigncenter.hu\/fi\/wp-json\/wp\/v2\/categories?post=6296"},{"taxonomy":"post_tag","embeddable":true,"href":"https:\/\/www.smiledesigncenter.hu\/fi\/wp-json\/wp\/v2\/tags?post=6296"}],"curies":[{"name":"wp","href":"https:\/\/api.w.org\/{rel}","templated":true}]}}