{"id":6576,"date":"2020-04-23T06:54:41","date_gmt":"2020-04-23T06:54:41","guid":{"rendered":"https:\/\/www.smiledesigncenter.hu\/?p=6576"},"modified":"2020-04-23T06:54:41","modified_gmt":"2020-04-23T06:54:41","slug":"mi-a-helyzet-fog-fronton","status":"publish","type":"post","link":"https:\/\/www.smiledesigncenter.hu\/fi\/2020\/04\/23\/mi-a-helyzet-fog-fronton\/","title":{"rendered":"Mi a helyzet fog fronton?"},"content":{"rendered":"<!-- Facebook Like Button Vivacity Infotech BEGIN -->\n<div class=\"fb-like\" data-href=\"https:\/\/www.smiledesigncenter.hu\/fi\/2020\/04\/23\/mi-a-helyzet-fog-fronton\/\" data-layout=\"standard\" data-action=\"recommend\" data-show-faces=\"false\" data-size=\"small\" data-width=\"450\" data-share=\"1\" ><\/div>\n<!-- Facebook Like Button Vivacity Infotech END -->\n<p>Igen, term\u00e9szetesen a fogainkr\u00f3l lesz sz\u00f3, \u00e1m val\u00f3ban, a fronttal kapcsolatosan elemezt\u00fck kicsit.<\/p>\n<p>Nagyon sok front-\u00e9rz\u00e9keny ember van. Fejf\u00e1j\u00e1ssal, v\u00e9gtagf\u00e1jdalmakkal, \u00edz\u00fcleti gyullad\u00e1sokkal k\u00fczdenek, iszonyatos f\u00e1jdalmakat k\u00e9pes egy front \u00e9rz\u00e9keny ember \u00e1t\u00e9lni a mai v\u00e1ltoz\u00e9kony id\u0151j\u00e1r\u00e1s miatt ak\u00e1r napr\u00f3l-napra, h\u00e9tr\u0151l-h\u00e9tre.<\/p>\n<p>De gondolt\u00e1tok volna, hogy a fogaink is \u00e9rz\u00e9kenyek lehetnek erre?<\/p>\n<p>Ahhoz, hogy front hat\u00e1s\u00e1ra f\u00e1jjon egy fog \u2013vagy \u00fagy \u00e9rezz\u00fck, hogy t\u00f6bb is- nem alapfelt\u00e9tel, hogy az lyukas legyen, vagy gyulladt. Okozhatja az arc\u00fcreg\u00fcnkben l\u00e9v\u0151 gyullad\u00e1s is, amely \u00f6sszekeverhet\u0151 a t\u00fcnetei miatt a front okozta f\u00e1jdalommal, mert ebben az esetben hasonl\u00f3 ter\u00fcletek \u00e9rik az ember fi\u00e1t-l\u00e1ny\u00e1t, melyek k\u00e9pesek egym\u00e1sra nagyon er\u0151sen hat\u00e1ssal lenni.<\/p>\n<p>Rendszeresen ism\u00e9telt vizsg\u00e1latokkal, illetve megfelel\u0151, alapos \u00e1pol\u00e1s mellett a legt\u00f6bb f\u00e1jdalom forr\u00e1sa megel\u0151zhet\u0151, megsz\u00fcntethet\u0151.<\/p>","protected":false},"excerpt":{"rendered":"<p>Igen, term\u00e9szetesen a fogainkr\u00f3l lesz sz\u00f3, \u00e1m val\u00f3ban, a fronttal kapcsolatosan elemezt\u00fck kicsit. Nagyon sok front-\u00e9rz\u00e9keny ember van. Fejf\u00e1j\u00e1ssal, v\u00e9gtagf\u00e1jdalmakkal, \u00edz\u00fcleti gyullad\u00e1sokkal k\u00fczdenek, iszonyatos f\u00e1jdalmakat k\u00e9pes egy front \u00e9rz\u00e9keny ember \u00e1t\u00e9lni a mai v\u00e1ltoz\u00e9kony id\u0151j\u00e1r\u00e1s miatt ak\u00e1r napr\u00f3l-napra, h\u00e9tr\u0151l-h\u00e9tre. De gondolt\u00e1tok volna, hogy a fogaink is \u00e9rz\u00e9kenyek lehetnek erre? Ahhoz, hogy front hat\u00e1s\u00e1ra f\u00e1jjon egy<a class=\"moretag\" href=\"https:\/\/www.smiledesigncenter.hu\/fi\/templatera\/a-tokeletes-mosolyhoz-csak-egy-idopont-foglalas-hianyzik\/\"> \u2026Jatka artikkeliin\u2026<\/a><\/p>","protected":false},"author":2,"featured_media":6577,"comment_status":"closed","ping_status":"closed","sticky":false,"template":"","format":"standard","meta":{"footnotes":"","_joinchat":[]},"categories":[46],"tags":[],"acf":[],"aioseo_notices":[],"_links":{"self":[{"href":"https:\/\/www.smiledesigncenter.hu\/fi\/wp-json\/wp\/v2\/posts\/6576"}],"collection":[{"href":"https:\/\/www.smiledesigncenter.hu\/fi\/wp-json\/wp\/v2\/posts"}],"about":[{"href":"https:\/\/www.smiledesigncenter.hu\/fi\/wp-json\/wp\/v2\/types\/post"}],"author":[{"embeddable":true,"href":"https:\/\/www.smiledesigncenter.hu\/fi\/wp-json\/wp\/v2\/users\/2"}],"replies":[{"embeddable":true,"href":"https:\/\/www.smiledesigncenter.hu\/fi\/wp-json\/wp\/v2\/comments?post=6576"}],"version-history":[{"count":1,"href":"https:\/\/www.smiledesigncenter.hu\/fi\/wp-json\/wp\/v2\/posts\/6576\/revisions"}],"predecessor-version":[{"id":6578,"href":"https:\/\/www.smiledesigncenter.hu\/fi\/wp-json\/wp\/v2\/posts\/6576\/revisions\/6578"}],"wp:featuredmedia":[{"embeddable":true,"href":"https:\/\/www.smiledesigncenter.hu\/fi\/wp-json\/wp\/v2\/media\/6577"}],"wp:attachment":[{"href":"https:\/\/www.smiledesigncenter.hu\/fi\/wp-json\/wp\/v2\/media?parent=6576"}],"wp:term":[{"taxonomy":"category","embeddable":true,"href":"https:\/\/www.smiledesigncenter.hu\/fi\/wp-json\/wp\/v2\/categories?post=6576"},{"taxonomy":"post_tag","embeddable":true,"href":"https:\/\/www.smiledesigncenter.hu\/fi\/wp-json\/wp\/v2\/tags?post=6576"}],"curies":[{"name":"wp","href":"https:\/\/api.w.org\/{rel}","templated":true}]}}