{"id":5438,"date":"2018-10-09T09:58:36","date_gmt":"2018-10-09T09:58:36","guid":{"rendered":"https:\/\/www.smiledesigncenter.hu\/?p=5438"},"modified":"2018-10-21T12:21:10","modified_gmt":"2018-10-21T12:21:10","slug":"sulyos-kovetkezmenyei-lehetnek-a-kezeletlen-fogkonek","status":"publish","type":"post","link":"https:\/\/www.smiledesigncenter.hu\/sk\/2018\/10\/09\/sulyos-kovetkezmenyei-lehetnek-a-kezeletlen-fogkonek\/","title":{"rendered":"S\u00falyos k\u00f6vetkezm\u00e9nyei lehetnek a kezeletlen fogk\u0151nek"},"content":{"rendered":"<!-- Facebook Like Button Vivacity Infotech BEGIN -->\n<div class=\"fb-like\" data-href=\"https:\/\/www.smiledesigncenter.hu\/sk\/2018\/10\/09\/sulyos-kovetkezmenyei-lehetnek-a-kezeletlen-fogkonek\/\" data-layout=\"standard\" data-action=\"recommend\" data-show-faces=\"false\" data-size=\"small\" data-width=\"450\" data-share=\"1\" ><\/div>\n<!-- Facebook Like Button Vivacity Infotech END -->\n<p>A tiszta \u00e9s ragyog\u00f3an feh\u00e9r fogak mindig is az \u00e1polts\u00e1g \u00e9s az eg\u00e9szs\u00e9g jelk\u00e9pei voltak az eg\u00e9szs\u00e9g\u00fcgyben \u00e9s a fog\u00e1szatban. Azonban nem csak a lyukas fog tud gondot okozni a sz\u00e1jhigi\u00e9ni\u00e1nkban. Sok probl\u00e9ma ad\u00f3dhat a k\u00fcl\u00f6nb\u00f6z\u0151 okok miatt kialakul\u00f3 fogk\u0151 k\u00f6vetkezt\u00e9ben is, amennyiben nem kezelj\u00fck azt id\u0151ben.<!--more--><\/p>\n<p>A fogk\u00f6vek sor\u00e1n a lakoss\u00e1g r\u00e9sz\u00e9r\u0151l \u00e1ltal\u00e1ban folyton ugyanazok a k\u00e9rd\u00e9sek mer\u00fclnek fel, hogy mit\u0151l alakul ki, megel\u0151zhet\u0151-e, otthon megszabadulhatunk-e t\u0151le, genetikailag \u00f6r\u00f6k\u00f6lhet\u0151-e \u00e9s a fogorvosi fogk\u0151elt\u00e1vol\u00edt\u00e1s f\u00e1jdalmas-e?<\/p>\n<p>Most megpr\u00f3b\u00e1ljuk eloszlatni a k\u00e9telyeket \u00e9s megv\u00e1laszolni a legfontosabb k\u00e9rd\u00e9seket, amelyek ezzel a probl\u00e9m\u00e1val kapcsolatban felmer\u00fclhetnek. A fogk\u0151 ugyanis nem csup\u00e1n eg\u00e9szs\u00e9g\u00fcgyi kock\u00e1zatokkal j\u00e1r, hanem eszt\u00e9tikailag is k\u00e9pes csorb\u00e1t ejteni megjelen\u00e9s\u00fcnk\u00f6n. Az \u00f6sszetett t\u00fcnetegy\u00fcttes azonban nem mer\u00fcl ki a fogak elsz\u00ednez\u0151d\u00e9s\u00e9ben \u00e9s a s\u00f6t\u00e9t foltokban. A probl\u00e9ma k\u00eds\u00e9r\u0151i \u00e1ltal\u00e1ban ugyanis a keser\u0171 sz\u00e1j\u00edz, a kellemetlen sz\u00e1jszag, az \u00ednyv\u00e9rz\u00e9s \u00e9s a fogelveszt\u00e9s is, melyek a beteg \u00e9let\u00e9t megkeser\u00edtik akkor is, ha a fogk\u0151 esetleg nem l\u00e1that\u00f3 helyen alakul ki.<\/p>\n<h3>Ez\u00e9rt alakul ki a fogk\u0151 a sz\u00e1jban<\/h3>\n<p>A fogaink \u00e1lland\u00f3 vesz\u00e9lynek vannak kit\u00e9ve, mik\u00f6zben t\u00e1pl\u00e1lkozunk, ugyanis a fogak t\u00f6v\u00e9n\u00e9l \u00e9s a t\u00f6m\u00e9sek, a koron\u00e1k, a hidak, a kivehet\u0151 p\u00f3tl\u00e1sok k\u00f6rny\u00e9k\u00e9n megtapadnak a kisebb-nagyobb \u00e9telmarad\u00e9kok, bakt\u00e9riumok, h\u00e1msejtek \u00e9s immunsejtek egyar\u00e1nt. Ezek pedig dent\u00e1lis plakkot, vagyis fogleped\u00e9ket hoznak l\u00e9tre, amely csup\u00e1n n\u00e9h\u00e1ny fogmos\u00e1s n\u00e9lk\u00fcl elt\u00f6lt\u00f6tt nap alatt is k\u00e9pes megszil\u00e1rdulni.<\/p>\n<p>A megszil\u00e1rdult r\u00e9teg azt\u00e1n a fog eg\u00e9sz fel\u00fclet\u00e9t matt\u00e1 teszi, amely drasztikus, 70%-os bakt\u00e9rium\u00e1llom\u00e1nnyal rendelkezik. B\u00e1r \u00f6nmag\u00e1ban a mikroorganizmusok nem jelentenek vesz\u00e9lyt, azonban az elszaporod\u00e1suk m\u00e1r igen kock\u00e1zatos a sz\u00e1jhigi\u00e9ni\u00e1ra n\u00e9zve. A nem kezelt fogleped\u00e9k ugyanis az \u00ednysz\u00e9leken \u00e9s az \u00ednytasakokban t\u00e1ptalajt biztos\u00edt a bakt\u00e9riumoknak, \u00edgy a plakkok megkem\u00e9nyednek \u00e9s fogk\u00f6vesednek. A kialakul\u00e1s kock\u00e1zat\u00e1t pedig tov\u00e1bb n\u00f6velik a torl\u00f3d\u00f3 fogak, a doh\u00e1nyz\u00e1s, a k\u00e1v\u00e9 \u00e9s tea fogyaszt\u00e1s, a genetikai hajland\u00f3s\u00e1g vagy a cs\u00f6kkent ny\u00e1lmennyis\u00e9g.<\/p>\n<h3>\u00cdgy szabadulhatunk meg a fogk\u0151t\u0151l<\/h3>\n<p><img decoding=\"async\" loading=\"lazy\" class=\"aligncenter size-full wp-image-5151\" src=\"https:\/\/www.smiledesigncenter.hu\/wp-content\/uploads\/2018\/06\/Smile-Design-Center-20_resize.jpg\" alt=\"\" width=\"1200\" height=\"800\" srcset=\"https:\/\/www.smiledesigncenter.hu\/wp-content\/uploads\/2018\/06\/Smile-Design-Center-20_resize.jpg 1200w, https:\/\/www.smiledesigncenter.hu\/wp-content\/uploads\/2018\/06\/Smile-Design-Center-20_resize-300x200.jpg 300w, https:\/\/www.smiledesigncenter.hu\/wp-content\/uploads\/2018\/06\/Smile-Design-Center-20_resize-768x512.jpg 768w, https:\/\/www.smiledesigncenter.hu\/wp-content\/uploads\/2018\/06\/Smile-Design-Center-20_resize-1024x683.jpg 1024w\" sizes=\"(max-width: 1200px) 100vw, 1200px\" \/><\/p>\n<p>Ha el\u0151rel\u00e1t\u00f3ak szeretn\u00e9nk lenni, akkor \u00e9rdemes a plakkokt\u00f3l megszabadulni \u00e9s a fogk\u00f6vesed\u00e9st megel\u0151zni. Ehhez pedig elengedhetetlen a napi 2-3 alkalommal val\u00f3 alapos fogmos\u00e1s. \u00c9rdemes sz\u00e1jvizet \u00e9s fogselymet is haszn\u00e1lni a nagyobb hat\u00e1s \u00e9rdek\u00e9ben. Sz\u00e1jzuhanyt vagy elektromos fogkef\u00e9t haszn\u00e1lva pedig m\u00e9g t\u00f6bb leped\u00e9ket t\u00e1vol\u00edthatunk el a fogaink k\u00f6z\u00fcl. Fontos, hogy megfelel\u0151 r\u00e1g\u00e1stechnik\u00e1t alkalmazzunk t\u00e1pl\u00e1lkoz\u00e1s k\u00f6zben \u00e9s gondosan v\u00e1lasszuk meg az \u00e9teleket, amelyeket fogyasztunk.<\/p>\n<p>A fogorvosi sz\u0171r\u00e9seket pedig f\u00e9l\u00e9vente ejts\u00fck meg. Amennyiben ezen \u00e1ltal\u00e1nos ellen\u0151rz\u00e9sek sor\u00e1n \u00fagy \u00edt\u00e9li meg a fogorvos, v\u00e9geztess\u00fcnk el valamilyen fogk\u0151 elt\u00e1vol\u00edt\u00f3 beavatkoz\u00e1st \u00e9s ak\u00e1r fogpol\u00edroz\u00e1st is. A f\u00e1jdalommentes beavatkoz\u00e1s r\u00f6vid id\u0151 alatt elv\u00e9gezhet\u0151 \u00e9s hossz\u00fa t\u00e1von megold\u00e1st ny\u00fajt. Egyes esetekben azonban a fogk\u0151 okozta sz\u00f6v\u0151dm\u00e9nyek miatt tov\u00e1bbi \u00ednykezel\u00e9sekre vagy beavatkoz\u00e1sokra is sz\u00fcks\u00e9g lehet.<\/p>","protected":false},"excerpt":{"rendered":"<p>A tiszta \u00e9s ragyog\u00f3an feh\u00e9r fogak mindig is az \u00e1polts\u00e1g \u00e9s az eg\u00e9szs\u00e9g jelk\u00e9pei voltak az eg\u00e9szs\u00e9g\u00fcgyben \u00e9s a fog\u00e1szatban. Azonban nem csak a lyukas fog tud gondot okozni a sz\u00e1jhigi\u00e9ni\u00e1nkban. <\/p>","protected":false},"author":2,"featured_media":5151,"comment_status":"closed","ping_status":"closed","sticky":false,"template":"","format":"standard","meta":{"footnotes":"","_joinchat":[]},"categories":[46],"tags":[],"acf":[],"aioseo_notices":[],"_links":{"self":[{"href":"https:\/\/www.smiledesigncenter.hu\/sk\/wp-json\/wp\/v2\/posts\/5438"}],"collection":[{"href":"https:\/\/www.smiledesigncenter.hu\/sk\/wp-json\/wp\/v2\/posts"}],"about":[{"href":"https:\/\/www.smiledesigncenter.hu\/sk\/wp-json\/wp\/v2\/types\/post"}],"author":[{"embeddable":true,"href":"https:\/\/www.smiledesigncenter.hu\/sk\/wp-json\/wp\/v2\/users\/2"}],"replies":[{"embeddable":true,"href":"https:\/\/www.smiledesigncenter.hu\/sk\/wp-json\/wp\/v2\/comments?post=5438"}],"version-history":[{"count":7,"href":"https:\/\/www.smiledesigncenter.hu\/sk\/wp-json\/wp\/v2\/posts\/5438\/revisions"}],"predecessor-version":[{"id":5616,"href":"https:\/\/www.smiledesigncenter.hu\/sk\/wp-json\/wp\/v2\/posts\/5438\/revisions\/5616"}],"wp:featuredmedia":[{"embeddable":true,"href":"https:\/\/www.smiledesigncenter.hu\/sk\/wp-json\/wp\/v2\/media\/5151"}],"wp:attachment":[{"href":"https:\/\/www.smiledesigncenter.hu\/sk\/wp-json\/wp\/v2\/media?parent=5438"}],"wp:term":[{"taxonomy":"category","embeddable":true,"href":"https:\/\/www.smiledesigncenter.hu\/sk\/wp-json\/wp\/v2\/categories?post=5438"},{"taxonomy":"post_tag","embeddable":true,"href":"https:\/\/www.smiledesigncenter.hu\/sk\/wp-json\/wp\/v2\/tags?post=5438"}],"curies":[{"name":"wp","href":"https:\/\/api.w.org\/{rel}","templated":true}]}}