{"id":6001,"date":"2019-05-20T10:14:10","date_gmt":"2019-05-20T10:14:10","guid":{"rendered":"https:\/\/www.smiledesigncenter.hu\/?p=6001"},"modified":"2019-06-24T09:50:47","modified_gmt":"2019-06-24T09:50:47","slug":"pontosan-mi-is-a-kiveheto-fogsor-es-mikor-van-ra-szukseg","status":"publish","type":"post","link":"https:\/\/www.smiledesigncenter.hu\/sk\/2019\/05\/20\/pontosan-mi-is-a-kiveheto-fogsor-es-mikor-van-ra-szukseg\/","title":{"rendered":"Pontosan mi is a kivehet\u0151 fogsor \u00e9s mikor van r\u00e1 sz\u00fcks\u00e9g?"},"content":{"rendered":"<!-- Facebook Like Button Vivacity Infotech BEGIN -->\n<div class=\"fb-like\" data-href=\"https:\/\/www.smiledesigncenter.hu\/sk\/2019\/05\/20\/pontosan-mi-is-a-kiveheto-fogsor-es-mikor-van-ra-szukseg\/\" data-layout=\"standard\" data-action=\"recommend\" data-show-faces=\"false\" data-size=\"small\" data-width=\"450\" data-share=\"1\" ><\/div>\n<!-- Facebook Like Button Vivacity Infotech END -->\n<p>Fogaink elveszt\u00e9s\u00e9nek sz\u00e1mos oka lehet. Nem csak test\u00fcnk \u00e9s b\u0151r\u00fcnk \u00f6regszik, hanem fogaink is vesz\u00edtenek a tart\u00e1sukb\u00f3l, szerkezet\u00fck szil\u00e1rds\u00e1g\u00e1b\u00f3l. Foghi\u00e1ny oka lehet egy szerencs\u00e9tlen baleseti, fogszuvasod\u00e1s vagy egy sz\u00e1j\u00fcregi rendelleness\u00e9g is ak\u00e1r. Ha m\u00e1r kialakult a foghi\u00e1ny \u00e9s a fogp\u00f3tl\u00e1st nem lehet elk\u00e9sz\u00edteni, akkor csak a kivehet\u0151 opci\u00f3 lehet a megold\u00e1s nek\u00fcnk. Legt\u00f6bbsz\u00f6r akrilb\u00f3l, m\u0171gyant\u00e1b\u00f3l, speci\u00e1lis m\u0171anyagb\u00f3l \u00e9s f\u00e9mb\u0151l k\u00e9sz\u00fclnek. Kin\u00e9zetre pontosan ugyanaz, mint az eredeti fogsor.<!--more--><\/p>\n<p>A Gradia gum shades rendszer\u00e9vel elk\u00e9sz\u00edtett fogp\u00f3tl\u00e1sok <a href=\"https:\/\/www.smiledesigncenter.hu\/sk\/liecba-uplne-chybajuceho-chrupu\/\" target=\"_blank\" rel=\"noopener noreferrer\">sokkal t\u00f6bbet adnak<\/a> nek\u00fcnk, mint az eddigi hagyom\u00e1nyos v\u00e1ltozatok. Szakemberek kimondottan arra \u00e1ldozt\u00e1k idej\u00fcket, hogy ez az anyag k\u00e9pes legyen teljes m\u00e9rt\u00e9kben visszaadni a term\u00e9szetes fog\u00edny sz\u00edn\u00e9t. Mag\u00e1ban hordozza a mikro t\u00f6lt\u00e9s\u0171 kompozitok kiv\u00e1l\u00f3 mechanikai is fizikai tulajdons\u00e1gait. Az \u00edny ilyen fajta kialak\u00edt\u00e1sa nem csak a komplett fogsor, hanem r\u00e9szleges p\u00f3tl\u00e1sok eset\u00e9ben is kivitelezhet\u0151.<\/p>\n<h3>Implant\u00e1tumos fogp\u00f3tl\u00e1s el\u0151nyei \u00e9s menete<\/h3>\n<p>A megtervez\u00e9shez els\u0151 l\u00e9p\u00e9sben r\u00f6ntgen \u00e9s CT felv\u00e9teleket k\u00e9sz\u00edtenek a fogainkr\u00f3l. Ezekre az\u00e9rt van sz\u00fcks\u00e9g, mert seg\u00edts\u00e9g\u00e9vel behat\u00e1rolj\u00e1k a p\u00f3tl\u00e1s pontos hely\u00e9t, a csont s\u0171r\u0171s\u00e9g\u00e9t, \u00e9s a jelenlegi fogak k\u00f6z\u00f6tti t\u00e1vols\u00e1got is. Ezut\u00e1n a szakember fel\u00e1ll\u00edtja a pontos anamn\u00e9zist, kisz\u0171ri a kiz\u00e1r\u00f3 okokat. Minden esetben a p\u00e1ciens csak annyi kellemetlens\u00e9get \u00e9rez az eg\u00e9sz beavatkoz\u00e1sb\u00f3l, ami az \u00e9rz\u00e9stelen\u00edt\u0151 injekci\u00f3 bad\u00e1s\u00e1val j\u00e1r. V\u00e1g\u00e1s, illetve varr\u00e1s n\u00e9lk\u00fcl behelyezhet\u0151ek ezek az implant\u00e1tumok.<\/p>\n<p><img decoding=\"async\" loading=\"lazy\" class=\"aligncenter wp-image-6027 size-full\" src=\"https:\/\/www.smiledesigncenter.hu\/wp-content\/uploads\/2019\/05\/pontosan-mi-is-a-kiveheto-fogsor.jpg\" alt=\"\" width=\"630\" height=\"420\" srcset=\"https:\/\/www.smiledesigncenter.hu\/wp-content\/uploads\/2019\/05\/pontosan-mi-is-a-kiveheto-fogsor.jpg 630w, https:\/\/www.smiledesigncenter.hu\/wp-content\/uploads\/2019\/05\/pontosan-mi-is-a-kiveheto-fogsor-300x200.jpg 300w\" sizes=\"(max-width: 630px) 100vw, 630px\" \/><\/p>\n<p>A csavar hely\u00e9t a csontba helyezz\u00fck speci\u00e1lis g\u00e9pi \u00e9s k\u00e9zi eszk\u00f6z\u00f6k seg\u00edts\u00e9g\u00e9vel. Majd ebbe az \u00fagynevezett csontf\u00e9szekbe csavarj\u00e1k bele az implant\u00e1tumot. Enn\u00e9l a t\u00edpus\u00fa megold\u00e1sn\u00e1l ugyan a p\u00f3tl\u00e1s kivehet\u0151 lesz, m\u00e9gis fixen a hely\u00e9n marad, biztons\u00e1got adva a p\u00e1ciensnek. A ki\u00e1ll\u00f3 r\u00e9sz is nagyon k\u00f6nnyen tiszt\u00edthat\u00f3, \u00e1pol\u00e1sa nem jelent k\u00fcl\u00f6n\u00f6s gondot. Az egy r\u00e9szes p\u00f3tl\u00e1s hosszabb menetes r\u00e9sze a csontba r\u00f6gz\u00fcl \u00e9s\u00a0 g\u00f6mbfej r\u00e9sze ny\u00falik a sz\u00e1jba az \u00e1llkapocsb\u00f3l. A fogsor alaplemez\u00e9be van bele\u00e9p\u00edtve a g\u00f6mbfej r\u00e9sze, amit egy m\u0171anyag sapka biztons\u00e1gosan r\u00f6gz\u00edt.<\/p>\n<h3>Mire \u00e9rdemes figyeln\u00fcnk?<\/h3>\n<p>A ma haszn\u00e1lt implant\u00e1tumot egyszer\u0171s\u00edtve egy csavaros fogk\u00e9nt tudn\u00e1nk elk\u00e9pzelni. Anyaga minden esetben tit\u00e1n, melyet minden szervezet befogad, semmilyen k\u00e1ros hat\u00e1sa nincs, allergi\u00e1s reakci\u00f3t sem v\u00e1lt ki. A m\u0171t\u00e9ti \u00faton be\u00fcltetett m\u0171gy\u00f6k\u00e9rre ker\u00fcl maga az implant\u00e1tum fej, ami majd a fogp\u00f3tl\u00e1st tartja. A be\u00fcltet\u00e9s ut\u00e1ni napokban fell\u00e9phet f\u00e1jdalom, vagy nyilall\u00f3 l\u00fcktet\u0151 kellemetlen \u00e9rz\u00e9s, amit gyakran duzzanat k\u00eds\u00e9r. Ezek a test teljesen norm\u00e1lis reakci\u00f3i k\u00f6z\u00e9 tartoznak, egy kis jeges borogat\u00e1ssal vagy f\u00e1jdalomcsillap\u00edt\u00f3val otthonukba is kezelhetj\u00fck, csak akkor es\u00fcnk k\u00e9ts\u00e9gbe, ha ez az \u00e1llapot napok m\u00falva sem javul. Maximum 4-5 nap lehet ilyen kellemetlen.<\/p>\n<p>A fog\u00e1szati implant\u00e1tum sajnos m\u00e9g dr\u00e1g\u00e1bb, mint a t\u00f6bbi p\u00f3tl\u00e1si megold\u00e1s, vannak esetek, amikor m\u00e9gis csak ez seg\u00edthet a p\u00e1ciensen, p\u00e9ld\u00e1ul, ha van valamilyen allergi\u00e1ja, akkor csak ez a megfelel\u0151 megold\u00e1s.<\/p>","protected":false},"excerpt":{"rendered":"<p>Fogaink elveszt\u00e9s\u00e9nek sz\u00e1mos oka lehet. Nem csak test\u00fcnk \u00e9s b\u0151r\u00fcnk \u00f6regszik, hanem fogaink is vesz\u00edtenek a tart\u00e1sukb\u00f3l, szerkezet\u00fck szil\u00e1rds\u00e1g\u00e1b\u00f3l. Foghi\u00e1ny oka lehet egy szerencs\u00e9tlen baleseti, fogszuvasod\u00e1s vagy egy sz\u00e1j\u00fcregi rendelleness\u00e9g is ak\u00e1r.<\/p>","protected":false},"author":3,"featured_media":6027,"comment_status":"closed","ping_status":"closed","sticky":false,"template":"","format":"standard","meta":{"footnotes":"","_joinchat":[]},"categories":[46],"tags":[],"acf":[],"aioseo_notices":[],"_links":{"self":[{"href":"https:\/\/www.smiledesigncenter.hu\/sk\/wp-json\/wp\/v2\/posts\/6001"}],"collection":[{"href":"https:\/\/www.smiledesigncenter.hu\/sk\/wp-json\/wp\/v2\/posts"}],"about":[{"href":"https:\/\/www.smiledesigncenter.hu\/sk\/wp-json\/wp\/v2\/types\/post"}],"author":[{"embeddable":true,"href":"https:\/\/www.smiledesigncenter.hu\/sk\/wp-json\/wp\/v2\/users\/3"}],"replies":[{"embeddable":true,"href":"https:\/\/www.smiledesigncenter.hu\/sk\/wp-json\/wp\/v2\/comments?post=6001"}],"version-history":[{"count":6,"href":"https:\/\/www.smiledesigncenter.hu\/sk\/wp-json\/wp\/v2\/posts\/6001\/revisions"}],"predecessor-version":[{"id":6039,"href":"https:\/\/www.smiledesigncenter.hu\/sk\/wp-json\/wp\/v2\/posts\/6001\/revisions\/6039"}],"wp:featuredmedia":[{"embeddable":true,"href":"https:\/\/www.smiledesigncenter.hu\/sk\/wp-json\/wp\/v2\/media\/6027"}],"wp:attachment":[{"href":"https:\/\/www.smiledesigncenter.hu\/sk\/wp-json\/wp\/v2\/media?parent=6001"}],"wp:term":[{"taxonomy":"category","embeddable":true,"href":"https:\/\/www.smiledesigncenter.hu\/sk\/wp-json\/wp\/v2\/categories?post=6001"},{"taxonomy":"post_tag","embeddable":true,"href":"https:\/\/www.smiledesigncenter.hu\/sk\/wp-json\/wp\/v2\/tags?post=6001"}],"curies":[{"name":"wp","href":"https:\/\/api.w.org\/{rel}","templated":true}]}}