{"id":6063,"date":"2019-07-15T19:32:33","date_gmt":"2019-07-15T19:32:33","guid":{"rendered":"https:\/\/www.smiledesigncenter.hu\/?p=6063"},"modified":"2019-07-15T19:32:33","modified_gmt":"2019-07-15T19:32:33","slug":"honnan-ered-a-szajsebeszeti-kezeles-utazas-a-multba","status":"publish","type":"post","link":"https:\/\/www.smiledesigncenter.hu\/sk\/2019\/07\/15\/honnan-ered-a-szajsebeszeti-kezeles-utazas-a-multba\/","title":{"rendered":"Honnan ered a sz\u00e1jseb\u00e9szeti kezel\u00e9s? Utaz\u00e1s a m\u00faltba"},"content":{"rendered":"<!-- Facebook Like Button Vivacity Infotech BEGIN -->\n<div class=\"fb-like\" data-href=\"https:\/\/www.smiledesigncenter.hu\/sk\/2019\/07\/15\/honnan-ered-a-szajsebeszeti-kezeles-utazas-a-multba\/\" data-layout=\"standard\" data-action=\"recommend\" data-show-faces=\"false\" data-size=\"small\" data-width=\"450\" data-share=\"1\" ><\/div>\n<!-- Facebook Like Button Vivacity Infotech END -->\n<p>A sz\u00e1jseb\u00e9szet hallat\u00e1n sokunkban t\u00e9ves elk\u00e9pzel\u00e9sek \u00e9lnek. Ezeknek tal\u00e1n r\u00e9gi \u201er\u00e9mt\u00f6rt\u00e9netek\u201d adnak t\u00e1ptalajt, ezek a t\u00f6rt\u00e9netek szinte sz\u00e1jr\u00f3l-sz\u00e1jra terjedhetnek, mint valami n\u00e9pmese. Napjainkra azonban a sz\u00e1jseb\u00e9szetb\u0151l egy teljesen \u00faj fog\u00e1szati szakter\u00fclet fejl\u0151d\u00f6tt ki. Ezt k\u00fcl\u00f6n arc-, \u00e1llcsontseb\u00e9szetk\u00e9nt eml\u00edtik. \u00cdgy amit ma egyszer\u0171en sz\u00e1jseb\u00e9szetnek h\u00edvunk, annak szaknyelven maxillofaci\u00e1lis seb\u00e9szet a speci\u00e1lis neve.<!--more--><\/p>\n<p>Sajnos gyakran felmer\u00fclhetnek olyan beavatkoz\u00e1sok, amelyeket csak kimondottan sz\u00e1jseb\u00e9szeti kezel\u00e9sek alkalm\u00e1val tudj\u00e1k orvosolni. Ezeket minden esetben egy k\u00fcl\u00f6n sz\u00e1jseb\u00e9szeti szakorvos,\u00a0 egy speci\u00e1lisan kialak\u00edtott rendel\u0151ben v\u00e9gzi el. A beavatkoz\u00e1s legt\u00f6bb esetben nem csak a fogat, hanem az \u00e1llkapcsot, arccsontot, arc\u00fcreget is \u00e9rinti. E szakter\u00fclet az \u00e9vek alatt igen csak kin\u0151tte az \u00e1ltal\u00e1noss\u00e1gban haszn\u00e1lt sz\u00e1jseb\u00e9szet kifejez\u00e9st. T\u00f6bb kateg\u00f3ri\u00e1t k\u00fcl\u00f6nb\u00f6ztet\u00fcnk meg, eg\u00e9szen a foggy\u00f6kerek elt\u00e1vol\u00edt\u00e1s\u00e1t\u00f3l a ny\u00e1lmirigyek seb\u00e9szet\u00e9n kereszt\u00fcl a Craniofac\u00e1lis seb\u00e9szetig, ami m\u00e1r egy nagyon bonyolult, a fejdeformit\u00e1sok\u00e9rt felel\u0151s szakir\u00e1ny.<\/p>\n<h3>Az els\u0151 arc-, \u00e1llcsont-, sz\u00e1jseb\u00e9szeti beavatkoz\u00e1s eg\u00e9szen az 1848-as \u00e9vekre vezethet\u0151 vissza<\/h3>\n<p>A magyar sz\u00e1jseb\u00e9szet alappill\u00e9rei minden bizonnyal a hadi seb\u00e9szetb\u0151l n\u0151tt\u00e9k ki magukat. Az 1848-49-es \u00e9vekben lezajlott Magyar-Osztr\u00e1k h\u00e1bor\u00faban els\u0151k\u00e9nt Balassa J\u00e1nos rengeteg orvosi feljegyz\u00e9ssel gazdag\u00edtotta t\u00f6rt\u00e9nelm\u00fcnket. A jegyzetek szerint neki voltak el\u0151sz\u00f6r orsz\u00e1gunk ter\u00fclet\u00e9n kifejezetten sz\u00e1jseb\u00e9szeti tapasztalatai. A h\u00e1bor\u00fa ut\u00e1n Sisi kir\u00e1lyn\u0151 udvari orvosak\u00e9nt minden figyelm\u00e9t a sz\u00e1jpadhasad\u00e9kok \u00e9s a m\u0171t\u00e9ttechnikai megold\u00e1sokra ford\u00edtotta.<\/p>\n<p>Az I. vil\u00e1gh\u00e1bor\u00fa ut\u00e1n rohamos fej\u0151d\u00e9s vette kezdet\u00e9t a sz\u00e1jseb\u00e9szeti szakter\u00fcleten. Fontosnak tartott\u00e1k a fog, illetve \u00e1llkapocss\u00e9r\u00fclt katon\u00e1k ell\u00e1t\u00e1s\u00e1t. Eur\u00f3pa egyik legmodernebb orvosi egyeteme \u00e9p\u00fclt fel Budapest sz\u00edv\u00e9ben. Igazgat\u00f3ja \u00c1rk\u00f6vy J\u00e1nos volt, aki az egyik leglelkesebb orvosok egyike volt, sz\u00edv\u00fcgye volt a s\u00e9r\u00fclt katon\u00e1k kezel\u00e9se.<\/p>\n<figure id=\"attachment_2905\" aria-describedby=\"caption-attachment-2905\" style=\"width: 800px\" class=\"wp-caption aligncenter\"><img decoding=\"async\" loading=\"lazy\" class=\"size-full wp-image-2905\" src=\"https:\/\/www.smiledesigncenter.hu\/wp-content\/uploads\/2017\/07\/szajsebeszet-nyiregyhaza1.jpg\" alt=\"\" width=\"800\" height=\"369\" srcset=\"https:\/\/www.smiledesigncenter.hu\/wp-content\/uploads\/2017\/07\/szajsebeszet-nyiregyhaza1.jpg 800w, https:\/\/www.smiledesigncenter.hu\/wp-content\/uploads\/2017\/07\/szajsebeszet-nyiregyhaza1-300x138.jpg 300w, https:\/\/www.smiledesigncenter.hu\/wp-content\/uploads\/2017\/07\/szajsebeszet-nyiregyhaza1-768x354.jpg 768w\" sizes=\"(max-width: 800px) 100vw, 800px\" \/><figcaption id=\"caption-attachment-2905\" class=\"wp-caption-text\">S\u00fakromn\u00e1 \u00fastna ordin\u00e1cia v Ny\u00edregyh\u00e1ze<\/figcaption><\/figure>\n<p>1922-ben hal\u00e1la ut\u00e1n az int\u00e9zm\u00e9ny\u00e9rt felel\u0151s szem\u00e9ly Szab\u00f3 J\u00f3zsef lett, aki a klinika m\u00edxillofaci\u00e1lis oktat\u00e1s\u00e1t is lehet\u0151v\u00e9 tette. Ennek az oktat\u00e1snak k\u00f6sz\u00f6nhet\u0151en a II. vil\u00e1gh\u00e1bor\u00faban m\u00e1r minden megyei k\u00f3rh\u00e1zban volt k\u00fcl\u00f6n sz\u00e1jseb\u00e9szeti szakoszt\u00e1ly. A fogorvosok sz\u00e1ma p\u00e1r \u00e9vtized alatt megsokszoroz\u00f3dott, az eddig fog\u00e1szathoz \u00e9rt\u0151 seg\u00edt\u0151k is okleveles orvosokk\u00e1 fejl\u0151dhettek.<\/p>\n<h3>A f\u00e1jdalommentes beavatkoz\u00e1sok titka, avagy mi\u00e9rt j\u00f3, ha nem \u00e9rz\u00fcnk semmit kezel\u00e9sek alatt?<\/h3>\n<p>R\u00e9gebben m\u00e9g el\u0151fordulhatott, hogy egy egy sz\u00e1jseb\u00e9szeti beavatkoz\u00e1s f\u00e1jdalommal, kellemetlen \u00e9rz\u00e9ssel j\u00e1rjon. \u00c9pp ez\u00e9rt a legt\u00f6bben szorong\u00e1st \u00e9rz\u00fcnk m\u00e9g csak egy \u00e1ltal\u00e1nos fog\u00e1szati kontroll alkalm\u00e1val is, ami minden bizonnyal lek\u00fczdhetetlen f\u00e9lelemm\u00e9 alakul, ha meghalljuk ezt a kifejez\u00e9st. A hat\u00e9kony gy\u00f3gy\u00e1szati term\u00e9keknek \u00e9s a k\u00edm\u00e9letes beavatkoz\u00e1soknak k\u00f6sz\u00f6nhet\u0151en nincs okunk a bizalmatlans\u00e1gra. A modern sz\u00e1jseb\u00e9szet egyik c\u00e9lja, hogy min\u00e9l kevesebb stresszhelyzet \u00e9rjen minket. Legyen sz\u00f3 ak\u00e1r egy fogelt\u00e1vol\u00edt\u00e1sr\u00f3l, vagy ak\u00e1r egy komolyabb m\u0171t\u00e9tr\u0151l. A f\u00e1jdalommentess\u00e9g nem csak nek\u00fcnk, hanem az orvosunknak is nagy megk\u00f6nnyebb\u00fcl\u00e9st okoz majd.<\/p>","protected":false},"excerpt":{"rendered":"<p>A sz\u00e1jseb\u00e9szet hallat\u00e1n sokunkban t\u00e9ves elk\u00e9pzel\u00e9sek \u00e9lnek. Ezeknek tal\u00e1n r\u00e9gi \u201er\u00e9mt\u00f6rt\u00e9netek\u201d adnak t\u00e1ptalajt, ezek a t\u00f6rt\u00e9netek szinte sz\u00e1jr\u00f3l-sz\u00e1jra terjedhetnek, mint valami n\u00e9pmese. Napjainkra azonban a sz\u00e1jseb\u00e9szetb\u0151l egy teljesen \u00faj fog\u00e1szati szakter\u00fclet fejl\u0151d\u00f6tt ki.<\/p>","protected":false},"author":3,"featured_media":2905,"comment_status":"closed","ping_status":"closed","sticky":false,"template":"","format":"standard","meta":{"footnotes":"","_joinchat":[]},"categories":[46],"tags":[],"acf":[],"aioseo_notices":[],"_links":{"self":[{"href":"https:\/\/www.smiledesigncenter.hu\/sk\/wp-json\/wp\/v2\/posts\/6063"}],"collection":[{"href":"https:\/\/www.smiledesigncenter.hu\/sk\/wp-json\/wp\/v2\/posts"}],"about":[{"href":"https:\/\/www.smiledesigncenter.hu\/sk\/wp-json\/wp\/v2\/types\/post"}],"author":[{"embeddable":true,"href":"https:\/\/www.smiledesigncenter.hu\/sk\/wp-json\/wp\/v2\/users\/3"}],"replies":[{"embeddable":true,"href":"https:\/\/www.smiledesigncenter.hu\/sk\/wp-json\/wp\/v2\/comments?post=6063"}],"version-history":[{"count":3,"href":"https:\/\/www.smiledesigncenter.hu\/sk\/wp-json\/wp\/v2\/posts\/6063\/revisions"}],"predecessor-version":[{"id":6067,"href":"https:\/\/www.smiledesigncenter.hu\/sk\/wp-json\/wp\/v2\/posts\/6063\/revisions\/6067"}],"wp:featuredmedia":[{"embeddable":true,"href":"https:\/\/www.smiledesigncenter.hu\/sk\/wp-json\/wp\/v2\/media\/2905"}],"wp:attachment":[{"href":"https:\/\/www.smiledesigncenter.hu\/sk\/wp-json\/wp\/v2\/media?parent=6063"}],"wp:term":[{"taxonomy":"category","embeddable":true,"href":"https:\/\/www.smiledesigncenter.hu\/sk\/wp-json\/wp\/v2\/categories?post=6063"},{"taxonomy":"post_tag","embeddable":true,"href":"https:\/\/www.smiledesigncenter.hu\/sk\/wp-json\/wp\/v2\/tags?post=6063"}],"curies":[{"name":"wp","href":"https:\/\/api.w.org\/{rel}","templated":true}]}}