{"id":6138,"date":"2019-09-08T13:01:51","date_gmt":"2019-09-08T13:01:51","guid":{"rendered":"https:\/\/www.smiledesigncenter.hu\/?p=6138"},"modified":"2019-09-08T13:01:51","modified_gmt":"2019-09-08T13:01:51","slug":"fogszabalyzas-felnottkorban-vajon-erdemes-belevagni","status":"publish","type":"post","link":"https:\/\/www.smiledesigncenter.hu\/sk\/2019\/09\/08\/fogszabalyzas-felnottkorban-vajon-erdemes-belevagni\/","title":{"rendered":"Fogszab\u00e1lyz\u00e1s feln\u0151ttkorban, vajon \u00e9rdemes belev\u00e1gni?"},"content":{"rendered":"<!-- Facebook Like Button Vivacity Infotech BEGIN -->\n<div class=\"fb-like\" data-href=\"https:\/\/www.smiledesigncenter.hu\/sk\/2019\/09\/08\/fogszabalyzas-felnottkorban-vajon-erdemes-belevagni\/\" data-layout=\"standard\" data-action=\"recommend\" data-show-faces=\"false\" data-size=\"small\" data-width=\"450\" data-share=\"1\" ><\/div>\n<!-- Facebook Like Button Vivacity Infotech END -->\n<p>Feln\u0151ttkori fogszab\u00e1lyz\u00e1snak h\u00edvjuk azt a beavatkoz\u00e1st, mikor a fog\u00e1szat azon \u00e1g\u00e1t vessz\u00fck ig\u00e9nybe, amelyn\u00e9l kimondottan feln\u0151ttek rendellenesen kin\u0151tt fogazat\u00e1t hozz\u00e1k rendbe. Ez a szakir\u00e1ny annyiban k\u00fcl\u00f6nb\u00f6zik a gyerekkori fogszab\u00e1lyz\u00e1st\u00f3l, hogy a beavatkoz\u00e1s sor\u00e1n az \u00e1llcsontok helyzet\u00e9t \u00e9s n\u00f6veked\u00e9s\u00e9t nem tudj\u00e1k m\u00e1r befoly\u00e1solni. Sajnos ilyenkor m\u00e1r sz\u00e1m\u00edt\u00e1sba kell venni az esetleges fog\u00e1gybetegs\u00e9get \u00e9s \u00e1llkapocs \u00edz\u00fcleti probl\u00e9m\u00e1kat is.<!--more--><\/p>\n<p>Felm\u00e9r\u00e9sek szerint a feln\u0151ttkori fogszab\u00e1lyz\u00e1son megjelent p\u00e1ciensek a 23-30 \u00e9v k\u00f6z\u00f6tti \u00e9letkorba sorolhat\u00f3ak. A beavatkoz\u00e1sra els\u0151sorban akkor van sz\u00fcks\u00e9g, ha a fogazati vagy \u00e1llkapocs rendelleness\u00e9g gyermekkori kezel\u00e9s\u00e9re nem ker\u00fclt id\u0151ben sor. Ezen k\u00edv\u00fcl gyakori probl\u00e9ma lehet, hogy ha gyermekkorban volt is fogszab\u00e1lyz\u00e1s, az vagy nem volt el\u00e9g hat\u00e9kony, vagy nem tartott kell\u0151 ideig, \u00e9s a fogak \u00fajra vissza\u00e1lltak eredeti \u00e1llapotukba. Szaknyelven ezt h\u00edvj\u00e1k fogv\u00e1ndorl\u00e1snak.<\/p>\n<p>A diagn\u00f3zis fel\u00e1ll\u00edt\u00e1s\u00e1hoz sz\u00fcks\u00e9g van egy kor\u00e1bbi \u00e1ltal\u00e1nos korel\u0151zm\u00e9nyre, illetve mindenk\u00e9pp fontos egy als\u00f3 \u00e9s fels\u0151<a href=\"https:\/\/www.smiledesigncenter.hu\/sk\/panoramaticky-rontgen\/\" target=\"_blank\" rel=\"noopener noreferrer\"> fogazati panor\u00e1ma r\u00f6ntgen<\/a> felv\u00e9telre, esetleg CT-re is. A teljes kezel\u00e9si terv elk\u00e9sz\u00edt\u00e9s\u00e9hez komoly szakmai tud\u00e1s sz\u00fcks\u00e9ges, amit sz\u00e1jseb\u00e9sz, parodontol\u00f3gus \u00e9s konzerv\u00e1l\u00f3 fogorvos egy\u00fcttesen dolgoz ki nek\u00fcnk. L\u00e9nyeg\u00e9ben a fogszab\u00e1lyz\u00e1s menete kett\u0151 szakaszra bonthat\u00f3, az els\u0151 az akt\u00edv f\u00e1zis. Ilyenkor a fogakat addig mozgatj\u00e1k, am\u00edg azok a hely\u00fckre ker\u00fclnek. Ez eltarthat 1.5-2 \u00e9vig is, nagyobb deform\u00e1ci\u00f3 eset\u00e9ben ak\u00e1r 3 \u00e9vig is.<\/p>\n<p>A m\u00e1sodik l\u00e9p\u00e9sk\u00e9nt meg kell eml\u00edten\u00fcnk a passz\u00edv f\u00e1zist, aminek c\u00e9lja a fogak helyben tart\u00e1sa addig, am\u00edg a fog\u00e1gy nem rendez\u0151dik teljesen a megfelel\u0151 helyzetbe. Az erre szolg\u00e1l\u00f3 k\u00e9sz\u00fcl\u00e9ket retenci\u00f3s k\u00e9sz\u00fcl\u00e9knek h\u00edvjuk. Ez lehet \u00e1lland\u00f3 r\u00f6gz\u00edtett, vagy ak\u00e1r kivehet\u0151 is. A r\u00f6gz\u00edtett t\u00edpus legt\u00f6bbsz\u00f6r szemfogt\u00f3l szemfogig tartja a fogakat a tervezett poz\u00edci\u00f3ban. A kivehet\u0151 viszont az \u00f6sszes fogat megt\u00e1masztva stabiliz\u00e1lja az el\u00e9rt c\u00e9lt.<\/p>\n<h3>\u00c9rdemes min\u00e9l el\u0151bb belev\u00e1gni a fogszab\u00e1lyz\u00e1sba<\/h3>\n<p><img decoding=\"async\" loading=\"lazy\" class=\"aligncenter size-full wp-image-3377\" src=\"https:\/\/www.smiledesigncenter.hu\/wp-content\/uploads\/2017\/11\/gyermek-fogszabalyozas.jpg\" alt=\"\" width=\"600\" height=\"300\" srcset=\"https:\/\/www.smiledesigncenter.hu\/wp-content\/uploads\/2017\/11\/gyermek-fogszabalyozas.jpg 600w, https:\/\/www.smiledesigncenter.hu\/wp-content\/uploads\/2017\/11\/gyermek-fogszabalyozas-300x150.jpg 300w\" sizes=\"(max-width: 600px) 100vw, 600px\" \/><\/p>\n<p>Amennyiben a feln\u0151ttkori fogszab\u00e1lyz\u00e1s sor\u00e1n a szakemberek szerint sz\u00fcks\u00e9g lehet m\u00e9gis az \u00e1llkapocs-csontok mozgat\u00e1s\u00e1ra, azt egy \u00fagynevezett orthognathiai m\u0171t\u00e9ttel oldj\u00e1k meg. A beavatkoz\u00e1s sor\u00e1n az \u00e1llkapocs helyzet\u00e9t \u00fagy \u00e1ll\u00edtj\u00e1k be, hogy a fogsor k\u00e9s\u0151bbi z\u00e1r\u00f3d\u00e1sa t\u00f6k\u00e9letesen illeszkedjen. A szab\u00e1lyz\u00e1s sor\u00e1n gyakran sz\u00fcks\u00e9g lehet logop\u00e9dus seg\u00edts\u00e9g\u00e9re is, hiszen az \u00e1llkapocs csont elmozd\u00edt\u00e1s\u00e1val a nyelv helyzete is v\u00e1ltozhat. B\u00e1r csak p\u00e1r mm-r\u0151l besz\u00e9l\u00fcnk, ez is befoly\u00e1solhatja a besz\u00e9d\u00fcnket majd.<\/p>\n<p>B\u00e1r a feln\u0151ttkori fogszab\u00e1lyz\u00e1s is egy hat\u00e9kony beavatkoz\u00e1snak t\u0171nhet, m\u00e9gis \u00e9rdemes m\u00e1r gyerekkorban felfigyelni az esetleges fog elcs\u00fasz\u00e1sokra. A megfelel\u0151 id\u0151ben alkalmazott fogszab\u00e1lyz\u00e1ssal m\u00e9g befoly\u00e1solni tudjuk az \u00e1llkapocs csont n\u00f6veked\u00e9s\u00e9t, \u00edgy elker\u00fclhetj\u00fck a k\u00e9s\u0151bbi komolyabb m\u0171t\u00e9ti beavatkoz\u00e1sokat is. Fontos tudni, hogy ha hi\u00e1nyoss\u00e1g \u00e1ll fent a gyermek fogazat\u00e1ban, akkor is \u00e9rdemes min\u00e9l el\u0151bb szakorvoshoz fordulni, miel\u0151tt a t\u00f6bbi fog a hi\u00e1nyoss\u00e1g hely\u00e9re torl\u00f3dik \u00e9s ezzel az eg\u00e9sz fogsor eldeform\u00e1l\u00f3dhat.<\/p>","protected":false},"excerpt":{"rendered":"<p>Feln\u0151ttkori fogszab\u00e1lyz\u00e1snak h\u00edvjuk azt a beavatkoz\u00e1st, mikor a fog\u00e1szat azon \u00e1g\u00e1t vessz\u00fck ig\u00e9nybe, amelyn\u00e9l kimondottan feln\u0151ttek rendellenesen kin\u0151tt fogazat\u00e1t hozz\u00e1k rendbe.<\/p>","protected":false},"author":3,"featured_media":3377,"comment_status":"closed","ping_status":"closed","sticky":false,"template":"","format":"standard","meta":{"footnotes":"","_joinchat":[]},"categories":[46],"tags":[],"acf":[],"aioseo_notices":[],"_links":{"self":[{"href":"https:\/\/www.smiledesigncenter.hu\/sk\/wp-json\/wp\/v2\/posts\/6138"}],"collection":[{"href":"https:\/\/www.smiledesigncenter.hu\/sk\/wp-json\/wp\/v2\/posts"}],"about":[{"href":"https:\/\/www.smiledesigncenter.hu\/sk\/wp-json\/wp\/v2\/types\/post"}],"author":[{"embeddable":true,"href":"https:\/\/www.smiledesigncenter.hu\/sk\/wp-json\/wp\/v2\/users\/3"}],"replies":[{"embeddable":true,"href":"https:\/\/www.smiledesigncenter.hu\/sk\/wp-json\/wp\/v2\/comments?post=6138"}],"version-history":[{"count":1,"href":"https:\/\/www.smiledesigncenter.hu\/sk\/wp-json\/wp\/v2\/posts\/6138\/revisions"}],"predecessor-version":[{"id":6139,"href":"https:\/\/www.smiledesigncenter.hu\/sk\/wp-json\/wp\/v2\/posts\/6138\/revisions\/6139"}],"wp:featuredmedia":[{"embeddable":true,"href":"https:\/\/www.smiledesigncenter.hu\/sk\/wp-json\/wp\/v2\/media\/3377"}],"wp:attachment":[{"href":"https:\/\/www.smiledesigncenter.hu\/sk\/wp-json\/wp\/v2\/media?parent=6138"}],"wp:term":[{"taxonomy":"category","embeddable":true,"href":"https:\/\/www.smiledesigncenter.hu\/sk\/wp-json\/wp\/v2\/categories?post=6138"},{"taxonomy":"post_tag","embeddable":true,"href":"https:\/\/www.smiledesigncenter.hu\/sk\/wp-json\/wp\/v2\/tags?post=6138"}],"curies":[{"name":"wp","href":"https:\/\/api.w.org\/{rel}","templated":true}]}}