{"id":6241,"date":"2019-10-31T09:58:57","date_gmt":"2019-10-31T09:58:57","guid":{"rendered":"https:\/\/www.smiledesigncenter.hu\/?p=6241"},"modified":"2019-10-31T10:00:44","modified_gmt":"2019-10-31T10:00:44","slug":"mi-tortenik-a-kismamak-fogaival-a-9-honap-alatt","status":"publish","type":"post","link":"https:\/\/www.smiledesigncenter.hu\/sk\/2019\/10\/31\/mi-tortenik-a-kismamak-fogaival-a-9-honap-alatt\/","title":{"rendered":"Mi t\u00f6rt\u00e9nik a kismam\u00e1k fogaival a 9 h\u00f3nap alatt?"},"content":{"rendered":"<!-- Facebook Like Button Vivacity Infotech BEGIN -->\n<div class=\"fb-like\" data-href=\"https:\/\/www.smiledesigncenter.hu\/sk\/2019\/10\/31\/mi-tortenik-a-kismamak-fogaival-a-9-honap-alatt\/\" data-layout=\"standard\" data-action=\"recommend\" data-show-faces=\"false\" data-size=\"small\" data-width=\"450\" data-share=\"1\" ><\/div>\n<!-- Facebook Like Button Vivacity Infotech END -->\n<p>Gyakran szokt\u00e1k mondani az emberek, hogy minden kisbaba \u201eelvesz\u201d az \u00e9desanyj\u00e1t\u00f3l 1-2 fogat a v\u00e1rand\u00f3ss\u00e1ga alatt. Term\u00e9szetesen ez nincs minden esetben felt\u00e9tlen\u00fcl \u00edgy, b\u00e1r ennek a mond\u00e1snak t\u00e9nyleg van n\u00e9mi val\u00f3s\u00e1g alapja, hiszen a v\u00e1rand\u00f3s kismam\u00e1k a 9 h\u00f3nap alatt igen gyakran k\u00fczdenek k\u00fcl\u00f6nb\u00f6z\u0151 fog\u00e1szati probl\u00e9m\u00e1kkal.<!--more--><\/p>\n<p>Persze nem szabad belet\u00f6r\u0151dni abba, hogy a terhess\u00e9g alatt t\u00f6nkre fognak menni a fogaink, hiszen ilyenkor is tehet\u00fcnk az\u00e9rt, hogy mosolyunk tov\u00e1bbra is sz\u00e9p, fogaink pedig eg\u00e9szs\u00e9gek legyenek. S\u0151t, v\u00e1rand\u00f3ss\u00e1g alatt nem hogy nem szabad megfeledkezn\u00fcnk a sz\u00e1j\u00e1pol\u00e1s fontoss\u00e1g\u00e1r\u00f3l, hanem ink\u00e1bb n\u00e9h\u00e1ny dologra m\u00e9g jobban oda kell figyeln\u00fcnk, hiszen ezekkel megel\u0151zhetj\u00fck a fogaink roml\u00e1s\u00e1t, \u00e9s a k\u00e9s\u0151bbi elveszt\u00e9s\u00e9t is.<\/p>\n<h3>Mikre kell odafigyelni a v\u00e1rand\u00f3s\u00e1g els\u0151 szakasz\u00e1ban?<\/h3>\n<p>Az els\u0151 trimeszter a terhess\u00e9g els\u0151 12 het\u00e9t takarja. \u00c1ltal\u00e1ban a leend\u0151 anyuk\u00e1k sz\u00e1m\u00e1ra ez az id\u0151szak a legmegterhel\u0151bb, \u00e9s legkimer\u00edt\u0151bb. Ebben az id\u0151szakba a kismama egyik legfontosabb teend\u0151je, hogy jobban odafigyeljen saj\u00e1t sz\u00e1j\u00e1pol\u00e1si rutinj\u00e1ra. Rengeteg leend\u0151 kismama m\u00e1r a teherbees\u00e9st megel\u0151z\u0151en megkezdi a felk\u00e9sz\u00fcl\u00e9st. Ak\u00e1r m\u00e1r a babatervez\u00e9s elej\u00e9n c\u00e9lszer\u0171 lehet ell\u00e1togatunk fogorvosunkhoz, hogy m\u00e9g a terhess\u00e9g el\u0151tt ellen\u0151rizni tudja fogunk \u00e1llapot\u00e1t, \u00e9s elv\u00e9gezze a sz\u00fcks\u00e9ges kezel\u00e9seket.<\/p>\n<p>A v\u00e1rand\u00f3s\u00e1g sor\u00e1n a kismama eg\u00e9sz szervezete teljesen megv\u00e1ltozik. Vannak dolgok, amiket m\u00e1r az els\u0151 hetekben, els\u0151 t\u00fcnetk\u00e9nt \u00e9szlelni fog, vannak, melyek csak k\u00e9s\u0151bb fognak felt\u0171nni. Ezek a hormon\u00e1lis v\u00e1ltoz\u00e1sok azonban nem csak a kismama m\u00e9h\u00e9re, hanem t\u00f6bbek k\u00f6z\u00f6tt a fog\u00edny\u00e9re is hat\u00e1ssal lesz majd. Ilyenkor megv\u00e1ltozik a ny\u00e1l \u00f6sszet\u00e9tele, de ak\u00e1r az is el\u0151fordulhat, hogy meglazulnak a fogak tart\u00f3szerkezete, \u00e9s nem ritka sajnos a fog\u00ednygyullad\u00e1s sem. A sz\u00e1jhigi\u00e9nia szempontj\u00e1b\u00f3l mindenk\u00e9ppen fontos, hogy tudatosan felk\u00e9sz\u00fclj\u00fcnk test\u00fcnkben lezajl\u00f3 v\u00e1ltoz\u00e1sokra.<\/p>\n<p>A k\u00fcl\u00f6nb\u00f6z\u0151 fog\u00e1szati probl\u00e9m\u00e1k elker\u00fcl\u00e9s\u00e9nek pedig ebben az esetben m\u00e9g ink\u00e1bb a megel\u0151z\u00e9s a legjobb m\u00f3dja. Ha a 9 h\u00f3nap alatt s\u0171r\u0171n elj\u00e1runk a fogorvosi kontrollvizsg\u00e1latokra, illetve odafigyel\u00fcnk a megfelel\u0151 \u00e9s alapos sz\u00e1j\u00e1pol\u00e1si szok\u00e1sainkra, akkor nagyon nagy es\u00e9llyel megel\u0151zhetj\u00fck a legt\u00f6bb, leggyakrabban kialakul\u00f3 fog\u00e1szati probl\u00e9m\u00e1kat. A rendszeres \u00e9s alapos fogmos\u00e1sr\u00f3l ilyenkor, a v\u00e1rand\u00f3ss\u00e1g alatt nem szabad megfeledkezn\u00fcnk. Erre fokozottan oda kell figyeln\u00fcnk akkor is, ha az els\u0151 trimeszterben jelentkeznek a terhess\u00e9gi rosszull\u00e9t kellemetlen t\u00fcnetei, melyet legt\u00f6bbsz\u00f6r h\u00e1ny\u00e1s k\u00eds\u00e9r. A h\u00e1ny\u00e1s sokszor pedig a t\u00fal sok gyomorsav miatt l\u00e9p fel, ez a sav azonban nagyon rossz hat\u00e1ssal van a fogainkra.<\/p>\n<h3>Fog\u00e9rz\u00e9kenys\u00e9g? Fog\u00ednyv\u00e9rz\u00e9s? Sajnos nem ritka a kismam\u00e1kn\u00e1l<\/h3>\n<p>Sok kismama m\u00e1r a v\u00e1rand\u00f3s\u00e1ga elej\u00e9n \u00e9szlelheti a kellemetlen fog\u00e9rz\u00e9kenys\u00e9get, mely m\u00f6g\u00f6tt egy\u00e9rtelm\u0171en a megn\u00f6vekedett \u00f6sztrog\u00e9nszint \u00e1ll. Ilyenkor sajnos nem ritka a fog\u00ednyv\u00e9rz\u00e9s, illetve az \u00ednygyullad\u00e1s sem. Ha eddig nem tett\u00fcnk, ilyen t\u00fcnetekn\u00e9l mindenk\u00e9ppen cser\u00e9lj\u00fcnk le a fogkef\u00e9nket igaz\u00e1n puha s\u00f6rt\u00e9j\u0171 v\u00e1ltozatra, mellyel sokkal finomabban, sokkal \u00f3vatosabban tudjuk naponta t\u00f6bbsz\u00f6r megtiszt\u00edtani a fogainkat. Fogkef\u00e9t pedig ezut\u00e1n, legal\u00e1bb 2 havonta \u00e9rdemes lehet lecser\u00e9lni.<\/p>\n<p><img decoding=\"async\" loading=\"lazy\" class=\"aligncenter size-large wp-image-5888\" src=\"https:\/\/www.smiledesigncenter.hu\/wp-content\/uploads\/2019\/02\/kismama-1024x683.jpg\" alt=\"\" width=\"1024\" height=\"683\" srcset=\"https:\/\/www.smiledesigncenter.hu\/wp-content\/uploads\/2019\/02\/kismama.jpg 1024w, https:\/\/www.smiledesigncenter.hu\/wp-content\/uploads\/2019\/02\/kismama-300x200.jpg 300w, https:\/\/www.smiledesigncenter.hu\/wp-content\/uploads\/2019\/02\/kismama-768x512.jpg 768w\" sizes=\"(max-width: 1024px) 100vw, 1024px\" \/><\/p>\n<p>A kismam\u00e1k sok esetben t\u00f6bbsz\u00f6r esznek kevesebbet napk\u00f6zben. A t\u00f6bbsz\u00f6ri \u00e9tkez\u00e9s miatt azonban a t\u00f6bbsz\u00f6ri fogmos\u00e1sra is c\u00e9lszer\u0171 odafigyelni. \u00c9tkez\u00e9s ut\u00e1n azonban teljen el 30 perc, hiszen ennyi id\u0151 sz\u00fcks\u00e9ges ahhoz, hogy a sz\u00e1j\u00fcreg pH-ja vissza\u00e1lljon. Ezut\u00e1n azonban legal\u00e1bb 2 percen \u00e1t mossuk k\u00f6rk\u00f6r\u00f6sen tiszt\u00e1ra a fogainkat. A fogak \u00e9s a fog\u00edny rendszeres tiszt\u00edt\u00e1s\u00e1val megel\u0151zhetj\u00fck az \u00ednygyullad\u00e1st, vagy enyh\u00edthetj\u00fck a m\u00e1r kialakult \u00ednygyullad\u00e1s kellemetlen t\u00fcneteit. Az alapos tiszt\u00edt\u00e1s \u00e9rdek\u00e9ben haszn\u00e1ljunk rendszeresen fogselymet, \u00e9s fogtiszt\u00edt\u00f3 kef\u00e9t is.<\/p>\n<p>A kismam\u00e1k eset\u00e9ben nem ritka sajnos a fogszuvasod\u00e1s se. Ahogy m\u00e1r eml\u00edt\u00e9sre ker\u00fclt, sokukat sajnos nem ker\u00fcl el a reggeli rosszull\u00e9t, gyakori a h\u00e1ny\u00e1s, mely legt\u00f6bbsz\u00f6r szerencs\u00e9re a 12. h\u00e9tre megsz\u0171nik. H\u00e1ny\u00e1s sor\u00e1n a sz\u00e1jba ker\u00fcl\u0151 gyomorsav igen k\u00e1ros hat\u00e1st gyakorol a sz\u00e1j\u00fcreg\u00fcnk pH-\u00e9rt\u00e9k\u00e9re. Fontos azonban ez\u00e9rt \u00e9szben tartani, hogy h\u00e1ny\u00e1s ut\u00e1n k\u00f6zvetlen\u00fcl ne mossunk fogat, hiszen \u00edgy ink\u00e1bb k\u00e1rt tesz\u00fcnk fogaink \u00e9ps\u00e9g\u00e9ben. C\u00e9lszer\u0171 ilyenkor ink\u00e1bb csak \u00e1t\u00f6bl\u00edteni a sz\u00e1nkat, a fogmos\u00e1st pedig egy 20 perc m\u00falva v\u00e9gezz\u00fck el.<\/p>\n<h3>P\u00f3toljuk a vitaminokat \u00e9s az \u00e1sv\u00e1nyi anyagokat<\/h3>\n<p>Nem ritka sajnos az, hogy a kismam\u00e1k fogai jelent\u0151sen romlanak a v\u00e1rand\u00f3s\u00e1g h\u00f3napjai alatt, sok esetben kis is hullanak. A legelkeser\u00edt\u0151bb azonban az, hogy ez ellen viszonylag egyszer\u0171en tudn\u00e1nk tenni, de sokan sajnos megfeledkeznek ennek fontoss\u00e1g\u00e1r\u00f3l. Sok esetben a kismam\u00e1k fogainak roml\u00e1s\u00e1nak oka az, hogy azok a fontos t\u00e1panyagok, melyek az eg\u00e9szs\u00e9ges fogaink fenntart\u00e1s\u00e1hoz sz\u00fcks\u00e9gesek lenn\u00e9nek, mind a bab\u00e1hoz jutnak el. Ez t\u00f6bbek k\u00f6z\u00f6tt a D-vitamint illetve Kalciumot jelentik.<\/p>\n<p>Mivel a magzat sz\u00e1m\u00e1ra ezek a vitaminok \u00e9s t\u00e1panyagok rendk\u00edv\u00fcl fontosak, hiszen idegrendszere is ig\u00e9nyli, emellett ezek jelentik a csontv\u00e1za alapj\u00e1t, illetve az \u0151 fogainak is sz\u00fcks\u00e9ge van r\u00e1, ez\u00e9rt c\u00e9lszer\u0171 a folyamatos p\u00f3tl\u00e1suk. Nem v\u00e9letlen az sem, hogy manaps\u00e1g m\u00e1r a szakemberek t\u00f6bbs\u00e9ge aj\u00e1nlani szokta a kismam\u00e1knak a k\u00fcl\u00f6nb\u00f6z\u0151 v\u00e1rand\u00f3s vitaminok szed\u00e9s\u00e9t is, hiszen ennek seg\u00edts\u00e9g\u00e9vel a legfontosabb t\u00e1panyagokat, \u00e9s vitaminokat tudjuk juttatni a szervezet\u00fcnkbe.<\/p>\n<h3>Milyen fog\u00e1szati kezel\u00e9seket lehet elv\u00e9geztetni v\u00e1rand\u00f3san?<\/h3>\n<p>A kellemetlen fogf\u00e1j\u00e1s \u00e1ltal\u00e1ban mindig a legrosszabbkor jelentkezik. K\u00fcl\u00f6n\u00f6sen kellemetlen tud lenni, mikor kismamak\u00e9nt gyullad be a fogunk, \u00e9s ilyenkor k\u00ednoz benn\u00fcnket a borzalmas fogf\u00e1j\u00e1s. V\u00e1rand\u00f3san \u00e1ltal\u00e1ban csak azokat a kezel\u00e9seket szokt\u00e1k elv\u00e9gezni a fogorvosok, melyek a legsz\u00fcks\u00e9gesebbek. A nagyobb fog\u00e1szati beavatkoz\u00e1sokat, melyek val\u00f3ban s\u00fcrg\u0151sek term\u00e9szetesen elv\u00e9gzik a szakemberek kismam\u00e1kon is, \u00e1m ha ez nem fontos, sok esetben javasolni szokt\u00e1k a kezel\u00e9s elhalaszt\u00e1s\u00e1t sz\u00fcl\u00e9s ut\u00e1ni id\u0151pontra.<\/p>\n<p>Ha azonban fogf\u00e1j\u00e1s k\u00ednoz benn\u00fcnket, ne halogassuk a dolgot akkor sem, ha kisbab\u00e1t v\u00e1runk, c\u00e9lszer\u0171 ilyenkor is \u00e9s min\u00e9l el\u0151bb ell\u00e1togatnunk egy megb\u00edzhat\u00f3 szakemberhez, aki el tudja rajtunk v\u00e9gezni a sz\u00fcks\u00e9ges fog\u00e1szati kezel\u00e9seket, hogy megsz\u0171nj\u00f6n a f\u00e1jdalom. Fogorvosok szerint azonban t\u00e9nyleg az a legjobb, ha m\u00e1r a babatervez\u00e9s idej\u00e9n ell\u00e1togatunk hozz\u00e1juk, \u00e9s a sz\u00fcks\u00e9ges nagyobb kezel\u00e9seket m\u00e9g a v\u00e1rand\u00f3s\u00e1g el\u0151tt sokkal egyszer\u0171bben, \u00e9s gyorsabban el tudj\u00e1k v\u00e9gezni rajtunk.<\/p>","protected":false},"excerpt":{"rendered":"<p>Gyakran szokt\u00e1k mondani az emberek, hogy minden kisbaba \u201eelvesz\u201d az \u00e9desanyj\u00e1t\u00f3l 1-2 fogat a v\u00e1rand\u00f3ss\u00e1ga alatt. Term\u00e9szetesen ez nincs minden esetben felt\u00e9tlen\u00fcl \u00edgy, b\u00e1r ennek a mond\u00e1snak t\u00e9nyleg van n\u00e9mi val\u00f3s\u00e1g alapja<\/p>","protected":false},"author":3,"featured_media":5888,"comment_status":"closed","ping_status":"closed","sticky":false,"template":"","format":"standard","meta":{"footnotes":"","_joinchat":[]},"categories":[46],"tags":[],"acf":[],"aioseo_notices":[],"_links":{"self":[{"href":"https:\/\/www.smiledesigncenter.hu\/sk\/wp-json\/wp\/v2\/posts\/6241"}],"collection":[{"href":"https:\/\/www.smiledesigncenter.hu\/sk\/wp-json\/wp\/v2\/posts"}],"about":[{"href":"https:\/\/www.smiledesigncenter.hu\/sk\/wp-json\/wp\/v2\/types\/post"}],"author":[{"embeddable":true,"href":"https:\/\/www.smiledesigncenter.hu\/sk\/wp-json\/wp\/v2\/users\/3"}],"replies":[{"embeddable":true,"href":"https:\/\/www.smiledesigncenter.hu\/sk\/wp-json\/wp\/v2\/comments?post=6241"}],"version-history":[{"count":4,"href":"https:\/\/www.smiledesigncenter.hu\/sk\/wp-json\/wp\/v2\/posts\/6241\/revisions"}],"predecessor-version":[{"id":6281,"href":"https:\/\/www.smiledesigncenter.hu\/sk\/wp-json\/wp\/v2\/posts\/6241\/revisions\/6281"}],"wp:featuredmedia":[{"embeddable":true,"href":"https:\/\/www.smiledesigncenter.hu\/sk\/wp-json\/wp\/v2\/media\/5888"}],"wp:attachment":[{"href":"https:\/\/www.smiledesigncenter.hu\/sk\/wp-json\/wp\/v2\/media?parent=6241"}],"wp:term":[{"taxonomy":"category","embeddable":true,"href":"https:\/\/www.smiledesigncenter.hu\/sk\/wp-json\/wp\/v2\/categories?post=6241"},{"taxonomy":"post_tag","embeddable":true,"href":"https:\/\/www.smiledesigncenter.hu\/sk\/wp-json\/wp\/v2\/tags?post=6241"}],"curies":[{"name":"wp","href":"https:\/\/api.w.org\/{rel}","templated":true}]}}