{"id":6290,"date":"2019-11-28T14:03:31","date_gmt":"2019-11-28T14:03:31","guid":{"rendered":"https:\/\/www.smiledesigncenter.hu\/?p=6290"},"modified":"2019-11-28T14:03:31","modified_gmt":"2019-11-28T14:03:31","slug":"idos-korban-ilyen-allapotban-lesznek-a-fogaink","status":"publish","type":"post","link":"https:\/\/www.smiledesigncenter.hu\/sk\/2019\/11\/28\/idos-korban-ilyen-allapotban-lesznek-a-fogaink\/","title":{"rendered":"Id\u0151s korban ilyen \u00e1llapotban lesznek a fogaink"},"content":{"rendered":"<!-- Facebook Like Button Vivacity Infotech BEGIN -->\n<div class=\"fb-like\" data-href=\"https:\/\/www.smiledesigncenter.hu\/sk\/2019\/11\/28\/idos-korban-ilyen-allapotban-lesznek-a-fogaink\/\" data-layout=\"standard\" data-action=\"recommend\" data-show-faces=\"false\" data-size=\"small\" data-width=\"450\" data-share=\"1\" ><\/div>\n<!-- Facebook Like Button Vivacity Infotech END -->\n<p>Sajnos b\u00e1tran kijelenthetj\u00fck, hogy a mai rohan\u00f3 vil\u00e1gban az ember jogosan \u00e9rezheti \u00fagy, hogy egy 2-3 perces fogmos\u00e1sra is alig marad ideje, legyen sz\u00f3 a reggeli, vagy az esti k\u00e9sz\u00fcl\u0151d\u00e9sr\u0151l. Egy kapkod\u00f3s reggelen, mikor azon izgulunk, hogy oda tudunk-e id\u0151be \u00e9rni a munkahely\u00fcnkre, k\u00f6nnyen lehet, hogy a fogmos\u00e1s nem is tart tov\u00e1bb f\u00e9l percn\u00e9l. \u00dagy vagyunk vele, hogy nem ezen az egy alkalmon fog m\u00falni a fogaink eg\u00e9szs\u00e9ge, majd legk\u00f6zelebb megmossuk alaposabban.<!--more--><\/p>\n<p>De val\u00f3ban j\u00f3 gondolkod\u00e1s ez? Illetve fontos k\u00e9rd\u00e9s m\u00e9g, hogy ez a kapkod\u00f3s, gyors fogmos\u00e1s t\u00e9nyleg csak ritka esetekben fordul el\u0151, vagy m\u00e1r ez az \u00e1tlagos n\u00e1lunk? Sokan sajnos \u00fagy gondolj\u00e1k, hogy b\u00e1rmennyire alaposan \u00e1polj\u00e1k a fogaikat, val\u00f3j\u00e1ban nem is ezen fog m\u00falni azoknak eg\u00e9szs\u00e9ge, \u00e9s az id\u0151skori fogveszt\u00e9s ellen nem is tudunk mit tenni.<\/p>\n<h3>A magyar emberek fogai nagyon rossz \u00e1llapotban vannak<\/h3>\n<p>Az elv\u00e9gzett sz\u00e1jhigi\u00e9ni\u00e1val kapcsolatos nemzetk\u00f6zi felm\u00e9r\u00e9sek nagyon rossz eredm\u00e9nyekre der\u00fclt nemr\u00e9giben f\u00e9ny. A helyzet aggaszt\u00f3, \u00e9s erre \u00fajra \u00e9s \u00fajra fel kell h\u00edvni az emberek figyelm\u00e9t: a vil\u00e1g lakoss\u00e1g\u00e1nak sajnos nagyon nagy r\u00e9sze igen kev\u00e9s id\u0151t \u00e9s energi\u00e1t sz\u00e1n fogai tiszt\u00edt\u00e1s\u00e1ra \u00e9s v\u00e9delm\u00e9re. Ez lehet az oka annak is, hogy nek\u00fcnk, magyaroknak is nagyon rossz \u00e1llapotban vannak a fogaink.<\/p>\n<p>A hazai fog\u00e1pol\u00e1si szok\u00e1sokr\u00f3l is k\u00e9sz\u00fclt egy \u00f6sszes\u00edt\u00e9s, melyb\u0151l kider\u00fclt, hogy b\u00e1r elm\u00e9leti szinten minden ember pontosan tudja, hogy milyen eszk\u00f6z\u00f6kkel, mennyi id\u0151n kereszt\u00fcl, naponta h\u00e1ny alkalommal k\u00e9ne elv\u00e9geznie a fog\u00e1pol\u00e1st, a megval\u00f3s\u00edt\u00e1sban m\u00e9gis nagyon sokszor valamilyen hiba cs\u00faszik be. Pontosan ez az oka annak, hogy a magyar emberek sz\u00e1j\u00e1ban rengeteg szuvas fog b\u00fajik meg, \u00e9s \u00e1tlagosan a magyar feln\u0151ttek fogsor\u00e1b\u00f3l ak\u00e1r 8-10 fog is hi\u00e1nyozhat. Ezzel p\u00e1rhuzamosan m\u00e9gis elmondhat\u00f3 az is, hogy a fog\u00e1szati technol\u00f3gi\u00e1knak k\u00f6sz\u00f6nhet\u0151en egyre t\u00f6bb id\u0151sebb ember tudja megtartani manaps\u00e1g az eredeti fogsor\u00e1t, \u00e9s mosoly\u00e1t.<\/p>\n<h3>Mi t\u00f6rt\u00e9nik a fogzom\u00e1nccal az \u00e9vek alatt?<\/h3>\n<p>A fogzom\u00e1nc test\u00fcnk egyik legkem\u00e9nyebb \u00e9s legellen\u00e1ll\u00f3bb r\u00e9sze. Gondoljunk csak bele, hogy a zom\u00e1ncot minden egyes nap kitessz\u00fck olyan k\u00e1ros hat\u00e1soknak (mint p\u00e9ld\u00e1ul a magas cukortartalm\u00fa \u00e9telek \u00e9s italok, illetve a sz\u00e9nsavas \u00fcd\u00edt\u0151k fogyaszt\u00e1sa), melyek folyamatosan roncsolj\u00e1k a fogainkat \u00e9s a fogzom\u00e1ncot. Emellett egy friss felm\u00e9r\u00e9sb\u0151l kider\u00fclt az is, hogy mi magyarok valami\u00e9rt szeretj\u00fck ker\u00fclni a fogorvosokat, \u00e9s csak nagyon ritk\u00e1n j\u00e1runk el a fog\u00e1szati kontroll vizsg\u00e1latokra. Fogaink \u00e9s a rajta l\u00e9v\u0151 fogzom\u00e1nc pedig folyamatosan ig\u00e9nybe van v\u00e9ve, \u00e9s mi m\u00e9gsem vigy\u00e1zunk r\u00e1 el\u00e9gg\u00e9.<\/p>\n<p><img decoding=\"async\" loading=\"lazy\" class=\"aligncenter size-large wp-image-6293\" src=\"https:\/\/www.smiledesigncenter.hu\/wp-content\/uploads\/2019\/11\/idoskori-1024x588.jpg\" alt=\"\" width=\"1024\" height=\"588\" srcset=\"https:\/\/www.smiledesigncenter.hu\/wp-content\/uploads\/2019\/11\/idoskori-1024x588.jpg 1024w, https:\/\/www.smiledesigncenter.hu\/wp-content\/uploads\/2019\/11\/idoskori-300x172.jpg 300w, https:\/\/www.smiledesigncenter.hu\/wp-content\/uploads\/2019\/11\/idoskori-768x441.jpg 768w, https:\/\/www.smiledesigncenter.hu\/wp-content\/uploads\/2019\/11\/idoskori.jpg 1140w\" sizes=\"(max-width: 1024px) 100vw, 1024px\" \/><\/p>\n<h3>Mi lesz a fogainkkal id\u0151s korunkban?<\/h3>\n<p>A feln\u0151ttkori fogvesztes\u00e9g nem ritka dolog, sajnos nagyon sok embert \u00e9rint. K\u00e9t leggyakoribb oka a fogszuvasod\u00e1s, illetve a fog\u00ednygyullad\u00e1s a p\u00e1ciensekn\u00e9l. Nagy r\u00e9szben mindk\u00e9t probl\u00e9ma a nem megfelel\u0151 sz\u00e1jhigi\u00e9nia alakult ki, melyre valami\u00e9rt egyszer\u0171en sajn\u00e1lunk elegend\u0151 id\u0151t, energi\u00e1t \u00e9s p\u00e9nzt szentelni. Pedig \u00e9rdemes lenne legal\u00e1bb 3 havonta lecser\u00e9lni a fogkef\u00e9nket, \u00e9s ilyenkor olyan puha, vagy extra puha s\u00f6rt\u00e9vel ell\u00e1tott fogkef\u00e9t k\u00e9ne v\u00e1s\u00e1rolni, mely k\u00edm\u00e9letesen b\u00e1nik a fogainkkal, \u00e9s nem s\u00e9rti fel az \u00e9rz\u00e9keny fog\u00ednyt sem fogmos\u00e1s k\u00f6zben.<\/p>\n<p>A fogkr\u00e9m \u00e9s a fogselyem haszn\u00e1lata is rendk\u00edv\u00fcl fontos, a fog\u00e1szati kontroll vizsg\u00e1lat pedig egy hossz\u00fa t\u00e1v\u00fa befektet\u00e9s, err\u0151l azonban legink\u00e1bb azok az emberek tudnak besz\u00e9lni, akik igen nagy \u00f6sszegeket kifizettek az\u00e9rt, hogy mosolyuk \u00fajra sz\u00e9p legyen, koron\u00e1k \u00e9s <a href=\"https:\/\/www.smiledesigncenter.hu\/sk\/zubny-implantat-podrobnosti-a-ceny-osadzovania-v-nyiregyhaze\/\" target=\"_blank\" rel=\"noopener noreferrer\">implant\u00e1tumok<\/a> seg\u00edts\u00e9g\u00e9vel. Fogaink roml\u00e1s\u00e1nak megel\u0151z\u00e9sek\u00e9nt \u00e9rdemes lenne id\u0151nk\u00e9nt <a href=\"https:\/\/www.smiledesigncenter.hu\/sk\/odstranenie-zubneho-kamena\/\" target=\"_blank\" rel=\"noopener noreferrer\">fogk\u0151elt\u00e1vol\u00edt\u00e1s<\/a> c\u00e9lj\u00e1b\u00f3l ell\u00e1togatni a fogorvosunkhoz is, hiszen ezzel ak\u00e1r a k\u00e9s\u0151bbi fogszuvasod\u00e1st is meg tudn\u00e1nk akad\u00e1lyozni.<\/p>\n<p>Az igaz, hogy a fogszuvasod\u00e1s lehet \u00f6r\u00f6kletes dolog is, de m\u00e9gis leggyakrabban az elhanyagolt fog\u00e1pol\u00e1s miatt alakul ki a legt\u00f6bb p\u00e1ciens eset\u00e9ben. Ez pedig nincs m\u00e1sk\u00e9nt az \u00ednygyullad\u00e1s eset\u00e9ben sem. A k\u00fcl\u00f6nb\u00f6z\u0151 leped\u00e9kekben tany\u00e1z\u00f3 bakt\u00e9riumok okozz\u00e1k ezeket a gyullad\u00e1sokat, \u00edgy min\u00e9l hanyagabbul v\u00e9gezz\u00fck el a fog\u00e1pol\u00e1st, min\u00e9l kevesebbszer t\u00e1vol\u00edtjuk el a fogainkr\u00f3l a lerak\u00f3dott leped\u00e9keket, ann\u00e1l nagyobb az es\u00e9lye, hogy kialakul n\u00e1lunk is az igen kellemetlen \u00e9s f\u00e1j\u00f3 \u00ednygyullad\u00e1s.<\/p>\n<p>Sokan m\u00e9gis szeretnek arra hivatkozni, hogy az\u00e9rt rosszak a fogai, mert a sz\u00fcleinek \u00e9s a nagysz\u00fcleinek is az volt. Term\u00e9szetesen mint sok minden m\u00e1st, a fogaink \u00e1llapot\u00e1t is tudja befoly\u00e1solni az, hogy milyen g\u00e9neket hozunk felmen\u0151inkt\u0151l, de ha tudjuk, hogy sz\u00fcleinknek mindig rosszak voltak a fogai, akkor m\u00e9g ink\u00e1bb pr\u00f3b\u00e1ljunk meg odafigyelni a helyes fog\u00e1pol\u00e1sra \u00e9s \u00f3vjuk fogainkat a k\u00fcl\u00f6nb\u00f6z\u0151 negat\u00edv hat\u00e1sokt\u00f3l.<\/p>\n<p>Sajnos sok m\u00falik azon is, hogy milyen \u00e9teleket \u00e9s italokat fogyasztunk, illetve sok feln\u0151tt a mai napig nem tudja, hogy pontosan milyen technik\u00e1val kell helyesen fogat mosni. Rengetegen m\u00e9g mindig abban hisznek, hogy min\u00e9l durv\u00e1bban sik\u00e1lj\u00e1k a fogsorukat, ann\u00e1l tiszt\u00e1bb lesz, illetve ilyenkor gyakran olyan fogkef\u00e9t is haszn\u00e1lnak, mely kem\u00e9ny s\u00f6rt\u00e9j\u0171. Ilyenkor v\u00e9rezhet az \u00edny\u00fcnk, \u00e9s fogunk is \u00e9rz\u00e9kenyebb lehet egy id\u0151 ut\u00e1n, hiszen az extra er\u0151s sik\u00e1l\u00e1s miatt elkezdj\u00fck elkoptatni a fogainkat v\u00e9d\u0151 fogzom\u00e1ncot, s\u0151t az ilyen helytelen fogmos\u00e1s miatt kialakulhat n\u00e1lunk ak\u00e1r a fog\u00ednysorvad\u00e1s is.<\/p>\n<p>Azt is \u00e9szben kell tartanunk, hogy sz\u00fcl\u0151k\u00e9nt a mi felel\u0151ss\u00e9g\u00fcnk az, hogy <a href=\"https:\/\/www.smiledesigncenter.hu\/sk\/2019\/04\/24\/ne-csak-akkor-vigyuk-gyermekeinket-fogorvoshoz-ha-mar-baj-van\/\" target=\"_blank\" rel=\"noopener noreferrer\">gyermekink fogai<\/a> milyen \u00e1llapotban vannak. Nem szabad elhanyagolni a tejfogak \u00e1pol\u00e1s\u00e1t se \u00e9s a fogmos\u00e1st j\u00f3 min\u00e9l kisebb korban megszerettetni a gyermekekkel, hiszen \u00edgy v\u00e9g\u00fcl egy teljesen term\u00e9szetes szok\u00e1ss\u00e1 fog n\u00e1luk v\u00e1lni. Rengeteg t\u00edpus\u00fa gyermek fogkefe \u00e9s fogkr\u00e9m k\u00f6z\u00fcl tudunk v\u00e1lasztani, tal\u00e1n a legjobb, ha a gyermek maga kiv\u00e1laszthatja azt az eszk\u00f6zt, mellyel sz\u00edvesen lenne kedve fogait rendszeresen tiszt\u00e1ra mosni.<\/p>\n<p>C\u00e9lszer\u0171 nem csak megtan\u00edtani neki, hogyan mosson fogat, hanem el is magyar\u00e1zni neki, hogy ez mi\u00e9rt fontos. Ha egy id\u0151 ut\u00e1n egyszer\u0171en r\u00e1unna a hagyom\u00e1nyos fogmos\u00e1sra, akkor meglephetj\u00fck egy igazi nagyfi\u00fas vagy nagyl\u00e1nyos, gyerekeknek kifejlesztett elektromos fogkef\u00e9vel is, mellyel m\u00e9g alaposabb tud lenni fogmos\u00e1skor.<\/p>","protected":false},"excerpt":{"rendered":"<p>Sajnos b\u00e1tran kijelenthetj\u00fck, hogy a mai rohan\u00f3 vil\u00e1gban az ember jogosan \u00e9rezheti \u00fagy, hogy egy 2-3 perces fogmos\u00e1sra is alig marad ideje, legyen sz\u00f3 a reggeli, vagy az esti k\u00e9sz\u00fcl\u0151d\u00e9sr\u0151l. Egy kapkod\u00f3s reggelen, mikor azon izgulunk, hogy oda tudunk-e id\u0151be \u00e9rni a munkahely\u00fcnkre<\/p>","protected":false},"author":3,"featured_media":6293,"comment_status":"closed","ping_status":"closed","sticky":false,"template":"","format":"standard","meta":{"footnotes":"","_joinchat":[]},"categories":[46],"tags":[],"acf":[],"aioseo_notices":[],"_links":{"self":[{"href":"https:\/\/www.smiledesigncenter.hu\/sk\/wp-json\/wp\/v2\/posts\/6290"}],"collection":[{"href":"https:\/\/www.smiledesigncenter.hu\/sk\/wp-json\/wp\/v2\/posts"}],"about":[{"href":"https:\/\/www.smiledesigncenter.hu\/sk\/wp-json\/wp\/v2\/types\/post"}],"author":[{"embeddable":true,"href":"https:\/\/www.smiledesigncenter.hu\/sk\/wp-json\/wp\/v2\/users\/3"}],"replies":[{"embeddable":true,"href":"https:\/\/www.smiledesigncenter.hu\/sk\/wp-json\/wp\/v2\/comments?post=6290"}],"version-history":[{"count":3,"href":"https:\/\/www.smiledesigncenter.hu\/sk\/wp-json\/wp\/v2\/posts\/6290\/revisions"}],"predecessor-version":[{"id":6294,"href":"https:\/\/www.smiledesigncenter.hu\/sk\/wp-json\/wp\/v2\/posts\/6290\/revisions\/6294"}],"wp:featuredmedia":[{"embeddable":true,"href":"https:\/\/www.smiledesigncenter.hu\/sk\/wp-json\/wp\/v2\/media\/6293"}],"wp:attachment":[{"href":"https:\/\/www.smiledesigncenter.hu\/sk\/wp-json\/wp\/v2\/media?parent=6290"}],"wp:term":[{"taxonomy":"category","embeddable":true,"href":"https:\/\/www.smiledesigncenter.hu\/sk\/wp-json\/wp\/v2\/categories?post=6290"},{"taxonomy":"post_tag","embeddable":true,"href":"https:\/\/www.smiledesigncenter.hu\/sk\/wp-json\/wp\/v2\/tags?post=6290"}],"curies":[{"name":"wp","href":"https:\/\/api.w.org\/{rel}","templated":true}]}}