{"id":6559,"date":"2020-03-11T22:34:08","date_gmt":"2020-03-11T22:34:08","guid":{"rendered":"https:\/\/www.smiledesigncenter.hu\/?p=6559"},"modified":"2020-03-11T22:34:08","modified_gmt":"2020-03-11T22:34:08","slug":"fogzas-para","status":"publish","type":"post","link":"https:\/\/www.smiledesigncenter.hu\/sk\/2020\/03\/11\/fogzas-para\/","title":{"rendered":"Fogz\u00e1s para"},"content":{"rendered":"<!-- Facebook Like Button Vivacity Infotech BEGIN -->\n<div class=\"fb-like\" data-href=\"https:\/\/www.smiledesigncenter.hu\/sk\/2020\/03\/11\/fogzas-para\/\" data-layout=\"standard\" data-action=\"recommend\" data-show-faces=\"false\" data-size=\"small\" data-width=\"450\" data-share=\"1\" ><\/div>\n<!-- Facebook Like Button Vivacity Infotech END -->\n<p>Mindannyian retteg\u00fcnk, rettegt\u00fcnk ett\u0151l a korszakt\u00f3l a gyerekkel. A tapasztaltak el\u0151vet\u00edtik, hogy akkor lesz csak igaz\u00e1n v\u00e9ge a vil\u00e1gnak\u2026 Se alv\u00e1s, se nyugalom, csak a l\u00e1z, a v\u00e9gel\u00e1thatatlan zokog\u00e1s, \u00e9s f\u00e1jdalom, melyet a f\u00e1radts\u00e1g er\u0151sen fejel meg n\u00e9h\u00e1ny napon bel\u00fcl, \u00e9s \u00f6r\u00fclhet\u00fcnk, ha nem megy t\u00f6nkre a kapcsolatunk ebbe a megpr\u00f3b\u00e1ltat\u00e1sba.<br \/>\nN\u00e9zz\u00fck szakmai szemmel, mire kell hogy figyeljetek.<br \/>\nEgy biztos, 20-ig kell sz\u00e1molnunk. a 20. tejfog kib\u00faj\u00e1s\u00e1t k\u00f6vet\u0151en mondhatjuk, hogy befejez\u0151d\u00f6tt a folyamat. 3-10 h\u00f3napos kor k\u00f6z\u00f6tt rendeltetik a START. Ez nagyon v\u00e1ltoz\u00f3, ki kell v\u00e1rni, de enn\u00e9l tov\u00e1bb nem \u00e9rdemes t\u0171k\u00f6n \u00fclni, el kell l\u00e1togatni szakemberhez, ha m\u00e9g semmi jele fogcs\u00edr\u00e1nak.<\/p>\n<p><img decoding=\"async\" loading=\"lazy\" src=\"https:\/\/www.smiledesigncenter.hu\/wp-content\/uploads\/2020\/03\/03_09_photosmile.jpg\" alt=\"\" width=\"1280\" height=\"903\" class=\"aligncenter size-full wp-image-6560\" srcset=\"https:\/\/www.smiledesigncenter.hu\/wp-content\/uploads\/2020\/03\/03_09_photosmile.jpg 1280w, https:\/\/www.smiledesigncenter.hu\/wp-content\/uploads\/2020\/03\/03_09_photosmile-300x212.jpg 300w, https:\/\/www.smiledesigncenter.hu\/wp-content\/uploads\/2020\/03\/03_09_photosmile-1024x722.jpg 1024w, https:\/\/www.smiledesigncenter.hu\/wp-content\/uploads\/2020\/03\/03_09_photosmile-768x542.jpg 768w, https:\/\/www.smiledesigncenter.hu\/wp-content\/uploads\/2020\/03\/03_09_photosmile-370x260.jpg 370w\" sizes=\"(max-width: 1280px) 100vw, 1280px\" \/><\/p>\n<p>A t\u00fcnetek annyi minden m\u00e1sra is utalhatnak, hogy nem \u00e9rdemesek eml\u00edt\u00e9sre. K\u00e9t olyan jellemz\u0151je van a fogz\u00e1snak, amelyre \u00e9rdemes adni, ez pedig a fokozott ny\u00e1lz\u00e1s, r\u00e1g\u00e1si k\u00e9nyszer, valamint a feh\u00e9r, duzzadt \u00edgy. B\u00e1r ut\u00f3bbi szint\u00e9n utalhat m\u00e1sra, megijedni nem kell, ha bizonytalanok vagyunk, keress\u00fcnk meg egy szakembert, \u00e9s k\u00e9rj\u00fcnk meger\u0151s\u00edt\u00e9st.<br \/>\nTekintve, hogy ez a folyamat t\u00e9nyleges nagy f\u00e1jdalommal j\u00e1rhat, \u00e9rdemes gumis babafogkef\u00e9vel \u00f3vatosan massz\u00edrozni az \u00edny azon r\u00e9sz\u00e9t, esetleg erre megfelel\u0151 g\u00e9llel, oldattal f\u00e1jdalomcsillap\u00edt\u00e1st eszk\u00f6z\u00f6lni.<\/p>\n<p>Tartsatok ki, \u00e9s nyugodjatok meg, az \u00fajsz\u00fcl\u00f6tteket \u00fagy tervezt\u00e9k, hogy kib\u00edrj\u00e1k a kezd\u0151 sz\u00fcl\u0151kkel egy\u00fctt ezt az id\u0151szakot is! \ud83d\ude09<\/p>","protected":false},"excerpt":{"rendered":"<p>Mindannyian retteg\u00fcnk, rettegt\u00fcnk ett\u0151l a korszakt\u00f3l a gyerekkel. A tapasztaltak el\u0151vet\u00edtik, hogy akkor lesz csak igaz\u00e1n v\u00e9ge a vil\u00e1gnak\u2026 Se alv\u00e1s, se nyugalom, csak a l\u00e1z, a v\u00e9gel\u00e1thatatlan zokog\u00e1s, \u00e9s f\u00e1jdalom, melyet a f\u00e1radts\u00e1g er\u0151sen fejel meg n\u00e9h\u00e1ny napon bel\u00fcl, \u00e9s \u00f6r\u00fclhet\u00fcnk, ha nem megy t\u00f6nkre a kapcsolatunk ebbe a megpr\u00f3b\u00e1ltat\u00e1sba. N\u00e9zz\u00fck szakmai szemmel, mire<a class=\"moretag\" href=\"https:\/\/www.smiledesigncenter.hu\/sk\/templatera\/a-tokeletes-mosolyhoz-csak-egy-idopont-foglalas-hianyzik\/\"> \u2026Pokra\u010dova\u0165 v \u010dl\u00e1nku\u2026<\/a><\/p>","protected":false},"author":2,"featured_media":6560,"comment_status":"closed","ping_status":"closed","sticky":false,"template":"","format":"standard","meta":{"footnotes":"","_joinchat":[]},"categories":[46],"tags":[],"acf":[],"aioseo_notices":[],"_links":{"self":[{"href":"https:\/\/www.smiledesigncenter.hu\/sk\/wp-json\/wp\/v2\/posts\/6559"}],"collection":[{"href":"https:\/\/www.smiledesigncenter.hu\/sk\/wp-json\/wp\/v2\/posts"}],"about":[{"href":"https:\/\/www.smiledesigncenter.hu\/sk\/wp-json\/wp\/v2\/types\/post"}],"author":[{"embeddable":true,"href":"https:\/\/www.smiledesigncenter.hu\/sk\/wp-json\/wp\/v2\/users\/2"}],"replies":[{"embeddable":true,"href":"https:\/\/www.smiledesigncenter.hu\/sk\/wp-json\/wp\/v2\/comments?post=6559"}],"version-history":[{"count":2,"href":"https:\/\/www.smiledesigncenter.hu\/sk\/wp-json\/wp\/v2\/posts\/6559\/revisions"}],"predecessor-version":[{"id":6562,"href":"https:\/\/www.smiledesigncenter.hu\/sk\/wp-json\/wp\/v2\/posts\/6559\/revisions\/6562"}],"wp:featuredmedia":[{"embeddable":true,"href":"https:\/\/www.smiledesigncenter.hu\/sk\/wp-json\/wp\/v2\/media\/6560"}],"wp:attachment":[{"href":"https:\/\/www.smiledesigncenter.hu\/sk\/wp-json\/wp\/v2\/media?parent=6559"}],"wp:term":[{"taxonomy":"category","embeddable":true,"href":"https:\/\/www.smiledesigncenter.hu\/sk\/wp-json\/wp\/v2\/categories?post=6559"},{"taxonomy":"post_tag","embeddable":true,"href":"https:\/\/www.smiledesigncenter.hu\/sk\/wp-json\/wp\/v2\/tags?post=6559"}],"curies":[{"name":"wp","href":"https:\/\/api.w.org\/{rel}","templated":true}]}}