{"id":6583,"date":"2020-05-06T09:55:06","date_gmt":"2020-05-06T09:55:06","guid":{"rendered":"https:\/\/www.smiledesigncenter.hu\/?p=6583"},"modified":"2020-05-06T09:55:06","modified_gmt":"2020-05-06T09:55:06","slug":"fogfeheritesi-tevhitek","status":"publish","type":"post","link":"https:\/\/www.smiledesigncenter.hu\/sk\/2020\/05\/06\/fogfeheritesi-tevhitek\/","title":{"rendered":"Fogfeh\u00e9r\u00edt\u00e9si t\u00e9vhitek"},"content":{"rendered":"<!-- Facebook Like Button Vivacity Infotech BEGIN -->\n<div class=\"fb-like\" data-href=\"https:\/\/www.smiledesigncenter.hu\/sk\/2020\/05\/06\/fogfeheritesi-tevhitek\/\" data-layout=\"standard\" data-action=\"recommend\" data-show-faces=\"false\" data-size=\"small\" data-width=\"450\" data-share=\"1\" ><\/div>\n<!-- Facebook Like Button Vivacity Infotech END -->\n<p>A fogfeh\u00e9r\u00edt\u00e9s sor\u00e1n is voltak \u00e9s vannak sz\u00e1mos h\u00e1zi praktik\u00e1k, amiket bevetettek a feh\u00e9rebb fogak \u00e9rdek\u00e9ben, \u00e1m ezek nem minden esetben bizonyulnak a legjobb d\u00f6nt\u00e9snek.<\/p>\n<ol>\n<li>Sz\u00f3dabikarb\u00f3na<\/li>\n<\/ol>\n<p>A fogfeh\u00e9r\u00edt\u00e9s t\u00e9vhitek egyike, hogy a sz\u00f3dabikarb\u00f3na j\u00f3 fogfeh\u00e9r\u00edt\u0151. A leggyakrabban haszn\u00e1lt otthoni fogfeh\u00e9r\u00edt\u00e9s m\u00f3dszer val\u00f3ban a sz\u00f3dabikarb\u00f3n\u00e1s d\u00f6rzs\u00f6l\u00e9s volt. N\u00e9h\u00e1ny \u00e9vtizeddel ezel\u0151tt m\u00e9g a fogporba is beletett\u00e9k adal\u00e9kanyagk\u00e9nt, a fogfeh\u00e9r\u00edt\u00e9s el\u0151seg\u00edt\u00e9sek\u00e9nt. A sz\u00f3dabikarb\u00f3na val\u00f3j\u00e1ban sikeresnek volt mondhat\u00f3, a fogfeh\u00e9r\u00edt\u00e9s val\u00f3ban megt\u00f6rt\u00e9nt, \u00e1m s\u00falyos k\u00e1rokat okozott a fogakon. A fogfeh\u00e9r\u00edt\u00e9s sor\u00e1n a sz\u00f3dabikarb\u00f3na fel\u00e9rdes\u00edtette a fogfelsz\u00ednt, f\u0151k\u00e9nt, ha valaki nagyon gyakran haszn\u00e1lta, \u00edgy az \u00e9rdes felsz\u00ednen k\u00e9s\u0151bb sokkal k\u00f6nnyebben megtapadtak a szennyez\u0151d\u00e9sek, \u00e9telmarad\u00e9kok. Az elsz\u00ednez\u0151d\u00e9s sokkal nagyobb m\u00e9reteket \u00f6lt\u00f6tt, mint a fogfeh\u00e9r\u00edt\u00e9s el\u0151tt. Tal\u00e1n innen erednek azok a fogfeh\u00e9r\u00edt\u00e9s t\u00e9vhitek, hogy fogfeh\u00e9r\u00edt\u00e9s ut\u00e1n sokkal er\u0151teljesebb lesz az elsz\u00ednez\u0151d\u00e9s \u00e9s egyre gyakrabban lesz sz\u00fcks\u00e9g fogfeh\u00e9r\u00edt\u00e9s elj\u00e1r\u00e1sra.<\/p>\n<ol start=\"2\">\n<li>Savas anyagok<\/li>\n<\/ol>\n<p>Voltak k\u00fcl\u00f6nb\u00f6z\u0151 savas anyagok, melyeket az emberek saj\u00e1t felel\u0151ss\u00e9gre haszn\u00e1ltak fogfeh\u00e9r\u00edt\u00e9s gyan\u00e1nt. Ilyen p\u00e9ld\u00e1ul a citrom-sz\u00f3dabikarb\u00f3na vagy az eper-sz\u00f3dabikarb\u00f3na kever\u00e9ke. Ezekkel viszont az a probl\u00e9ma, ha nem tal\u00e1ljuk el a m\u00e9rt\u00e9ket a sav nem csak az elsz\u00ednez\u0151d\u00e9st marja le a fogainkr\u00f3l, hanem oldj\u00e1k azok \u00e1sv\u00e1nyi anyag\u00e1t is, ami elk\u00e9peszt\u0151 roncsol\u00f3d\u00e1shoz vezet.<\/p>\n<ol start=\"3\">\n<li>Fogfeh\u00e9r\u00edt\u00e9s ban\u00e1nnal<\/li>\n<\/ol>\n<p>A ban\u00e1n \u00e9s annak h\u00e9ja k\u00fcl\u00f6n\u00f6sen gazdag k\u00e1liumban \u00e9s magn\u00e9ziumban. A fogfelsz\u00edn ban\u00e1nh\u00e9jjal t\u00f6rt\u00e9n\u0151 d\u00f6rzs\u00f6l\u00e9se optikailag feh\u00e9r\u00edti a fogakat. T\u00e9ny, hogy ezzel a k\u00far\u00e1val nem \u00e1rtunk a fognak, \u00e1m ne rem\u00e9lj\u00fck, hogy olyan min\u0151s\u00e9gi v\u00e1ltoz\u00e1st okoz, mintha szakrendel\u0151ben feh\u00e9r\u00edten\u00e9nk fogainkat.<\/p>\n<p>A fenti m\u00f3dszerek, ha nem is mindegyik egy\u00e9rtelm\u0171en k\u00e1ros\u00edtj\u00e1k a fogakat, \u00edgy nem aj\u00e1nlott, hogy ezekhez a technik\u00e1khoz folyamodjon.<\/p>\n<p>Fontos megjegyezni, hogy a fogfeh\u00e9r\u00edt\u00e9st csak \u00e9p \u00e9s eg\u00e9szs\u00e9ges, valamint \u00e9l\u0151 fogakon v\u00e9gzik.<\/p>\n<p>A koron\u00e1k, hidak, t\u00f6m\u00e9sek feh\u00e9r\u00edt\u00e9se nem lehets\u00e9ges.<\/p>\n<p>&nbsp;<\/p>\n<p>Ha b\u00e1rmilyen k\u00e9rd\u00e9se van, a t\u00e9m\u00e1val kapcsolatban keressen minket bizalommal.<\/p>\n<p>&nbsp;<\/p>","protected":false},"excerpt":{"rendered":"<p>A fogfeh\u00e9r\u00edt\u00e9s sor\u00e1n is voltak \u00e9s vannak sz\u00e1mos h\u00e1zi praktik\u00e1k, amiket bevetettek a feh\u00e9rebb fogak \u00e9rdek\u00e9ben, \u00e1m ezek nem minden esetben bizonyulnak a legjobb d\u00f6nt\u00e9snek. Sz\u00f3dabikarb\u00f3na A fogfeh\u00e9r\u00edt\u00e9s t\u00e9vhitek egyike, hogy a sz\u00f3dabikarb\u00f3na j\u00f3 fogfeh\u00e9r\u00edt\u0151. A leggyakrabban haszn\u00e1lt otthoni fogfeh\u00e9r\u00edt\u00e9s m\u00f3dszer val\u00f3ban a sz\u00f3dabikarb\u00f3n\u00e1s d\u00f6rzs\u00f6l\u00e9s volt. N\u00e9h\u00e1ny \u00e9vtizeddel ezel\u0151tt m\u00e9g a fogporba is beletett\u00e9k adal\u00e9kanyagk\u00e9nt,<a class=\"moretag\" href=\"https:\/\/www.smiledesigncenter.hu\/sk\/templatera\/a-tokeletes-mosolyhoz-csak-egy-idopont-foglalas-hianyzik\/\"> \u2026Pokra\u010dova\u0165 v \u010dl\u00e1nku\u2026<\/a><\/p>","protected":false},"author":2,"featured_media":6584,"comment_status":"closed","ping_status":"closed","sticky":false,"template":"","format":"standard","meta":{"footnotes":"","_joinchat":[]},"categories":[46],"tags":[],"acf":[],"aioseo_notices":[],"_links":{"self":[{"href":"https:\/\/www.smiledesigncenter.hu\/sk\/wp-json\/wp\/v2\/posts\/6583"}],"collection":[{"href":"https:\/\/www.smiledesigncenter.hu\/sk\/wp-json\/wp\/v2\/posts"}],"about":[{"href":"https:\/\/www.smiledesigncenter.hu\/sk\/wp-json\/wp\/v2\/types\/post"}],"author":[{"embeddable":true,"href":"https:\/\/www.smiledesigncenter.hu\/sk\/wp-json\/wp\/v2\/users\/2"}],"replies":[{"embeddable":true,"href":"https:\/\/www.smiledesigncenter.hu\/sk\/wp-json\/wp\/v2\/comments?post=6583"}],"version-history":[{"count":1,"href":"https:\/\/www.smiledesigncenter.hu\/sk\/wp-json\/wp\/v2\/posts\/6583\/revisions"}],"predecessor-version":[{"id":6585,"href":"https:\/\/www.smiledesigncenter.hu\/sk\/wp-json\/wp\/v2\/posts\/6583\/revisions\/6585"}],"wp:featuredmedia":[{"embeddable":true,"href":"https:\/\/www.smiledesigncenter.hu\/sk\/wp-json\/wp\/v2\/media\/6584"}],"wp:attachment":[{"href":"https:\/\/www.smiledesigncenter.hu\/sk\/wp-json\/wp\/v2\/media?parent=6583"}],"wp:term":[{"taxonomy":"category","embeddable":true,"href":"https:\/\/www.smiledesigncenter.hu\/sk\/wp-json\/wp\/v2\/categories?post=6583"},{"taxonomy":"post_tag","embeddable":true,"href":"https:\/\/www.smiledesigncenter.hu\/sk\/wp-json\/wp\/v2\/tags?post=6583"}],"curies":[{"name":"wp","href":"https:\/\/api.w.org\/{rel}","templated":true}]}}