{"id":6590,"date":"2020-05-13T13:12:34","date_gmt":"2020-05-13T13:12:34","guid":{"rendered":"https:\/\/www.smiledesigncenter.hu\/?p=6590"},"modified":"2020-05-13T13:19:55","modified_gmt":"2020-05-13T13:19:55","slug":"erdekessegek","status":"publish","type":"post","link":"https:\/\/www.smiledesigncenter.hu\/sk\/2020\/05\/13\/erdekessegek\/","title":{"rendered":"\u00c9rdekess\u00e9gek"},"content":{"rendered":"<!-- Facebook Like Button Vivacity Infotech BEGIN -->\n<div class=\"fb-like\" data-href=\"https:\/\/www.smiledesigncenter.hu\/sk\/2020\/05\/13\/erdekessegek\/\" data-layout=\"standard\" data-action=\"recommend\" data-show-faces=\"false\" data-size=\"small\" data-width=\"450\" data-share=\"1\" ><\/div>\n<!-- Facebook Like Button Vivacity Infotech END -->\n<p>A mai blogbejegyz\u00e9sben \u00f6sszeszedt\u00fcnk p\u00e1r \u00e9rdekes dolgot a fogakr\u00f3l, fog\u00e1pol\u00e1sr\u00f3l.<\/p>\n<p>Akit kicsit is \u00e9rdekel a fog\u00e1pol\u00e1s annak remek olvasm\u00e1ny lesz a karant\u00e9n idej\u00e9n.<\/p>\n<p>V\u00e1gjunk is bele: Tudtad-e,<\/p>\n<ul>\n<li>hogy a vil\u00e1g els\u0151 fogorvosa, akinek az ut\u00f3kor ismeri a nev\u00e9t, az i. e. 27. sz\u00e1zadban, Dzs\u00f3szer f\u00e1ra\u00f3 uralkod\u00e1sa alatt tev\u00e9kenyked\u0151 Hesi-Re volt.<\/li>\n<\/ul>\n<p>&nbsp;<\/p>\n<ul>\n<li>hogy haz\u00e1nkban a XIX. sz\u00e1zadban jelentek meg az els\u0151 k\u00fclhonb\u00f3l behozott fogkef\u00e9k?<\/li>\n<\/ul>\n<p>&nbsp;<\/p>\n<ul>\n<li>hogy kezdetben a fogkef\u00e9k el\u0151\u00e1ll\u00edt\u00e1s\u00e1ra diszn\u00f3s\u00f6rt\u00e9t haszn\u00e1ltak?<\/li>\n<\/ul>\n<p>&nbsp;<\/p>\n<ul>\n<li>hogy az \u0151sember \u00e1llcsontja er\u0151sebb \u00e9s nagyobb volt, mint a ma \u00e9l\u0151 ember\u00e9, \u00edgy t\u00f6bb hely volt a fogak sz\u00e1m\u00e1ra? \u00c1tlagosan m\u00e9gis a mai emberhez hasonl\u00f3an 32 foguk volt. Ha azonban m\u00e9g messzebb tekint\u00fcnk vissza az \u0151st\u00f6rt\u00e9netben, akkor olyan \u0151seml\u0151s\u00f6ket is tal\u00e1lunk, amelyek 44 foggal rendelkeztek. A fogak sz\u00e1mbeli cs\u00f6kken\u00e9s\u00e9nek az oka, hogy a fejl\u0151d\u00e9s sor\u00e1n a fokozatosan kisebbed\u0151 \u00e1llcsontokban egyre kevesebb hely marad a fogak sz\u00e1m\u00e1ra. A fogak sz\u00e1m\u00e1nak cs\u00f6kken\u00e9si folyamata ma is folytat\u00f3dik, amelyet az is bizony\u00edt, hogy a b\u00f6lcsess\u00e9gfogak egyre gyakrabban hi\u00e1nyoznak.<\/li>\n<\/ul>\n<p>&nbsp;<\/p>\n<ul>\n<li>hogy hogyan lehetett megmenek\u00fclni a szabads\u00e1gharc idej\u00e9n a soroz\u00e1st\u00f3l? Ebben az id\u0151ben gyutacsos pusk\u00e1t haszn\u00e1ltak a katon\u00e1k, amelynek a t\u00f6lt\u00e9nye pap\u00edrtokban volt. Ezt kellett leharapni a l\u00f6v\u00e9s el\u0151tt. A katonai alkalmass\u00e1g felt\u00e9tele \u00edgy t\u00f6bbek k\u00f6z\u00f6tt legal\u00e1bb egy als\u00f3 \u00e9s fels\u0151 egym\u00e1ssal tal\u00e1lkoz\u00f3 fogp\u00e1r volt. Sokan sz\u00e1nd\u00e9kosan h\u00fazatt\u00e1k ki fogaikat, hogy meg\u00fassz\u00e1k a katonai szolg\u00e1latot.<\/li>\n<\/ul>\n<p>&nbsp;<\/p>\n<ul>\n<li>hogy ha fekete fogakr\u00f3l \u00e1lmodik, az betegs\u00e9get jelent, m\u00edg fogorvossal \u00e1lmodni kedvetlens\u00e9g, bossz\u00fas\u00e1g?<\/li>\n<\/ul>\n<p>&nbsp;<\/p>\n<ul>\n<li>hogy ha \u00e1lmodban kiesik a fogad, akkor valaki meghal a csal\u00e1dban.<\/li>\n<\/ul>\n<p>&nbsp;<\/p>\n<ul>\n<li>hogy I. P\u00e9ter orosz c\u00e1r egyik kedvenc id\u0151t\u00f6lt\u00e9se a fogh\u00faz\u00e1s volt? Minden ember kegyvesztett\u00e9 v\u00e1lt az udvarban, aki nem a c\u00e1rral h\u00fazatta ki f\u00e1j\u00f3s fog\u00e1t.<\/li>\n<\/ul>\n<p>&nbsp;<\/p>\n<ul>\n<li>hogy Amerika els\u0151 embere, George Washington kr\u00f3nikus \u00ednygyullad\u00e1sban szenvedett, \u00edgy valamennyi fog\u00e1t el kellett t\u00e1vol\u00edtani, melyek p\u00f3tl\u00e1s\u00e1ra elef\u00e1ntcsontot haszn\u00e1ltak?<\/li>\n<\/ul>\n<p>&nbsp;<\/p>\n<ul>\n<li>hogy a 17-18. sz\u00e1zadi kezdetleges fogorvosi m\u0171szereket a rokk\u00e1hoz \u00e9s varr\u00f3g\u00e9phez hasonl\u00f3an l\u00e1bbal hajtott\u00e1k.<\/li>\n<\/ul>\n<p>&nbsp;<\/p>\n<ul>\n<li>hogy a fogzom\u00e1nc test\u00fcnk legkem\u00e9nyebb r\u00e9sze.<\/li>\n<\/ul>\n<p>&nbsp;<\/p>\n<p>Rem\u00e9lem \u00e9rdekesnek tal\u00e1ltad bejegyz\u00e9s\u00fcnket. Ha k\u00e9rd\u00e9sed van tov\u00e1bbra is fordulj hozz\u00e1nk bizalommal.<\/p>\n<p>&nbsp;<\/p>","protected":false},"excerpt":{"rendered":"<p>A mai blogbejegyz\u00e9sben \u00f6sszeszedt\u00fcnk p\u00e1r \u00e9rdekes dolgot a fogakr\u00f3l, fog\u00e1pol\u00e1sr\u00f3l. Akit kicsit is \u00e9rdekel a fog\u00e1pol\u00e1s annak remek olvasm\u00e1ny lesz a karant\u00e9n idej\u00e9n. V\u00e1gjunk is bele: Tudtad-e, hogy a vil\u00e1g els\u0151 fogorvosa, akinek az ut\u00f3kor ismeri a nev\u00e9t, az i. e. 27. sz\u00e1zadban, Dzs\u00f3szer f\u00e1ra\u00f3 uralkod\u00e1sa alatt tev\u00e9kenyked\u0151 Hesi-Re volt. &nbsp; hogy haz\u00e1nkban a XIX.<a class=\"moretag\" href=\"https:\/\/www.smiledesigncenter.hu\/sk\/templatera\/a-tokeletes-mosolyhoz-csak-egy-idopont-foglalas-hianyzik\/\"> \u2026Pokra\u010dova\u0165 v \u010dl\u00e1nku\u2026<\/a><\/p>","protected":false},"author":2,"featured_media":6591,"comment_status":"closed","ping_status":"closed","sticky":false,"template":"","format":"standard","meta":{"footnotes":"","_joinchat":[]},"categories":[46],"tags":[],"acf":[],"aioseo_notices":[],"_links":{"self":[{"href":"https:\/\/www.smiledesigncenter.hu\/sk\/wp-json\/wp\/v2\/posts\/6590"}],"collection":[{"href":"https:\/\/www.smiledesigncenter.hu\/sk\/wp-json\/wp\/v2\/posts"}],"about":[{"href":"https:\/\/www.smiledesigncenter.hu\/sk\/wp-json\/wp\/v2\/types\/post"}],"author":[{"embeddable":true,"href":"https:\/\/www.smiledesigncenter.hu\/sk\/wp-json\/wp\/v2\/users\/2"}],"replies":[{"embeddable":true,"href":"https:\/\/www.smiledesigncenter.hu\/sk\/wp-json\/wp\/v2\/comments?post=6590"}],"version-history":[{"count":2,"href":"https:\/\/www.smiledesigncenter.hu\/sk\/wp-json\/wp\/v2\/posts\/6590\/revisions"}],"predecessor-version":[{"id":6593,"href":"https:\/\/www.smiledesigncenter.hu\/sk\/wp-json\/wp\/v2\/posts\/6590\/revisions\/6593"}],"wp:featuredmedia":[{"embeddable":true,"href":"https:\/\/www.smiledesigncenter.hu\/sk\/wp-json\/wp\/v2\/media\/6591"}],"wp:attachment":[{"href":"https:\/\/www.smiledesigncenter.hu\/sk\/wp-json\/wp\/v2\/media?parent=6590"}],"wp:term":[{"taxonomy":"category","embeddable":true,"href":"https:\/\/www.smiledesigncenter.hu\/sk\/wp-json\/wp\/v2\/categories?post=6590"},{"taxonomy":"post_tag","embeddable":true,"href":"https:\/\/www.smiledesigncenter.hu\/sk\/wp-json\/wp\/v2\/tags?post=6590"}],"curies":[{"name":"wp","href":"https:\/\/api.w.org\/{rel}","templated":true}]}}